{"id":1349,"date":"2015-03-10T20:30:35","date_gmt":"2015-03-10T19:30:35","guid":{"rendered":"http:\/\/www.marcberthoumieux.com\/blog\/?p=1349"},"modified":"2021-08-08T20:14:12","modified_gmt":"2021-08-08T18:14:12","slug":"marc-berthoumieux-quartet-au-lagny-jazz-festival-mardi-10-mars-2015","status":"publish","type":"post","link":"https:\/\/www.marcberthoumieux.com\/blog\/marc-berthoumieux-quartet-au-lagny-jazz-festival-mardi-10-mars-2015\/","title":{"rendered":"MARC BERTHOUMIEUX QUARTET au LAGNY JAZZ FESTIVAL mardi 10 mars 2015"},"content":{"rendered":"<p style=\"text-align: center;\">\u00a0Dans le cadre du LAGNY JAZZ FESTIVAL, on retrouve l&rsquo;accord\u00e9oniste <strong>Marc BERTHOUMIEUX<\/strong>\u00a0avec pour la premi\u00e8re fois\u00a0:\u00a0<strong>Gr\u00e9gory PRIVAT\u00a0(Piano) et\u00a0<\/strong><strong>Gilles COQUARD\u00a0(Basse)<\/strong> et son comp\u00e8re de longue date\u00a0<strong>St\u00e9phane HUCHARD (Batterie)<\/strong><\/p>\n<p style=\"text-align: center;\">A noter en Premi\u00e8re partie :<\/p>\n<p style=\"text-align: center;\"><strong>NO\u00c9 HUCHARD TRIO<\/strong><\/p>\n<p style=\"text-align: center;\">\n<p style=\"text-align: center;\"><a href=\"https:\/\/www.marcberthoumieux.com\/blog\/marc-berthoumieux-quartet-au-jazz-festival-de-lagny-mardi-jazz-2015-mardi-10-mars-2015\/mardijazzlagny2015\/\" rel=\"attachment wp-att-1350\"><img loading=\"lazy\" decoding=\"async\" class=\"size-full wp-image-1350 aligncenter\" src=\"https:\/\/www.marcberthoumieux.com\/blog\/wp-content\/uploads\/2014\/10\/MardiJazzLagny2015.png\" alt=\"MardiJazzLagny2015\" width=\"184\" height=\"183\" srcset=\"https:\/\/www.marcberthoumieux.com\/blog\/wp-content\/uploads\/2014\/10\/MardiJazzLagny2015.png 184w, https:\/\/www.marcberthoumieux.com\/blog\/wp-content\/uploads\/2014\/10\/MardiJazzLagny2015-150x150.png 150w\" sizes=\"auto, (max-width: 184px) 100vw, 184px\" \/><\/a><a href=\"https:\/\/www.marcberthoumieux.com\/blog\/marc-berthoumieux-quartet-au-jazz-festival-de-lagny-mardi-jazz-2015-mardi-10-mars-2015\/gregory-privat\/\" rel=\"attachment wp-att-1846\"><img loading=\"lazy\" decoding=\"async\" class=\"aligncenter size-medium wp-image-1846\" src=\"https:\/\/www.marcberthoumieux.com\/blog\/wp-content\/uploads\/2015\/03\/gregory-privat-300x286.jpg\" alt=\"gregory-privat\" width=\"300\" height=\"286\" \/><\/a><a href=\"https:\/\/www.marcberthoumieux.com\/blog\/marc-berthoumieux-quartet-au-jazz-festival-de-lagny-mardi-jazz-2015-mardi-10-mars-2015\/noe-huchard\/\" rel=\"attachment wp-att-1847\"><br \/>\n<\/a><a href=\"https:\/\/www.marcberthoumieux.com\/blog\/marc-berthoumieux-quartet-au-jazz-festival-de-lagny-mardi-jazz-2015-mardi-10-mars-2015\/gilles-coquard\/\" rel=\"attachment wp-att-1849\"><img loading=\"lazy\" decoding=\"async\" class=\"aligncenter size-full wp-image-1849\" src=\"https:\/\/www.marcberthoumieux.com\/blog\/wp-content\/uploads\/2015\/03\/Gilles-Coquard.jpg\" alt=\"Gilles Coquard\" width=\"299\" height=\"300\" srcset=\"https:\/\/www.marcberthoumieux.com\/blog\/wp-content\/uploads\/2015\/03\/Gilles-Coquard.jpg 299w, https:\/\/www.marcberthoumieux.com\/blog\/wp-content\/uploads\/2015\/03\/Gilles-Coquard-150x150.jpg 150w\" sizes=\"auto, (max-width: 299px) 100vw, 299px\" \/><\/a><\/p>\n<p style=\"text-align: center;\"><a href=\"https:\/\/www.marcberthoumieux.com\/blog\/marc-berthoumieux-quartet-au-jazz-festival-de-lagny-mardi-jazz-2015-mardi-10-mars-2015\/stephanehuchard3\/\" rel=\"attachment wp-att-1848\"><img loading=\"lazy\" decoding=\"async\" class=\"aligncenter size-medium wp-image-1848\" src=\"https:\/\/www.marcberthoumieux.com\/blog\/wp-content\/uploads\/2015\/03\/StephaneHuchard3-300x273.jpg\" alt=\"StephaneHuchard3\" width=\"300\" height=\"273\" srcset=\"https:\/\/www.marcberthoumieux.com\/blog\/wp-content\/uploads\/2015\/03\/StephaneHuchard3-300x273.jpg 300w, https:\/\/www.marcberthoumieux.com\/blog\/wp-content\/uploads\/2015\/03\/StephaneHuchard3.jpg 471w\" sizes=\"auto, (max-width: 300px) 100vw, 300px\" \/><\/a><\/p>\n<p style=\"text-align: center;\">\n<p style=\"text-align: center;\"><img loading=\"lazy\" decoding=\"async\" class=\"aligncenter size-medium wp-image-1847\" src=\"https:\/\/www.marcberthoumieux.com\/blog\/wp-content\/uploads\/2015\/03\/No\u00e9-Huchard-300x300.jpg\" alt=\"No\u00e9 Huchard\" width=\"300\" height=\"300\" srcset=\"https:\/\/www.marcberthoumieux.com\/blog\/wp-content\/uploads\/2015\/03\/No\u00e9-Huchard-300x300.jpg 300w, https:\/\/www.marcberthoumieux.com\/blog\/wp-content\/uploads\/2015\/03\/No\u00e9-Huchard-150x150.jpg 150w, https:\/\/www.marcberthoumieux.com\/blog\/wp-content\/uploads\/2015\/03\/No\u00e9-Huchard.jpg 512w\" sizes=\"auto, (max-width: 300px) 100vw, 300px\" \/><\/p>\n<p style=\"text-align: center;\"><strong>NO\u00c9 HUCHARD<\/strong><\/p>\n<p style=\"text-align: center;\">\n<p style=\"text-align: center;\"><a href=\"http:\/\/www.lagnyjazzfestival.com\">http:\/\/www.lagnyjazzfestival.com<\/a><\/p>\n","protected":false},"excerpt":{"rendered":"<p>\u00a0Dans le cadre du LAGNY JAZZ FESTIVAL, on retrouve l&rsquo;accord\u00e9oniste Marc BERTHOUMIEUX\u00a0avec pour la premi\u00e8re fois\u00a0:\u00a0Gr\u00e9gory PRIVAT\u00a0(Piano) et\u00a0Gilles COQUARD\u00a0(Basse) et son comp\u00e8re de longue date\u00a0St\u00e9phane HUCHARD (Batterie) A noter en Premi\u00e8re partie : NO\u00c9 HUCHARD TRIO NO\u00c9 HUCHARD http:\/\/www.lagnyjazzfestival.com<\/p>\n","protected":false},"author":1,"featured_media":1350,"comment_status":"closed","ping_status":"open","sticky":false,"template":"","format":"standard","meta":{"footnotes":""},"categories":[3],"tags":[142,11,103,105,34],"class_list":["post-1349","post","type-post","status-publish","format-standard","has-post-thumbnail","hentry","category-01-concerts","tag-01-concerts","tag-festival","tag-gilles-coquard","tag-gregory-privat","tag-stephane-huchard"],"_links":{"self":[{"href":"https:\/\/www.marcberthoumieux.com\/blog\/wp-json\/wp\/v2\/posts\/1349","targetHints":{"allow":["GET"]}}],"collection":[{"href":"https:\/\/www.marcberthoumieux.com\/blog\/wp-json\/wp\/v2\/posts"}],"about":[{"href":"https:\/\/www.marcberthoumieux.com\/blog\/wp-json\/wp\/v2\/types\/post"}],"author":[{"embeddable":true,"href":"https:\/\/www.marcberthoumieux.com\/blog\/wp-json\/wp\/v2\/users\/1"}],"replies":[{"embeddable":true,"href":"https:\/\/www.marcberthoumieux.com\/blog\/wp-json\/wp\/v2\/comments?post=1349"}],"version-history":[{"count":8,"href":"https:\/\/www.marcberthoumieux.com\/blog\/wp-json\/wp\/v2\/posts\/1349\/revisions"}],"predecessor-version":[{"id":1850,"href":"https:\/\/www.marcberthoumieux.com\/blog\/wp-json\/wp\/v2\/posts\/1349\/revisions\/1850"}],"wp:featuredmedia":[{"embeddable":true,"href":"https:\/\/www.marcberthoumieux.com\/blog\/wp-json\/wp\/v2\/media\/1350"}],"wp:attachment":[{"href":"https:\/\/www.marcberthoumieux.com\/blog\/wp-json\/wp\/v2\/media?parent=1349"}],"wp:term":[{"taxonomy":"category","embeddable":true,"href":"https:\/\/www.marcberthoumieux.com\/blog\/wp-json\/wp\/v2\/categories?post=1349"},{"taxonomy":"post_tag","embeddable":true,"href":"https:\/\/www.marcberthoumieux.com\/blog\/wp-json\/wp\/v2\/tags?post=1349"}],"curies":[{"name":"wp","href":"https:\/\/api.w.org\/{rel}","templated":true}]}}