{"id":1747,"date":"2008-06-20T16:00:00","date_gmt":"2008-06-20T14:00:00","guid":{"rendered":"http:\/\/www.marcberthoumieux.com\/blog\/?p=1747"},"modified":"2021-08-09T17:52:33","modified_gmt":"2021-08-09T15:52:33","slug":"cine-concert-pour-la-ceremonie-de-cloture-du-festival-cote-court-de-pantin-2008","status":"publish","type":"post","link":"https:\/\/www.marcberthoumieux.com\/blog\/cine-concert-pour-la-ceremonie-de-cloture-du-festival-cote-court-de-pantin-2008\/","title":{"rendered":"Cin\u00e9-Concert pour la c\u00e9r\u00e9monie de cl\u00f4ture du Festival C\u00f4t\u00e9 Court de Pantin 2008"},"content":{"rendered":"<p><strong>Marc Berthoumieux en \u00ab\u00a0Cin\u00e9-Concert\u00a0\u00bb le 20 juin 2008<\/strong><\/p>\n<p>Depuis 2000, Marc Berthoumieux accompagne en improvisation<br \/>\nune s\u00e9lection de films muets lors de la c\u00e9r\u00e9monie de cl\u00f4ture du Festival C\u00f4t\u00e9 Court de Pantin.<br \/>\nCette ann\u00e9e encore, il \u00e9tait pr\u00e9sent pour cette manifestation.<\/p>\n<p><img loading=\"lazy\" decoding=\"async\" class=\"imageStyle aligncenter\" src=\"https:\/\/www.marcberthoumieux.com\/blog\/wp-content\/uploads\/old_blog\/page40_blog_entry28_1.png\" alt=\"\" width=\"549\" height=\"124\" \/><\/p>\n<p><img loading=\"lazy\" decoding=\"async\" class=\"imageStyle aligncenter\" src=\"https:\/\/www.marcberthoumieux.com\/blog\/wp-content\/uploads\/old_blog\/page40_blog_entry28_2.jpg\" alt=\"\" width=\"570\" height=\"570\" \/><\/p>\n<pre><img loading=\"lazy\" decoding=\"async\" class=\"imageStyle aligncenter\" src=\"https:\/\/www.marcberthoumieux.com\/blog\/wp-content\/uploads\/old_blog\/page40_blog_entry28_3.jpg\" alt=\"\" width=\"570\" height=\"359\" \/>\n<span style=\"font-size: 10px; color: #d9a094;\"><em>Photo : Sonia Berthoumieux<\/em><\/span><span style=\"font-size: 10px; color: #d9a094;\">\n<\/span><span style=\"font-size: 15px; font-weight: bold;\"><em>\nFestival C\u00f4t\u00e9 Court<\/em><\/span><span style=\"font-size: 15px;\"><em>\n<\/em><\/span><em>104, Av Jean Lolive 93500 Pantin\nT\u00e9l : <\/em><span style=\"font-size: 14px; font-weight: bold;\"><em>01 48 91 24 91<\/em><\/span><em> - Fax : 01 48 91 24 28\nEmail : contact@cotecourt.org\n<\/em><\/pre>\n","protected":false},"excerpt":{"rendered":"<p>Marc Berthoumieux en \u00ab\u00a0Cin\u00e9-Concert\u00a0\u00bb le 20 juin 2008 Depuis 2000, Marc Berthoumieux accompagne en improvisation une s\u00e9lection de films muets lors de la c\u00e9r\u00e9monie de cl\u00f4ture du Festival C\u00f4t\u00e9 Court de Pantin. Cette ann\u00e9e encore, il \u00e9tait pr\u00e9sent pour cette manifestation. Photo : Sonia Berthoumieux Festival C\u00f4t\u00e9 Court 104, Av Jean Lolive 93500 Pantin T\u00e9l [&hellip;]<\/p>\n","protected":false},"author":1,"featured_media":1476,"comment_status":"closed","ping_status":"open","sticky":false,"template":"","format":"standard","meta":{"footnotes":""},"categories":[3],"tags":[95],"class_list":["post-1747","post","type-post","status-publish","format-standard","has-post-thumbnail","hentry","category-01-concerts","tag-cine-concert"],"_links":{"self":[{"href":"https:\/\/www.marcberthoumieux.com\/blog\/wp-json\/wp\/v2\/posts\/1747","targetHints":{"allow":["GET"]}}],"collection":[{"href":"https:\/\/www.marcberthoumieux.com\/blog\/wp-json\/wp\/v2\/posts"}],"about":[{"href":"https:\/\/www.marcberthoumieux.com\/blog\/wp-json\/wp\/v2\/types\/post"}],"author":[{"embeddable":true,"href":"https:\/\/www.marcberthoumieux.com\/blog\/wp-json\/wp\/v2\/users\/1"}],"replies":[{"embeddable":true,"href":"https:\/\/www.marcberthoumieux.com\/blog\/wp-json\/wp\/v2\/comments?post=1747"}],"version-history":[{"count":1,"href":"https:\/\/www.marcberthoumieux.com\/blog\/wp-json\/wp\/v2\/posts\/1747\/revisions"}],"predecessor-version":[{"id":4075,"href":"https:\/\/www.marcberthoumieux.com\/blog\/wp-json\/wp\/v2\/posts\/1747\/revisions\/4075"}],"wp:featuredmedia":[{"embeddable":true,"href":"https:\/\/www.marcberthoumieux.com\/blog\/wp-json\/wp\/v2\/media\/1476"}],"wp:attachment":[{"href":"https:\/\/www.marcberthoumieux.com\/blog\/wp-json\/wp\/v2\/media?parent=1747"}],"wp:term":[{"taxonomy":"category","embeddable":true,"href":"https:\/\/www.marcberthoumieux.com\/blog\/wp-json\/wp\/v2\/categories?post=1747"},{"taxonomy":"post_tag","embeddable":true,"href":"https:\/\/www.marcberthoumieux.com\/blog\/wp-json\/wp\/v2\/tags?post=1747"}],"curies":[{"name":"wp","href":"https:\/\/api.w.org\/{rel}","templated":true}]}}