{"id":1763,"date":"2009-07-08T12:00:00","date_gmt":"2009-07-08T10:00:00","guid":{"rendered":"http:\/\/www.marcberthoumieux.com\/blog\/?p=1763"},"modified":"2021-08-09T18:59:44","modified_gmt":"2021-08-09T16:59:44","slug":"serie-de-concerts-avec-melanie-dahan-pour-son-album-la-princesse-et-les-croque-notes","status":"publish","type":"post","link":"https:\/\/www.marcberthoumieux.com\/blog\/serie-de-concerts-avec-melanie-dahan-pour-son-album-la-princesse-et-les-croque-notes\/","title":{"rendered":"S\u00e9rie de concerts avec M\u00e9lanie DAHAN pour son album \u00ab\u00a0La Princesse et les Croque-notes\u00a0\u00bb"},"content":{"rendered":"<p style=\"text-align: center;\">PROCHAINS CONCERTS :<\/p>\n<p style=\"text-align: center;\">\u2022 23 juillet 2009 : Caves de Rabastens (81)<\/p>\n<p style=\"text-align: center;\"><strong><img loading=\"lazy\" decoding=\"async\" class=\"imageStyle\" src=\"https:\/\/www.marcberthoumieux.com\/blog\/wp-content\/uploads\/old_blog\/page40_blog_entry25_1.png\" alt=\"\" width=\"332\" height=\"332\" \/><\/strong><br \/>\n<span style=\"font-size: 14px; font-weight: bold;\"><br \/>\n<\/span><strong><img loading=\"lazy\" decoding=\"async\" class=\"imageStyle\" src=\"https:\/\/www.marcberthoumieux.com\/blog\/wp-content\/uploads\/old_blog\/page40_blog_entry25_2.png\" alt=\"\" width=\"488\" height=\"284\" \/><\/strong><\/p>\n<p style=\"text-align: center;\"><span style=\"font-size: 13px;\">Jeudi 23 juillet 2009 &#8211; Cave de Rabastens (Tarn)<\/span><span style=\"font-size: 10px;\"><br \/>\n<\/span><br \/>\n<strong><em>Autres concerts :<br \/>\n\u2022 23 septembre 2009 : Orl\u00e9ans<br \/>\n\u2022 17 octobre 2009 : Rambouillet<br \/>\n\u2022 22 octobre 2009 : Sochaux<\/em><\/strong><span style=\"font-size: 14px; font-weight: bold;\"><br \/>\n<\/span><br \/>\n<span style=\"font-size: 10px;\"><em>autres concerts pass\u00e9s :<br \/>\n<\/em><\/span> <em>\u2022 16 juin 2009 : Eaubonne (95)<\/em><span style=\"font-size: 10px;\"><em><br \/>\n<\/em><\/span><em>\u2022 2 avril 2009 : St Cloud (92)<\/em><span style=\"font-size: 8px;\"><em><br \/>\n<\/em><\/span><em>\u2022 6 mai 2009 : Nogent sur Hte Marne &#8211; Festival Bernard Dimey (52)<\/em><span style=\"font-size: 8px;\"><em><br \/>\n<\/em><\/span><em>\u2022 11 &amp; 12 mars 2009 : Annecy (74)<br \/>\n\u2022 13 mars 2009 : Chamb\u00e9ry (73)<\/em><span style=\"font-size: 10px;\"><em><br \/>\n<\/em><\/span><em>\u2022 14 d\u00e9cembre 2008 : Ducs des Lombard (Paris)<\/em><span style=\"font-size: 14px;\"><br \/>\n<\/span><em>\u2022 11 d\u00e9cembre 2008 : Pierrelaye (95)<br \/>\n\u2022 18 octobre 2008 : Bry sur Marne<br \/>\n\u2022 26 juin 2008 : \u00e0 l&rsquo;ARCHIPEL<br \/>\n\u2022 29 mai 2008 : au SUNSIDE<br \/>\n\u2022 13 avril 2008 : au Ducs des Lombards<br \/>\n\u2022 10 avril 2008 : aux Mureaux<br \/>\n<\/em><br \/>\n<span style=\"font-size: 14px; font-weight: bold;\">GIOVANNI MIRABASSI<\/span><span style=\"font-size: 14px;\"> (Piano) &#8211; <\/span><span style=\"font-size: 14px; font-weight: bold;\">MARC BERTHOUMIEUX<\/span><span style=\"font-size: 14px;\"> (Accord\u00e9on) &#8211;<br \/>\n<\/span><span style=\"font-size: 14px; font-weight: bold;\">MARC-MICHEL LE BEVILLON<\/span> <span style=\"font-size: 14px;\">(Contrebasse) &#8211; <\/span><span style=\"font-size: 14px; font-weight: bold;\">MATTHIEU CHAZARENC<\/span><span style=\"font-size: 14px;\"> (Batterie)<\/span><\/p>\n<p style=\"text-align: center;\"><img loading=\"lazy\" decoding=\"async\" class=\"imageStyle\" src=\"https:\/\/www.marcberthoumieux.com\/blog\/wp-content\/uploads\/old_blog\/page40_blog_entry25_3.jpg\" alt=\"\" width=\"472\" height=\"458\" \/><\/p>\n<p style=\"text-align: center;\">Sunside en mai 2008<br \/>\n<img loading=\"lazy\" decoding=\"async\" class=\"imageStyle\" src=\"https:\/\/www.marcberthoumieux.com\/blog\/wp-content\/uploads\/old_blog\/page40_blog_entry25_4.png\" alt=\"\" width=\"484\" height=\"320\" \/><img loading=\"lazy\" decoding=\"async\" class=\"imageStyle\" src=\"https:\/\/www.marcberthoumieux.com\/blog\/wp-content\/uploads\/old_blog\/page40_blog_entry25_5.png\" alt=\"\" width=\"308\" height=\"467\" \/><br \/>\n<img loading=\"lazy\" decoding=\"async\" class=\"imageStyle\" src=\"https:\/\/www.marcberthoumieux.com\/blog\/wp-content\/uploads\/old_blog\/page40_blog_entry25_6.png\" alt=\"\" width=\"375\" height=\"361\" \/><img loading=\"lazy\" decoding=\"async\" class=\"imageStyle\" src=\"https:\/\/www.marcberthoumieux.com\/blog\/wp-content\/uploads\/old_blog\/page40_blog_entry25_7.png\" alt=\"\" width=\"331\" height=\"270\" \/><img loading=\"lazy\" decoding=\"async\" class=\"imageStyle\" src=\"https:\/\/www.marcberthoumieux.com\/blog\/wp-content\/uploads\/old_blog\/page40_blog_entry25_8.png\" alt=\"\" width=\"359\" height=\"340\" \/><\/p>\n<p style=\"text-align: center;\"><span style=\"font-size: 15px;\">Communiqu\u00e9 de presse : <\/span><span style=\"font: 1px Times-Roman;\"><br \/>\n<\/span><span style=\"color: #000000;\"><span style=\"font-style: normal; font-variant-caps: normal; font-stretch: normal; font-size: 14px; line-height: normal; font-family: Arial, Verdana, Helvetica, sans-serif; font-weight: bold;\">M\u00e9lanie DAHAN Quintet featuring Giovanni MIRABASSI &amp; Marc BERTHOUMIEUX pour la sortie de l<\/span><span style=\"font-size: 14px; font-weight: bold;\">\u2019<\/span><span style=\"font-style: normal; font-variant-caps: normal; font-stretch: normal; font-size: 14px; line-height: normal; font-family: Arial, Verdana, Helvetica, sans-serif; font-weight: bold;\">album \u00ab\u00a0la princesse et les croque-notes\u00a0\u00bb chez Cristal<\/span><span style=\"font: 1px Times-Roman;\"><\/p>\n<p><\/span><span style=\"font-style: normal; font-variant-caps: normal; font-weight: normal; font-stretch: normal; font-size: 11px; line-height: normal; font-family: Arial, Verdana, Helvetica, sans-serif;\">Giovanni MIRABASSI &#8211; piano ; Marc BERTHOUMIEUX &#8211; accord\u00e9on ; Matthieu CHAZARENC &#8211; batterie ; Marc Michel LE BEVILLON &#8211; c.basse ; M\u00e9lanie DAHAN &#8211; vocal<\/span><span style=\"font-style: normal; font-variant-caps: normal; font-weight: normal; font-stretch: normal; font-size: 1px; line-height: normal; font-family: Times-Roman;\"><br \/>\n<\/span><span style=\"font: 1px Times-Roman;\"><br \/>\n<\/span><span style=\"font-size: 11px;\"><em>\u00ab\u00a0La princesse s\u2019habille \u2013 belle garde-robe \u2013 des chansons de Dimey, Aznavour, Ferr\u00e9, Brassens\u2026Elle marche dans les pas des plus grands d\u2019hier, en s\u2019entourant des plus grands d\u2019aujourd\u2019hui. Elle pose son phras\u00e9 jazz dans les all\u00e9es r\u00e9guli\u00e8res de la vraie chanson fran\u00e7aise o\u00f9 l\u2019on y d\u00e9couvre des reprises joliment taill\u00e9es en standards de jazz. Un jazz subtil approch\u00e9 avec art et \u00e9l\u00e9gance\u2026 Un Album d\u2019une grande unit\u00e9 de ton, \u00e0 la fois grave et profond, l\u00e9ger et frais, rond et chaud. Le r\u00e9sultat est beau et g\u00e9n\u00e9reux.\u00a0\u00bb<\/em><\/span><\/span><\/p>\n","protected":false},"excerpt":{"rendered":"<p>PROCHAINS CONCERTS : \u2022 23 juillet 2009 : Caves de Rabastens (81) Jeudi 23 juillet 2009 &#8211; Cave de Rabastens (Tarn) Autres concerts : \u2022 23 septembre 2009 : Orl\u00e9ans \u2022 17 octobre 2009 : Rambouillet \u2022 22 octobre 2009 : Sochaux autres concerts pass\u00e9s : \u2022 16 juin 2009 : Eaubonne (95) \u2022 2 [&hellip;]<\/p>\n","protected":false},"author":1,"featured_media":3443,"comment_status":"closed","ping_status":"open","sticky":false,"template":"","format":"standard","meta":{"footnotes":""},"categories":[3],"tags":[142,18,251,297,66],"class_list":["post-1763","post","type-post","status-publish","format-standard","has-post-thumbnail","hentry","category-01-concerts","tag-01-concerts","tag-giovanni-mirabassi","tag-marc-michel-lebevillion","tag-matthieu-chazarenc","tag-melanie-dahan"],"_links":{"self":[{"href":"https:\/\/www.marcberthoumieux.com\/blog\/wp-json\/wp\/v2\/posts\/1763","targetHints":{"allow":["GET"]}}],"collection":[{"href":"https:\/\/www.marcberthoumieux.com\/blog\/wp-json\/wp\/v2\/posts"}],"about":[{"href":"https:\/\/www.marcberthoumieux.com\/blog\/wp-json\/wp\/v2\/types\/post"}],"author":[{"embeddable":true,"href":"https:\/\/www.marcberthoumieux.com\/blog\/wp-json\/wp\/v2\/users\/1"}],"replies":[{"embeddable":true,"href":"https:\/\/www.marcberthoumieux.com\/blog\/wp-json\/wp\/v2\/comments?post=1763"}],"version-history":[{"count":1,"href":"https:\/\/www.marcberthoumieux.com\/blog\/wp-json\/wp\/v2\/posts\/1763\/revisions"}],"predecessor-version":[{"id":4099,"href":"https:\/\/www.marcberthoumieux.com\/blog\/wp-json\/wp\/v2\/posts\/1763\/revisions\/4099"}],"wp:featuredmedia":[{"embeddable":true,"href":"https:\/\/www.marcberthoumieux.com\/blog\/wp-json\/wp\/v2\/media\/3443"}],"wp:attachment":[{"href":"https:\/\/www.marcberthoumieux.com\/blog\/wp-json\/wp\/v2\/media?parent=1763"}],"wp:term":[{"taxonomy":"category","embeddable":true,"href":"https:\/\/www.marcberthoumieux.com\/blog\/wp-json\/wp\/v2\/categories?post=1763"},{"taxonomy":"post_tag","embeddable":true,"href":"https:\/\/www.marcberthoumieux.com\/blog\/wp-json\/wp\/v2\/tags?post=1763"}],"curies":[{"name":"wp","href":"https:\/\/api.w.org\/{rel}","templated":true}]}}