{"id":1770,"date":"2009-03-24T20:30:00","date_gmt":"2009-03-24T19:30:00","guid":{"rendered":"http:\/\/www.marcberthoumieux.com\/blog\/?p=1770"},"modified":"2021-08-09T20:12:07","modified_gmt":"2021-08-09T18:12:07","slug":"concert-en-invite-du-groupe-de-louis-winsberg-trio-2009","status":"publish","type":"post","link":"https:\/\/www.marcberthoumieux.com\/blog\/concert-en-invite-du-groupe-de-louis-winsberg-trio-2009\/","title":{"rendered":"Concert en invit\u00e9 du groupe de Louis Winsberg TRIO (2009)"},"content":{"rendered":"\n<p class=\"has-medium-font-size\"><strong>Concert en invit\u00e9 du groupe de Louis Winsberg TRIO le 24 mars 2009<\/strong><\/p>\n\n\n<p>1997, sortie de l&rsquo;album \u00ab\u00a0LA DANSE DU VENT\u00a0\u00bb de LOUIS WINSBERG<br \/>Douze ans plus tard, le groupe venant de cet album existe toujours !<br \/>Concert <strong>au S\u00e9maphore \u00e0 Cebazat<\/strong> (63 &#8211; pr\u00e8s de Clermont Ferrand)<br \/><strong>le 24 mars 2009<\/strong><\/p>\n<p><img loading=\"lazy\" decoding=\"async\" class=\"imageStyle\" src=\"https:\/\/www.marcberthoumieux.com\/blog\/wp-content\/uploads\/old_blog\/page40_blog_entry39_1.png\" alt=\"\" width=\"581\" height=\"477\" \/><br \/><span style=\"font-size: 11px;\"><em><br \/><\/em><\/span><span style=\"font-size: 11px; font-weight: bold;\"><em>Louis Winsberg <\/em><\/span><span style=\"font-size: 11px;\"><em>&#8211; Guitare<br \/><\/em><\/span><span style=\"font-size: 11px; font-weight: bold;\"><em>St\u00e9phane Huchard<\/em><\/span><span style=\"font-size: 11px;\"><em> &#8211; Batterie<br \/><\/em><\/span><span style=\"font-size: 11px; font-weight: bold;\"><em>J\u00e9r\u00f4me Regard<\/em><\/span><span style=\"font-size: 11px;\"><em> &#8211; Contrebasse<br \/><\/em><\/span><span style=\"font-size: 11px; font-weight: bold;\"><em>Norbet Lucarain<\/em><\/span><span style=\"font-size: 11px;\"><em> &#8211; Vibraphone<br \/><\/em><\/span><span style=\"font-size: 11px; font-weight: bold;\"><em>Marc Berthoumieux<\/em><\/span><span style=\"font-size: 11px;\"><em> &#8211; Accord\u00e9on<br \/><\/em><\/span><\/p>\n\n","protected":false},"excerpt":{"rendered":"<p>Concert en invit\u00e9 du groupe de Louis Winsberg TRIO le 24 mars 2009 1997, sortie de l&rsquo;album \u00ab\u00a0LA DANSE DU VENT\u00a0\u00bb de LOUIS WINSBERGDouze ans plus tard, le groupe venant de cet album existe toujours !Concert au S\u00e9maphore \u00e0 Cebazat (63 &#8211; pr\u00e8s de Clermont Ferrand)le 24 mars 2009 Louis Winsberg &#8211; GuitareSt\u00e9phane Huchard &#8211; [&hellip;]<\/p>\n","protected":false},"author":1,"featured_media":3407,"comment_status":"closed","ping_status":"open","sticky":false,"template":"","format":"standard","meta":{"footnotes":""},"categories":[3],"tags":[142,75,10,302,34],"class_list":["post-1770","post","type-post","status-publish","format-standard","has-post-thumbnail","hentry","category-01-concerts","tag-01-concerts","tag-jerome-regard","tag-louis-winsberg","tag-norbert-lucarain","tag-stephane-huchard"],"_links":{"self":[{"href":"https:\/\/www.marcberthoumieux.com\/blog\/wp-json\/wp\/v2\/posts\/1770","targetHints":{"allow":["GET"]}}],"collection":[{"href":"https:\/\/www.marcberthoumieux.com\/blog\/wp-json\/wp\/v2\/posts"}],"about":[{"href":"https:\/\/www.marcberthoumieux.com\/blog\/wp-json\/wp\/v2\/types\/post"}],"author":[{"embeddable":true,"href":"https:\/\/www.marcberthoumieux.com\/blog\/wp-json\/wp\/v2\/users\/1"}],"replies":[{"embeddable":true,"href":"https:\/\/www.marcberthoumieux.com\/blog\/wp-json\/wp\/v2\/comments?post=1770"}],"version-history":[{"count":1,"href":"https:\/\/www.marcberthoumieux.com\/blog\/wp-json\/wp\/v2\/posts\/1770\/revisions"}],"predecessor-version":[{"id":4117,"href":"https:\/\/www.marcberthoumieux.com\/blog\/wp-json\/wp\/v2\/posts\/1770\/revisions\/4117"}],"wp:featuredmedia":[{"embeddable":true,"href":"https:\/\/www.marcberthoumieux.com\/blog\/wp-json\/wp\/v2\/media\/3407"}],"wp:attachment":[{"href":"https:\/\/www.marcberthoumieux.com\/blog\/wp-json\/wp\/v2\/media?parent=1770"}],"wp:term":[{"taxonomy":"category","embeddable":true,"href":"https:\/\/www.marcberthoumieux.com\/blog\/wp-json\/wp\/v2\/categories?post=1770"},{"taxonomy":"post_tag","embeddable":true,"href":"https:\/\/www.marcberthoumieux.com\/blog\/wp-json\/wp\/v2\/tags?post=1770"}],"curies":[{"name":"wp","href":"https:\/\/api.w.org\/{rel}","templated":true}]}}