{"id":1773,"date":"2010-07-14T20:30:00","date_gmt":"2010-07-14T18:30:00","guid":{"rendered":"http:\/\/www.marcberthoumieux.com\/blog\/?p=1773"},"modified":"2021-08-13T00:27:20","modified_gmt":"2021-08-12T22:27:20","slug":"90-minutes-consacrees-a-laccordeon-sur-france-2-le-14-juillet-2010","status":"publish","type":"post","link":"https:\/\/www.marcberthoumieux.com\/blog\/90-minutes-consacrees-a-laccordeon-sur-france-2-le-14-juillet-2010\/","title":{"rendered":"90 minutes consacr\u00e9es \u00e0 l&rsquo;accord\u00e9on sur FRANCE 2 le 14 juillet 2010"},"content":{"rendered":"<p><img loading=\"lazy\" decoding=\"async\" class=\"imageStyle aligncenter\" src=\"https:\/\/www.marcberthoumieux.com\/blog\/wp-content\/uploads\/old_blog\/logo-france-te0301le0301vision.png\" alt=\"\" width=\"136\" height=\"75\" \/> <img loading=\"lazy\" decoding=\"async\" class=\"imageStyle aligncenter\" src=\"https:\/\/www.marcberthoumieux.com\/blog\/wp-content\/uploads\/old_blog\/100px-logo_france2_2008-1.png\" alt=\"\" width=\"44\" height=\"70\" \/><\/p>\n<p style=\"text-align: center;\">pr\u00e9sente<\/p>\n<p style=\"text-align: left;\">\n<span style=\"font-size: 16px;\"><br \/>\n<strong>Marc Berthoumieux, Bernard Lubat, Yohann Juhel, Ang\u00e9lique et l\u2019accord\u00e9on club des Flandres<\/strong><\/span><\/p>\n<p style=\"text-align: left;\">Reportages crois\u00e9s de tous ces artistes et rencontres musicales sur un plateau de t\u00e9l\u00e9vision&#8230;<\/p>\n<p style=\"text-align: center;\"><img loading=\"lazy\" decoding=\"async\" class=\"imageStyle aligncenter\" title=\"Marc Berthoumieux et Bernard Lubat\" src=\"https:\/\/www.marcberthoumieux.com\/blog\/wp-content\/uploads\/old_blog\/watermark-2.aspx.jpeg\" alt=\"Marc Berthoumieux et Bernard Lubat\" width=\"650\" height=\"434\" \/><\/p>\n<p style=\"text-align: center;\"><img loading=\"lazy\" decoding=\"async\" class=\"imageStyle\" src=\"https:\/\/www.marcberthoumieux.com\/blog\/wp-content\/uploads\/old_blog\/watermark-3.aspx.jpeg\" alt=\"\" width=\"650\" height=\"434\" \/><\/p>\n<p style=\"text-align: center;\"><img loading=\"lazy\" decoding=\"async\" class=\"imageStyle\" src=\"https:\/\/www.marcberthoumieux.com\/blog\/wp-content\/uploads\/old_blog\/watermark.aspx.jpeg\" alt=\"\" width=\"650\" height=\"975\" \/><\/p>\n<p style=\"text-align: center;\"><img loading=\"lazy\" decoding=\"async\" class=\"imageStyle\" src=\"https:\/\/www.marcberthoumieux.com\/blog\/wp-content\/uploads\/old_blog\/watermark-4.aspx.jpeg\" alt=\"\" width=\"650\" height=\"434\" \/><\/p>\n<p style=\"text-align: center;\"><img loading=\"lazy\" decoding=\"async\" class=\"imageStyle\" src=\"https:\/\/www.marcberthoumieux.com\/blog\/wp-content\/uploads\/old_blog\/watermark-5.aspx.jpeg\" alt=\"\" width=\"650\" height=\"434\" \/><\/p>\n<pre><img loading=\"lazy\" decoding=\"async\" class=\"imageStyle\" src=\"https:\/\/www.marcberthoumieux.com\/blog\/wp-content\/uploads\/old_blog\/watermark-1.aspx.jpeg\" alt=\"\" width=\"650\" height=\"434\" \/>\n\n<span style=\"font-style: normal; font-variant-caps: normal; font-stretch: normal; font-size: 20px; line-height: normal; font-family: Arial, Verdana, Helvetica, sans-serif; font-weight: bold;\">\n\nEXTRAIT DU COMMUNIQU\u00c9 DE PRESSE :<\/span>\n\n<span style=\"font-size: 18px;\">Mercredi 14 juillet 2010 \u00e0 22h05<\/span>\n\n<span style=\"font: 35px Arial, Verdana, Helvetica, sans-serif; font-weight: bold; color: #fb0008;\">ACCORDEONS-NOUS\u00a0!\n<\/span>\n\n<span style=\"font-size: 22px;\">Un documentaire culturel\npr\u00e9sent\u00e9 par Christophe Hondelatte<\/span><span style=\"font-size: 13px;\">\npr\u00e9par\u00e9 par Ga\u00eblle Germain\nr\u00e9alis\u00e9 par\u00a0Bernard Faroux\nproduit par Pitch TV et 17 Juin Media\n<\/span>\nUnit\u00e9 Musique et Spectacles vivants\u00a0: Nicolas Auboyneau \/ Monique Renaud<\/pre>\n<p style=\"text-align: left;\"><span style=\"font-size: 15px;\">Apr\u00e8s \u00ab\u00a0Jouez violons\u00a0!\u00a0\u00bb diffus\u00e9 en d\u00e9cembre 2009 sur France 2,<br \/>\nl\u2019\u00e9mission \u00ab\u00a0Accord\u00e9ons nous\u00a0!\u00a0\u00bb dresse cinq portraits d\u2019accord\u00e9onistes.<br \/>\nIls sont d\u2019horizons musicaux diff\u00e9rents\u00a0:<br \/>\njazz, vari\u00e9t\u00e9, musique classique, musette, fanfare, \u2026<br \/>\nIls sont super star, d\u00e9butant ou \u00e9l\u00e8ve&#8230;<br \/>\nIls ont tous ont la m\u00eame passion\u00a0: l\u2019accord\u00e9on\u00a0!<\/span><\/p>\n","protected":false},"excerpt":{"rendered":"<p>pr\u00e9sente Marc Berthoumieux, Bernard Lubat, Yohann Juhel, Ang\u00e9lique et l\u2019accord\u00e9on club des Flandres Reportages crois\u00e9s de tous ces artistes et rencontres musicales sur un plateau de t\u00e9l\u00e9vision&#8230; EXTRAIT DU COMMUNIQU\u00c9 DE PRESSE : Mercredi 14 juillet 2010 \u00e0 22h05 ACCORDEONS-NOUS\u00a0! Un documentaire culturel pr\u00e9sent\u00e9 par Christophe Hondelatte pr\u00e9par\u00e9 par Ga\u00eblle Germain r\u00e9alis\u00e9 par\u00a0Bernard Faroux produit [&hellip;]<\/p>\n","protected":false},"author":1,"featured_media":3334,"comment_status":"closed","ping_status":"open","sticky":false,"template":"","format":"standard","meta":{"footnotes":""},"categories":[23,69],"tags":[112,263],"class_list":["post-1773","post","type-post","status-publish","format-standard","has-post-thumbnail","hentry","category-06-rencontre-artistique","category-tv","tag-bernard-lubat","tag-television"],"_links":{"self":[{"href":"https:\/\/www.marcberthoumieux.com\/blog\/wp-json\/wp\/v2\/posts\/1773","targetHints":{"allow":["GET"]}}],"collection":[{"href":"https:\/\/www.marcberthoumieux.com\/blog\/wp-json\/wp\/v2\/posts"}],"about":[{"href":"https:\/\/www.marcberthoumieux.com\/blog\/wp-json\/wp\/v2\/types\/post"}],"author":[{"embeddable":true,"href":"https:\/\/www.marcberthoumieux.com\/blog\/wp-json\/wp\/v2\/users\/1"}],"replies":[{"embeddable":true,"href":"https:\/\/www.marcberthoumieux.com\/blog\/wp-json\/wp\/v2\/comments?post=1773"}],"version-history":[{"count":3,"href":"https:\/\/www.marcberthoumieux.com\/blog\/wp-json\/wp\/v2\/posts\/1773\/revisions"}],"predecessor-version":[{"id":4398,"href":"https:\/\/www.marcberthoumieux.com\/blog\/wp-json\/wp\/v2\/posts\/1773\/revisions\/4398"}],"wp:featuredmedia":[{"embeddable":true,"href":"https:\/\/www.marcberthoumieux.com\/blog\/wp-json\/wp\/v2\/media\/3334"}],"wp:attachment":[{"href":"https:\/\/www.marcberthoumieux.com\/blog\/wp-json\/wp\/v2\/media?parent=1773"}],"wp:term":[{"taxonomy":"category","embeddable":true,"href":"https:\/\/www.marcberthoumieux.com\/blog\/wp-json\/wp\/v2\/categories?post=1773"},{"taxonomy":"post_tag","embeddable":true,"href":"https:\/\/www.marcberthoumieux.com\/blog\/wp-json\/wp\/v2\/tags?post=1773"}],"curies":[{"name":"wp","href":"https:\/\/api.w.org\/{rel}","templated":true}]}}