{"id":1784,"date":"2010-02-16T20:30:00","date_gmt":"2010-02-16T19:30:00","guid":{"rendered":"http:\/\/www.marcberthoumieux.com\/blog\/?p=1784"},"modified":"2021-08-09T20:48:54","modified_gmt":"2021-08-09T18:48:54","slug":"louis-winsberg-la-danse-du-vent-concerts-exceptionnels-en-2009-et-2010","status":"publish","type":"post","link":"https:\/\/www.marcberthoumieux.com\/blog\/louis-winsberg-la-danse-du-vent-concerts-exceptionnels-en-2009-et-2010\/","title":{"rendered":"Louis Winsberg &#8211; La Danse du Vent &#8211; Concerts exceptionnels en 2009 et 2010"},"content":{"rendered":"\n<p class=\"has-medium-font-size\"><strong>Louis Winsberg &#8211; \u00ab\u00a0La Danse du Vent\u00a0\u00bb<\/strong><\/p>\n\n\n\n<p><strong>Vendredi 12 mars \u00e0 Bures sur Yvette<\/strong><br \/><em>et derni\u00e8rement :<br \/><\/em><strong><em>les 14 &#8211; 15 et 16 Janvier au Jazz Club de Dunkerque<\/em><\/strong><strong><em>le 22 Novembre \u00e0 PERSAN &#8211; <\/em><\/strong><strong><em>Jazz au Fil de l&rsquo;Oise<br \/><\/em><\/strong><br \/><strong>Le fameux groupe s\u2019est reform\u00e9 pour 5 concerts exceptionnels !<br \/><\/strong><br \/><strong>Louis Winsberg<\/strong> (Guitares) &#8211; <strong>Franck Tortiller<\/strong> (Vibraphone-Marimba)<br \/><strong>Marc Berthoumieux<\/strong> (Accord\u00e9on) &#8211; <strong>Linley Marthe<\/strong> (Basse) &#8211; <strong>St\u00e9phane Huchard<\/strong> (Batterie)<\/p>\n\n\n<p><img loading=\"lazy\" decoding=\"async\" class=\"imageStyle aligncenter\" src=\"https:\/\/www.marcberthoumieux.com\/blog\/wp-content\/uploads\/old_blog\/page40_blog_entry56_1.jpg\" alt=\"\" width=\"517\" height=\"521\" \/><\/p>\n<p><img loading=\"lazy\" decoding=\"async\" class=\"imageStyle aligncenter\" src=\"https:\/\/www.marcberthoumieux.com\/blog\/wp-content\/uploads\/old_blog\/page40_blog_entry56_2.jpg\" alt=\"\" width=\"517\" height=\"442\" \/><\/p>","protected":false},"excerpt":{"rendered":"<p>Louis Winsberg &#8211; \u00ab\u00a0La Danse du Vent\u00a0\u00bb Vendredi 12 mars \u00e0 Bures sur Yvetteet derni\u00e8rement :les 14 &#8211; 15 et 16 Janvier au Jazz Club de Dunkerquele 22 Novembre \u00e0 PERSAN &#8211; Jazz au Fil de l&rsquo;OiseLe fameux groupe s\u2019est reform\u00e9 pour 5 concerts exceptionnels !Louis Winsberg (Guitares) &#8211; Franck Tortiller (Vibraphone-Marimba)Marc Berthoumieux (Accord\u00e9on) &#8211; [&hellip;]<\/p>\n","protected":false},"author":1,"featured_media":3368,"comment_status":"closed","ping_status":"open","sticky":false,"template":"","format":"standard","meta":{"footnotes":""},"categories":[3],"tags":[142,373,278,10,34],"class_list":["post-1784","post","type-post","status-publish","format-standard","has-post-thumbnail","hentry","category-01-concerts","tag-01-concerts","tag-franck-tortiller","tag-linley-marthe","tag-louis-winsberg","tag-stephane-huchard"],"_links":{"self":[{"href":"https:\/\/www.marcberthoumieux.com\/blog\/wp-json\/wp\/v2\/posts\/1784","targetHints":{"allow":["GET"]}}],"collection":[{"href":"https:\/\/www.marcberthoumieux.com\/blog\/wp-json\/wp\/v2\/posts"}],"about":[{"href":"https:\/\/www.marcberthoumieux.com\/blog\/wp-json\/wp\/v2\/types\/post"}],"author":[{"embeddable":true,"href":"https:\/\/www.marcberthoumieux.com\/blog\/wp-json\/wp\/v2\/users\/1"}],"replies":[{"embeddable":true,"href":"https:\/\/www.marcberthoumieux.com\/blog\/wp-json\/wp\/v2\/comments?post=1784"}],"version-history":[{"count":1,"href":"https:\/\/www.marcberthoumieux.com\/blog\/wp-json\/wp\/v2\/posts\/1784\/revisions"}],"predecessor-version":[{"id":4125,"href":"https:\/\/www.marcberthoumieux.com\/blog\/wp-json\/wp\/v2\/posts\/1784\/revisions\/4125"}],"wp:featuredmedia":[{"embeddable":true,"href":"https:\/\/www.marcberthoumieux.com\/blog\/wp-json\/wp\/v2\/media\/3368"}],"wp:attachment":[{"href":"https:\/\/www.marcberthoumieux.com\/blog\/wp-json\/wp\/v2\/media?parent=1784"}],"wp:term":[{"taxonomy":"category","embeddable":true,"href":"https:\/\/www.marcberthoumieux.com\/blog\/wp-json\/wp\/v2\/categories?post=1784"},{"taxonomy":"post_tag","embeddable":true,"href":"https:\/\/www.marcberthoumieux.com\/blog\/wp-json\/wp\/v2\/tags?post=1784"}],"curies":[{"name":"wp","href":"https:\/\/api.w.org\/{rel}","templated":true}]}}