{"id":1793,"date":"2011-04-05T00:00:57","date_gmt":"2011-04-04T22:00:57","guid":{"rendered":"http:\/\/www.marcberthoumieux.com\/blog\/?p=1793"},"modified":"2021-08-09T03:11:04","modified_gmt":"2021-08-09T01:11:04","slug":"live-sur-france-inter-la-nuit-du-5-avril-2011","status":"publish","type":"post","link":"https:\/\/www.marcberthoumieux.com\/blog\/live-sur-france-inter-la-nuit-du-5-avril-2011\/","title":{"rendered":"Live sur France Inter la nuit du 5 avril 2011"},"content":{"rendered":"<p><span style=\"font-size: 17px;\"><em>Un \u00ab\u00a0instantan\u00e9\u00a0\u00bb (le Polaro\u00efd moderne) from <\/em><\/span><span style=\"font-size: 17px; font-weight: bold;\"><em>Giovanni Mirabassi<\/em><\/span><\/p>\n<p>Nous \u00e9tions cette nuit les invit\u00e9s de <span style=\"font-size: 17px; font-weight: bold;\">Serge Le Vaillant <\/span><span style=\"font-size: 17px;\">dans son<br \/>\n\u00e9mission <\/span><span style=\"font-size: 17px; font-weight: bold;\">\u00ab\u00a0Sous les \u00e9toiles&#8230; Exactement\u00a0\u00bb<\/span><span style=\"font-size: 17px;\"> sur <\/span><span style=\"font-size: 17px; font-weight: bold;\">FRANCE INTER<\/span><\/p>\n<p><span style=\"font-size: 15px; font-weight: bold;\"><em>Marc Berthoumieux<\/em><\/span><span style=\"font-size: 15px;\"><em> en promotion pour le nouvel album <\/em><\/span><span style=\"font-size: 15px; font-weight: bold;\"><em>\u00ab\u00a0In Other Words\u00a0\u00bb<br \/>\net M\u00e9lanie Dahan<\/em><\/span><span style=\"font-size: 15px;\"><em> pour son album \u00e0 venir (ao\u00fbt 2011) : <\/em><\/span><span style=\"font-size: 15px; font-weight: bold;\"><em>\u00ab\u00a0Latine\u00a0\u00bb<\/em><\/span><\/p>\n<p>Un moment de gr\u00e2ce en direct avec <span style=\"font-size: 17px; font-weight: bold;\">M\u00e9lanie Dahan<\/span><span style=\"font-size: 17px;\"> (chant),<br \/>\n<\/span><span style=\"font-size: 17px; font-weight: bold;\">Giovanni Mirabassi<\/span><span style=\"font-size: 17px;\"> (Piano) et <\/span><span style=\"font-size: 17px; font-weight: bold;\">Mauro Gargano<\/span><span style=\"font-size: 17px;\"> (contrebasse)<\/span><\/p>\n<p><span style=\"font-size: 10px;\"><em>(Merci \u00e0 Pauline pour la programmation)<\/em><\/span><\/p>\n<p><img loading=\"lazy\" decoding=\"async\" class=\"imageStyle\" src=\"https:\/\/www.marcberthoumieux.com\/blog\/wp-content\/uploads\/old_blog\/foto.jpg\" alt=\"\" width=\"648\" height=\"484\" \/><\/p>\n","protected":false},"excerpt":{"rendered":"<p>Un \u00ab\u00a0instantan\u00e9\u00a0\u00bb (le Polaro\u00efd moderne) from Giovanni Mirabassi Nous \u00e9tions cette nuit les invit\u00e9s de Serge Le Vaillant dans son \u00e9mission \u00ab\u00a0Sous les \u00e9toiles&#8230; Exactement\u00a0\u00bb sur FRANCE INTER Marc Berthoumieux en promotion pour le nouvel album \u00ab\u00a0In Other Words\u00a0\u00bb et M\u00e9lanie Dahan pour son album \u00e0 venir (ao\u00fbt 2011) : \u00ab\u00a0Latine\u00a0\u00bb Un moment de gr\u00e2ce [&hellip;]<\/p>\n","protected":false},"author":1,"featured_media":2778,"comment_status":"closed","ping_status":"open","sticky":false,"template":"","format":"standard","meta":{"footnotes":""},"categories":[19,23],"tags":[18,66],"class_list":["post-1793","post","type-post","status-publish","format-standard","has-post-thumbnail","hentry","category-02-album","category-06-rencontre-artistique","tag-giovanni-mirabassi","tag-melanie-dahan"],"_links":{"self":[{"href":"https:\/\/www.marcberthoumieux.com\/blog\/wp-json\/wp\/v2\/posts\/1793","targetHints":{"allow":["GET"]}}],"collection":[{"href":"https:\/\/www.marcberthoumieux.com\/blog\/wp-json\/wp\/v2\/posts"}],"about":[{"href":"https:\/\/www.marcberthoumieux.com\/blog\/wp-json\/wp\/v2\/types\/post"}],"author":[{"embeddable":true,"href":"https:\/\/www.marcberthoumieux.com\/blog\/wp-json\/wp\/v2\/users\/1"}],"replies":[{"embeddable":true,"href":"https:\/\/www.marcberthoumieux.com\/blog\/wp-json\/wp\/v2\/comments?post=1793"}],"version-history":[{"count":1,"href":"https:\/\/www.marcberthoumieux.com\/blog\/wp-json\/wp\/v2\/posts\/1793\/revisions"}],"predecessor-version":[{"id":2779,"href":"https:\/\/www.marcberthoumieux.com\/blog\/wp-json\/wp\/v2\/posts\/1793\/revisions\/2779"}],"wp:featuredmedia":[{"embeddable":true,"href":"https:\/\/www.marcberthoumieux.com\/blog\/wp-json\/wp\/v2\/media\/2778"}],"wp:attachment":[{"href":"https:\/\/www.marcberthoumieux.com\/blog\/wp-json\/wp\/v2\/media?parent=1793"}],"wp:term":[{"taxonomy":"category","embeddable":true,"href":"https:\/\/www.marcberthoumieux.com\/blog\/wp-json\/wp\/v2\/categories?post=1793"},{"taxonomy":"post_tag","embeddable":true,"href":"https:\/\/www.marcberthoumieux.com\/blog\/wp-json\/wp\/v2\/tags?post=1793"}],"curies":[{"name":"wp","href":"https:\/\/api.w.org\/{rel}","templated":true}]}}