{"id":1801,"date":"2011-01-14T21:00:27","date_gmt":"2011-01-14T20:00:27","guid":{"rendered":"http:\/\/www.marcberthoumieux.com\/blog\/?p=1801"},"modified":"2021-08-08T20:14:16","modified_gmt":"2021-08-08T18:14:16","slug":"en-concerts-les-14-et-15-janvier-2011-au-sunside-paris","status":"publish","type":"post","link":"https:\/\/www.marcberthoumieux.com\/blog\/en-concerts-les-14-et-15-janvier-2011-au-sunside-paris\/","title":{"rendered":"En concerts les 14 et 15 janvier 2011 au Sunside &#8211; Paris"},"content":{"rendered":"<h3 style=\"text-align: center;\"><span style=\"font-style: normal; font-variant-caps: normal; font-stretch: normal; font-size: 21px; line-height: normal; font-family: Verdana, serif; font-weight: bold;\">Prochains concerts au SUNSIDE<\/span><\/h3>\n<p style=\"text-align: center;\">avec Giovanni Mirabassi, J\u00e9r\u00f4me Regard et St\u00e9phane Huchard<\/p>\n<p style=\"text-align: center;\">les Vendredi 14 et samedi 15 Janvier 2011<\/p>\n<p><strong><img loading=\"lazy\" decoding=\"async\" class=\"imageStyle aligncenter\" src=\"https:\/\/www.marcberthoumieux.com\/blog\/wp-content\/uploads\/old_blog\/pasted-graphic-3.jpg\" alt=\"Pasted Graphic 3\" width=\"300\" height=\"300\" \/><\/strong><\/p>\n<p><img loading=\"lazy\" decoding=\"async\" class=\"imageStyle aligncenter\" src=\"https:\/\/www.marcberthoumieux.com\/blog\/wp-content\/uploads\/old_blog\/pasted-graphic-6.jpg\" alt=\"Pasted Graphic 6\" width=\"300\" height=\"338\" \/><\/p>\n<p><img loading=\"lazy\" decoding=\"async\" class=\"imageStyle aligncenter\" src=\"https:\/\/www.marcberthoumieux.com\/blog\/wp-content\/uploads\/old_blog\/pasted-graphic-5.jpg\" alt=\"Pasted Graphic 5\" width=\"300\" height=\"300\" \/><\/p>\n<p style=\"text-align: center;\"><span style=\"font: 15px Arial, Verdana, Helvetica, sans-serif; font-weight: bold;\"><a href=\"https:\/\/www.marcberthoumieux.com\/concerts.html\" rel=\"external\">Tous les concerts ici<\/a><\/span><\/p>\n","protected":false},"excerpt":{"rendered":"<p>Prochains concerts au SUNSIDE avec Giovanni Mirabassi, J\u00e9r\u00f4me Regard et St\u00e9phane Huchard les Vendredi 14 et samedi 15 Janvier 2011 Tous les concerts ici<\/p>\n","protected":false},"author":1,"featured_media":1245,"comment_status":"closed","ping_status":"open","sticky":false,"template":"","format":"standard","meta":{"footnotes":""},"categories":[3],"tags":[142,18,75,34],"class_list":["post-1801","post","type-post","status-publish","format-standard","has-post-thumbnail","hentry","category-01-concerts","tag-01-concerts","tag-giovanni-mirabassi","tag-jerome-regard","tag-stephane-huchard"],"_links":{"self":[{"href":"https:\/\/www.marcberthoumieux.com\/blog\/wp-json\/wp\/v2\/posts\/1801","targetHints":{"allow":["GET"]}}],"collection":[{"href":"https:\/\/www.marcberthoumieux.com\/blog\/wp-json\/wp\/v2\/posts"}],"about":[{"href":"https:\/\/www.marcberthoumieux.com\/blog\/wp-json\/wp\/v2\/types\/post"}],"author":[{"embeddable":true,"href":"https:\/\/www.marcberthoumieux.com\/blog\/wp-json\/wp\/v2\/users\/1"}],"replies":[{"embeddable":true,"href":"https:\/\/www.marcberthoumieux.com\/blog\/wp-json\/wp\/v2\/comments?post=1801"}],"version-history":[{"count":0,"href":"https:\/\/www.marcberthoumieux.com\/blog\/wp-json\/wp\/v2\/posts\/1801\/revisions"}],"wp:featuredmedia":[{"embeddable":true,"href":"https:\/\/www.marcberthoumieux.com\/blog\/wp-json\/wp\/v2\/media\/1245"}],"wp:attachment":[{"href":"https:\/\/www.marcberthoumieux.com\/blog\/wp-json\/wp\/v2\/media?parent=1801"}],"wp:term":[{"taxonomy":"category","embeddable":true,"href":"https:\/\/www.marcberthoumieux.com\/blog\/wp-json\/wp\/v2\/categories?post=1801"},{"taxonomy":"post_tag","embeddable":true,"href":"https:\/\/www.marcberthoumieux.com\/blog\/wp-json\/wp\/v2\/tags?post=1801"}],"curies":[{"name":"wp","href":"https:\/\/api.w.org\/{rel}","templated":true}]}}