{"id":1806,"date":"2012-11-06T21:30:45","date_gmt":"2012-11-06T20:30:45","guid":{"rendered":"http:\/\/www.marcberthoumieux.com\/blog\/?p=1806"},"modified":"2021-08-08T20:14:15","modified_gmt":"2021-08-08T18:14:15","slug":"20-ans-de-jazz-a-paris-au-petit-journal-montparnasse-le-6-novembre-2012","status":"publish","type":"post","link":"https:\/\/www.marcberthoumieux.com\/blog\/20-ans-de-jazz-a-paris-au-petit-journal-montparnasse-le-6-novembre-2012\/","title":{"rendered":"\u00ab\u00a020 ANS DE JAZZ \u00e0 PARIS\u00a0\u00bb au PETIT JOURNAL MONTPARNASSE le 6 novembre 2012"},"content":{"rendered":"<p style=\"text-align: center;\">\u00ab\u00a020 ANS DE JAZZ \u00e0 PARIS\u00a0\u00bb au PETIT JOURNAL MONTPARNASSE le 6 novembre 2012<\/p>\n<p style=\"text-align: center;\"><a href=\"https:\/\/www.marcberthoumieux.com\/blog\/20-ans-de-jazz-a-paris-au-petit-journal-montparnasse-le-6-novembre-2012\/flyer-petit-journal-6novembre\/\" rel=\"attachment wp-att-2410\"><img loading=\"lazy\" decoding=\"async\" class=\"aligncenter wp-image-2410 size-full\" src=\"https:\/\/www.marcberthoumieux.com\/blog\/wp-content\/uploads\/2012\/10\/flyer-petit-journal-6novembre.png\" alt=\"flyer-petit-journal-6novembre\" width=\"649\" height=\"792\" srcset=\"https:\/\/www.marcberthoumieux.com\/blog\/wp-content\/uploads\/2012\/10\/flyer-petit-journal-6novembre.png 649w, https:\/\/www.marcberthoumieux.com\/blog\/wp-content\/uploads\/2012\/10\/flyer-petit-journal-6novembre-246x300.png 246w\" sizes=\"auto, (max-width: 649px) 100vw, 649px\" \/><\/a><\/p>\n<p style=\"text-align: center;\"><span style=\"font-size: 13px; font-weight: bold;\"><a href=\"http:\/\/www.marcberthoumieux.com\/agenda.html\" rel=\"external\">Page des concerts<\/a><\/span><\/p>\n<p style=\"text-align: center;\"><span style=\"font-size: 13px; font-weight: bold;\"><a href=\"http:\/\/www.moxity.com\/events\/marc-berthoumieux-20-ans-de-jazz-a-paris\" rel=\"external\">Tickets \u00e0 tarif pr\u00e9f\u00e9rentiels \u00e0 vendre ici<\/a><\/span><span style=\"font-size: 19px;\"><br \/>\n<\/span><\/p>\n","protected":false},"excerpt":{"rendered":"<p>\u00ab\u00a020 ANS DE JAZZ \u00e0 PARIS\u00a0\u00bb au PETIT JOURNAL MONTPARNASSE le 6 novembre 2012 Page des concerts Tickets \u00e0 tarif pr\u00e9f\u00e9rentiels \u00e0 vendre ici<\/p>\n","protected":false},"author":2,"featured_media":2410,"comment_status":"closed","ping_status":"open","sticky":false,"template":"","format":"standard","meta":{"footnotes":""},"categories":[3],"tags":[18,75,46,34],"class_list":["post-1806","post","type-post","status-publish","format-standard","has-post-thumbnail","hentry","category-01-concerts","tag-giovanni-mirabassi","tag-jerome-regard","tag-petit-journal-montparnasse","tag-stephane-huchard"],"_links":{"self":[{"href":"https:\/\/www.marcberthoumieux.com\/blog\/wp-json\/wp\/v2\/posts\/1806","targetHints":{"allow":["GET"]}}],"collection":[{"href":"https:\/\/www.marcberthoumieux.com\/blog\/wp-json\/wp\/v2\/posts"}],"about":[{"href":"https:\/\/www.marcberthoumieux.com\/blog\/wp-json\/wp\/v2\/types\/post"}],"author":[{"embeddable":true,"href":"https:\/\/www.marcberthoumieux.com\/blog\/wp-json\/wp\/v2\/users\/2"}],"replies":[{"embeddable":true,"href":"https:\/\/www.marcberthoumieux.com\/blog\/wp-json\/wp\/v2\/comments?post=1806"}],"version-history":[{"count":3,"href":"https:\/\/www.marcberthoumieux.com\/blog\/wp-json\/wp\/v2\/posts\/1806\/revisions"}],"predecessor-version":[{"id":2413,"href":"https:\/\/www.marcberthoumieux.com\/blog\/wp-json\/wp\/v2\/posts\/1806\/revisions\/2413"}],"wp:featuredmedia":[{"embeddable":true,"href":"https:\/\/www.marcberthoumieux.com\/blog\/wp-json\/wp\/v2\/media\/2410"}],"wp:attachment":[{"href":"https:\/\/www.marcberthoumieux.com\/blog\/wp-json\/wp\/v2\/media?parent=1806"}],"wp:term":[{"taxonomy":"category","embeddable":true,"href":"https:\/\/www.marcberthoumieux.com\/blog\/wp-json\/wp\/v2\/categories?post=1806"},{"taxonomy":"post_tag","embeddable":true,"href":"https:\/\/www.marcberthoumieux.com\/blog\/wp-json\/wp\/v2\/tags?post=1806"}],"curies":[{"name":"wp","href":"https:\/\/api.w.org\/{rel}","templated":true}]}}