{"id":1816,"date":"2012-06-28T12:00:22","date_gmt":"2012-06-28T10:00:22","guid":{"rendered":"http:\/\/www.marcberthoumieux.com\/blog\/?p=1816"},"modified":"2021-08-08T20:14:15","modified_gmt":"2021-08-08T18:14:15","slug":"en-invite-de-melanie-dahan-au-new-morning-paris-le-28-juin-2012","status":"publish","type":"post","link":"https:\/\/www.marcberthoumieux.com\/blog\/en-invite-de-melanie-dahan-au-new-morning-paris-le-28-juin-2012\/","title":{"rendered":"En invit\u00e9 de M\u00e9lanie Dahan au New Morning &#8211; Paris le 28 juin 2012"},"content":{"rendered":"<p style=\"text-align: center;\"><strong>En invit\u00e9 de M\u00e9lanie Dahan au New Morning &#8211; Paris<\/strong><span style=\"font-size: 20px; color: #e0bfff; font-weight: bold;\"><br \/>\n<\/span><span style=\"font: 13px Arial, Verdana, Helvetica, sans-serif;\">A l&rsquo;occasion de la sortie de son nouvel album \u00ab\u00a0LATINE\u00a0\u00bb, M\u00e9lanie Dahan se retrouve<br \/>\nsur la sc\u00e8ne du New Morning avec sa formation en octet et ses invit\u00e9s&#8230;<\/span><span style=\"font: 15px Arial, Verdana, Helvetica, sans-serif; font-weight: bold;\"><br \/>\n<\/span><br \/>\n<img loading=\"lazy\" decoding=\"async\" class=\"imageStyle\" src=\"https:\/\/www.marcberthoumieux.com\/blog\/wp-content\/uploads\/old_blog\/fly-melanie-dahan-10x15-net.jpg\" alt=\"Fly Melanie Dahan 10x15 net\" width=\"420\" height=\"630\" \/><\/p>\n<p><img loading=\"lazy\" decoding=\"async\" class=\"imageStyle\" src=\"https:\/\/www.marcberthoumieux.com\/blog\/wp-content\/uploads\/old_blog\/eb0612-melanienm-268-web.jpg\" alt=\"EB0612-MelanieNM-268 Web\" width=\"650\" height=\"526\" \/><\/p>\n<p><img loading=\"lazy\" decoding=\"async\" class=\"imageStyle\" src=\"https:\/\/www.marcberthoumieux.com\/blog\/wp-content\/uploads\/old_blog\/528352_10151065483959396_586469264_n.jpg\" alt=\"528352_10151065483959396_586469264_n\" width=\"576\" height=\"576\" \/><\/p>\n","protected":false},"excerpt":{"rendered":"<p>En invit\u00e9 de M\u00e9lanie Dahan au New Morning &#8211; Paris A l&rsquo;occasion de la sortie de son nouvel album \u00ab\u00a0LATINE\u00a0\u00bb, M\u00e9lanie Dahan se retrouve sur la sc\u00e8ne du New Morning avec sa formation en octet et ses invit\u00e9s&#8230;<\/p>\n","protected":false},"author":2,"featured_media":2463,"comment_status":"closed","ping_status":"open","sticky":false,"template":"","format":"standard","meta":{"footnotes":""},"categories":[3,23],"tags":[66],"class_list":["post-1816","post","type-post","status-publish","format-standard","has-post-thumbnail","hentry","category-01-concerts","category-06-rencontre-artistique","tag-melanie-dahan"],"_links":{"self":[{"href":"https:\/\/www.marcberthoumieux.com\/blog\/wp-json\/wp\/v2\/posts\/1816","targetHints":{"allow":["GET"]}}],"collection":[{"href":"https:\/\/www.marcberthoumieux.com\/blog\/wp-json\/wp\/v2\/posts"}],"about":[{"href":"https:\/\/www.marcberthoumieux.com\/blog\/wp-json\/wp\/v2\/types\/post"}],"author":[{"embeddable":true,"href":"https:\/\/www.marcberthoumieux.com\/blog\/wp-json\/wp\/v2\/users\/2"}],"replies":[{"embeddable":true,"href":"https:\/\/www.marcberthoumieux.com\/blog\/wp-json\/wp\/v2\/comments?post=1816"}],"version-history":[{"count":2,"href":"https:\/\/www.marcberthoumieux.com\/blog\/wp-json\/wp\/v2\/posts\/1816\/revisions"}],"predecessor-version":[{"id":2465,"href":"https:\/\/www.marcberthoumieux.com\/blog\/wp-json\/wp\/v2\/posts\/1816\/revisions\/2465"}],"wp:featuredmedia":[{"embeddable":true,"href":"https:\/\/www.marcberthoumieux.com\/blog\/wp-json\/wp\/v2\/media\/2463"}],"wp:attachment":[{"href":"https:\/\/www.marcberthoumieux.com\/blog\/wp-json\/wp\/v2\/media?parent=1816"}],"wp:term":[{"taxonomy":"category","embeddable":true,"href":"https:\/\/www.marcberthoumieux.com\/blog\/wp-json\/wp\/v2\/categories?post=1816"},{"taxonomy":"post_tag","embeddable":true,"href":"https:\/\/www.marcberthoumieux.com\/blog\/wp-json\/wp\/v2\/tags?post=1816"}],"curies":[{"name":"wp","href":"https:\/\/api.w.org\/{rel}","templated":true}]}}