{"id":2010,"date":"2015-09-28T20:00:29","date_gmt":"2015-09-28T18:00:29","guid":{"rendered":"http:\/\/www.marcberthoumieux.com\/blog\/?p=2010"},"modified":"2021-08-08T20:14:11","modified_gmt":"2021-08-08T18:14:11","slug":"comedie-musicale-janus-au-vingtieme-theatre-le-28-septembre-2015","status":"publish","type":"post","link":"https:\/\/www.marcberthoumieux.com\/blog\/comedie-musicale-janus-au-vingtieme-theatre-le-28-septembre-2015\/","title":{"rendered":"Com\u00e9die Musicale \u00ab\u00a0JANUS\u00a0\u00bb au Vingti\u00e8me Th\u00e9\u00e2tre le 28 septembre 2015"},"content":{"rendered":"<p style=\"text-align: center;\">Apr\u00e8s le succ\u00e8s rencontr\u00e9 lors des deux premi\u00e8res repr\u00e9sentations en mai dernier \u00e0 Nogent le Rotrou, La troupe de <strong>Janus<\/strong> se produira au <strong>Vingti\u00e8me Th\u00e9\u00e2tre le lundi 28 septembre 2015 \u00e0 20 heures<\/strong><\/p>\n<p style=\"text-align: center;\"><img loading=\"lazy\" decoding=\"async\" class=\"aligncenter  wp-image-2016\" src=\"https:\/\/www.marcberthoumieux.com\/blog\/wp-content\/uploads\/2015\/06\/affiche-janus-sept-2015.jpeg\" alt=\"affiche janus sept 2015\" width=\"650\" height=\"919\" srcset=\"https:\/\/www.marcberthoumieux.com\/blog\/wp-content\/uploads\/2015\/06\/affiche-janus-sept-2015.jpeg 699w, https:\/\/www.marcberthoumieux.com\/blog\/wp-content\/uploads\/2015\/06\/affiche-janus-sept-2015-212x300.jpeg 212w\" sizes=\"auto, (max-width: 650px) 100vw, 650px\" \/><\/p>\n<p style=\"text-align: center;\">Toutes les infos ici :\u00a0<a href=\"http:\/\/www.aufildesnotes.net\" target=\"_blank\" rel=\"noopener noreferrer\">http:\/\/www.aufildesnotes.net<\/a><\/p>\n<p style=\"text-align: center;\"><a href=\"https:\/\/www.marcberthoumieux.com\/blog\/comedie-musicale-janus-au-vingtieme-theatre-le-28-septembre-2015\/janus-sur-scene-mai-2015\/\" rel=\"attachment wp-att-2015\"><img loading=\"lazy\" decoding=\"async\" class=\"aligncenter  wp-image-2015\" src=\"https:\/\/www.marcberthoumieux.com\/blog\/wp-content\/uploads\/2015\/06\/janus-sur-sc\u00e8ne-mai-2015.jpg\" alt=\"janus sur sc\u00e8ne mai 2015\" width=\"650\" height=\"487\" srcset=\"https:\/\/www.marcberthoumieux.com\/blog\/wp-content\/uploads\/2015\/06\/janus-sur-sc\u00e8ne-mai-2015.jpg 2048w, https:\/\/www.marcberthoumieux.com\/blog\/wp-content\/uploads\/2015\/06\/janus-sur-sc\u00e8ne-mai-2015-300x225.jpg 300w, https:\/\/www.marcberthoumieux.com\/blog\/wp-content\/uploads\/2015\/06\/janus-sur-sc\u00e8ne-mai-2015-768x576.jpg 768w, https:\/\/www.marcberthoumieux.com\/blog\/wp-content\/uploads\/2015\/06\/janus-sur-sc\u00e8ne-mai-2015-1024x768.jpg 1024w, https:\/\/www.marcberthoumieux.com\/blog\/wp-content\/uploads\/2015\/06\/janus-sur-sc\u00e8ne-mai-2015-1536x1152.jpg 1536w\" sizes=\"auto, (max-width: 650px) 100vw, 650px\" \/><\/a><\/p>\n","protected":false},"excerpt":{"rendered":"<p>Apr\u00e8s le succ\u00e8s rencontr\u00e9 lors des deux premi\u00e8res repr\u00e9sentations en mai dernier \u00e0 Nogent le Rotrou, La troupe de Janus se produira au Vingti\u00e8me Th\u00e9\u00e2tre le lundi 28 septembre 2015 \u00e0 20 heures Toutes les infos ici :\u00a0http:\/\/www.aufildesnotes.net<\/p>\n","protected":false},"author":1,"featured_media":2014,"comment_status":"closed","ping_status":"open","sticky":false,"template":"","format":"standard","meta":{"footnotes":""},"categories":[97],"tags":[129],"class_list":["post-2010","post","type-post","status-publish","format-standard","has-post-thumbnail","hentry","category-participation","tag-janus"],"_links":{"self":[{"href":"https:\/\/www.marcberthoumieux.com\/blog\/wp-json\/wp\/v2\/posts\/2010","targetHints":{"allow":["GET"]}}],"collection":[{"href":"https:\/\/www.marcberthoumieux.com\/blog\/wp-json\/wp\/v2\/posts"}],"about":[{"href":"https:\/\/www.marcberthoumieux.com\/blog\/wp-json\/wp\/v2\/types\/post"}],"author":[{"embeddable":true,"href":"https:\/\/www.marcberthoumieux.com\/blog\/wp-json\/wp\/v2\/users\/1"}],"replies":[{"embeddable":true,"href":"https:\/\/www.marcberthoumieux.com\/blog\/wp-json\/wp\/v2\/comments?post=2010"}],"version-history":[{"count":3,"href":"https:\/\/www.marcberthoumieux.com\/blog\/wp-json\/wp\/v2\/posts\/2010\/revisions"}],"predecessor-version":[{"id":3826,"href":"https:\/\/www.marcberthoumieux.com\/blog\/wp-json\/wp\/v2\/posts\/2010\/revisions\/3826"}],"wp:featuredmedia":[{"embeddable":true,"href":"https:\/\/www.marcberthoumieux.com\/blog\/wp-json\/wp\/v2\/media\/2014"}],"wp:attachment":[{"href":"https:\/\/www.marcberthoumieux.com\/blog\/wp-json\/wp\/v2\/media?parent=2010"}],"wp:term":[{"taxonomy":"category","embeddable":true,"href":"https:\/\/www.marcberthoumieux.com\/blog\/wp-json\/wp\/v2\/categories?post=2010"},{"taxonomy":"post_tag","embeddable":true,"href":"https:\/\/www.marcberthoumieux.com\/blog\/wp-json\/wp\/v2\/tags?post=2010"}],"curies":[{"name":"wp","href":"https:\/\/api.w.org\/{rel}","templated":true}]}}