{"id":2056,"date":"2015-09-02T16:00:10","date_gmt":"2015-09-02T14:00:10","guid":{"rendered":"http:\/\/www.marcberthoumieux.com\/blog\/?p=2056"},"modified":"2021-08-08T20:14:11","modified_gmt":"2021-08-08T18:14:11","slug":"concert-avec-joel-favreau-a-sete-le-11-aout-2015","status":"publish","type":"post","link":"https:\/\/www.marcberthoumieux.com\/blog\/concert-avec-joel-favreau-a-sete-le-11-aout-2015\/","title":{"rendered":"Concert avec Jo\u00ebl Favreau \u00e0 M\u00e9zidon Canon (Caen) le 27 septembre 2015"},"content":{"rendered":"<p style=\"text-align: center;\"><strong>Spectacle \u00abSALUT BRASSENS\u00bb<\/strong><\/p>\n<p style=\"text-align: center;\">\u00ab\u00a0Brassens, Jo\u00ebl le conna\u00eet musicalement de l\u2019int\u00e9rieur\u00a0\u00bb (Maxime Le Forestier)<\/p>\n<p style=\"text-align: center;\">\u2022\u00a011 ao\u00fbt 2015 \u00e0 S\u00e8te<\/p>\n<p style=\"text-align: center;\">\u2022\u00a04 septembre Notre Dame de Mont<\/p>\n<p style=\"text-align: center;\"><strong>\u2022\u00a027 septembre M\u00e9zidon Canon (Caen)<\/strong><\/p>\n<p style=\"text-align: center;\"><a href=\"https:\/\/www.marcberthoumieux.com\/blog\/concert-avec-joel-favreau-a-sete-le-11-aout-2015\/joal-favreau-2014-web-concert\/\" rel=\"attachment wp-att-2057\"><img loading=\"lazy\" decoding=\"async\" class=\"aligncenter size-full wp-image-2057\" src=\"https:\/\/www.marcberthoumieux.com\/blog\/wp-content\/uploads\/2015\/07\/Jo\u00e2l-FAVREAU-2014-web-concert.jpg\" alt=\"Jo\u00e2l FAVREAU 2014 web concert\" width=\"650\" height=\"924\" srcset=\"https:\/\/www.marcberthoumieux.com\/blog\/wp-content\/uploads\/2015\/07\/Jo\u00e2l-FAVREAU-2014-web-concert.jpg 650w, https:\/\/www.marcberthoumieux.com\/blog\/wp-content\/uploads\/2015\/07\/Jo\u00e2l-FAVREAU-2014-web-concert-211x300.jpg 211w\" sizes=\"auto, (max-width: 650px) 100vw, 650px\" \/><\/a><\/p>\n<p style=\"text-align: center;\"><em>Peut-on encore surprendre en reprenant du Brassens ?<\/em><\/p>\n<p style=\"text-align: center;\">Oui ! prouve Joel Favreau qui tint douze ans durant la deuxi\u00e8me guitare \u00e0 l\u2019ombre du manche du ma\u00eetre.<br \/>\nAiguillon\u00e9 avec rudesse par Le Forestier (\u00ab\u00a0Ecoute, tu nous emmerdes avec ta deuxi\u00e8me guitare. Est-ce que tu vas enfin te d\u00e9cider \u00e0 chanter ?\u2026), Favreau qui a d\u00e9j\u00e0 publi\u00e9 ses propres chansons ose enfin chanter Brassens.<br \/>\nEt c\u2019est superbe : la voix est chaude et bien timbr\u00e9e, l\u2019articulation exemplaire. La guitare alerte et l\u2019accord\u00e9on qui lui r\u00e9pond, celui de Jean-Jacques Franchin, rendent ensemble justice \u00e0 une musicalit\u00e9 que les po-pom po-pom de la version d\u2019origine r\u00e9duisaient au minimalisme : et c\u2019est enthousiasmant ! (Anne-Marie Paquotte \u2013 T\u00e9l\u00e9rama)<\/p>\n<p style=\"text-align: center;\">Apr\u00e8s dix ans de complicit\u00e9 avec son accord\u00e9oniste Jean Jacques Franchin r\u00e9cemment disparu, Marc Berthoumieux reprend le flambeau pour une s\u00e9rie de concerts depuis 2011.<\/p>\n<p style=\"text-align: center;\">Tout sur :\u00a0<a href=\"http:\/\/www.joelfavreau.com\/\">http:\/\/www.joelfavreau.com<\/a><\/p>\n","protected":false},"excerpt":{"rendered":"<p>Spectacle \u00abSALUT BRASSENS\u00bb \u00ab\u00a0Brassens, Jo\u00ebl le conna\u00eet musicalement de l\u2019int\u00e9rieur\u00a0\u00bb (Maxime Le Forestier) \u2022\u00a011 ao\u00fbt 2015 \u00e0 S\u00e8te \u2022\u00a04 septembre Notre Dame de Mont \u2022\u00a027 septembre M\u00e9zidon Canon (Caen) Peut-on encore surprendre en reprenant du Brassens ? Oui ! prouve Joel Favreau qui tint douze ans durant la deuxi\u00e8me guitare \u00e0 l\u2019ombre du manche du [&hellip;]<\/p>\n","protected":false},"author":1,"featured_media":2058,"comment_status":"closed","ping_status":"open","sticky":false,"template":"","format":"standard","meta":{"footnotes":""},"categories":[3],"tags":[142,42],"class_list":["post-2056","post","type-post","status-publish","format-standard","has-post-thumbnail","hentry","category-01-concerts","tag-01-concerts","tag-joel-favreau"],"_links":{"self":[{"href":"https:\/\/www.marcberthoumieux.com\/blog\/wp-json\/wp\/v2\/posts\/2056","targetHints":{"allow":["GET"]}}],"collection":[{"href":"https:\/\/www.marcberthoumieux.com\/blog\/wp-json\/wp\/v2\/posts"}],"about":[{"href":"https:\/\/www.marcberthoumieux.com\/blog\/wp-json\/wp\/v2\/types\/post"}],"author":[{"embeddable":true,"href":"https:\/\/www.marcberthoumieux.com\/blog\/wp-json\/wp\/v2\/users\/1"}],"replies":[{"embeddable":true,"href":"https:\/\/www.marcberthoumieux.com\/blog\/wp-json\/wp\/v2\/comments?post=2056"}],"version-history":[{"count":6,"href":"https:\/\/www.marcberthoumieux.com\/blog\/wp-json\/wp\/v2\/posts\/2056\/revisions"}],"predecessor-version":[{"id":2197,"href":"https:\/\/www.marcberthoumieux.com\/blog\/wp-json\/wp\/v2\/posts\/2056\/revisions\/2197"}],"wp:featuredmedia":[{"embeddable":true,"href":"https:\/\/www.marcberthoumieux.com\/blog\/wp-json\/wp\/v2\/media\/2058"}],"wp:attachment":[{"href":"https:\/\/www.marcberthoumieux.com\/blog\/wp-json\/wp\/v2\/media?parent=2056"}],"wp:term":[{"taxonomy":"category","embeddable":true,"href":"https:\/\/www.marcberthoumieux.com\/blog\/wp-json\/wp\/v2\/categories?post=2056"},{"taxonomy":"post_tag","embeddable":true,"href":"https:\/\/www.marcberthoumieux.com\/blog\/wp-json\/wp\/v2\/tags?post=2056"}],"curies":[{"name":"wp","href":"https:\/\/api.w.org\/{rel}","templated":true}]}}