{"id":2171,"date":"2016-03-15T20:00:51","date_gmt":"2016-03-15T19:00:51","guid":{"rendered":"http:\/\/www.marcberthoumieux.com\/blog\/?p=2171"},"modified":"2021-08-08T20:14:10","modified_gmt":"2021-08-08T18:14:10","slug":"concert-avec-vincent-peirani-guests-jazz-en-folie-a-marseille-le-15-mars-2015","status":"publish","type":"post","link":"https:\/\/www.marcberthoumieux.com\/blog\/concert-avec-vincent-peirani-guests-jazz-en-folie-a-marseille-le-15-mars-2015\/","title":{"rendered":"Concert avec Vincent Peirani &#038; Guests &#8211; Jazz en Folie \u00e0 Marseille le 15 mars 2016"},"content":{"rendered":"<p style=\"text-align: center;\"><strong>\u00ab\u00a0VINCENT PEIRANI &amp; GUESTS\u00a0\u00bb<\/strong><br \/>\n<strong> JAZZ EN FOLIE<\/strong><\/p>\n<p style=\"text-align: center;\">Un plateau de r\u00eave r\u00e9uni pour cet unique concert autour de l\u2019accord\u00e9on brillant de Vincent Peirani.<\/p>\n<p style=\"text-align: center;\">Une f\u00eate du Jazz sous le signe de l\u2019amiti\u00e9, et de l&rsquo;incandescence musicale : une promesse de sets au swing endiabl\u00e9 !<\/p>\n<p style=\"text-align: center;\">Avec<\/p>\n<p style=\"text-align: center;\"><strong>Marc Berthoumieux, Daniel Mille, Vincent Peirani<\/strong> (Accord\u00e9ons)<\/p>\n<p style=\"text-align: center;\"><strong>Pierre Perchaud<\/strong> (Guitare)<\/p>\n<p style=\"text-align: center;\"><strong>J\u00e9r\u00f4me Regard<\/strong> (Contrebasse)<\/p>\n<p style=\"text-align: center;\"><strong>Andr\u00e9 Ceccarelli<\/strong> (Batterie)<\/p>\n<p style=\"text-align: center;\"><strong>Emile Parisien<\/strong> (Saxophone)<\/p>\n<p style=\"text-align: center;\"><strong>Fran\u00e7ois Salque<\/strong> (Violoncelle)<\/p>\n<p style=\"text-align: center;\"><a href=\"https:\/\/www.marcberthoumieux.com\/blog\/concert-avec-vincent-peirani-guests-jazz-en-folie-a-marseille-le-15-mars-2015\/marc-et-vincent-peirani-2\/\" rel=\"attachment wp-att-2172\"><img loading=\"lazy\" decoding=\"async\" class=\"aligncenter size-full wp-image-2172\" src=\"https:\/\/www.marcberthoumieux.com\/blog\/wp-content\/uploads\/2015\/09\/Marc-et-Vincent-Peirani-2.jpg\" alt=\"Marc et Vincent Peirani 2\" width=\"650\" height=\"650\" srcset=\"https:\/\/www.marcberthoumieux.com\/blog\/wp-content\/uploads\/2015\/09\/Marc-et-Vincent-Peirani-2.jpg 650w, https:\/\/www.marcberthoumieux.com\/blog\/wp-content\/uploads\/2015\/09\/Marc-et-Vincent-Peirani-2-150x150.jpg 150w, https:\/\/www.marcberthoumieux.com\/blog\/wp-content\/uploads\/2015\/09\/Marc-et-Vincent-Peirani-2-300x300.jpg 300w\" sizes=\"auto, (max-width: 650px) 100vw, 650px\" \/><\/a><\/p>\n<p style=\"text-align: center;\"><strong>THEATRE NATIONAL &#8211; LA CRIEE<\/strong><br \/>\n<strong> 30 Quai de Rive-Neuve<\/strong><br \/>\n<strong> 13007 MARSEILLE 07<\/strong><\/p>\n<p style=\"text-align: center;\"><a href=\"http:\/\/bandsintown.fnacspectacles.com\/place-spectacle\/manifestation\/Jazz-VINCENT-PEIRANI---GUESTS-TNM12.htm#\/manifestation\/plus_disponible\" target=\"_blank\" rel=\"noopener noreferrer\">Places en vente ici<\/a><\/p>\n<p style=\"text-align: center;\"><a href=\"https:\/\/www.marcberthoumieux.com\/blog\/concert-avec-vincent-peirani-guests-jazz-en-folie-a-marseille-le-15-mars-2015\/avec-vincent-peirani-co-a-marseille\/\" rel=\"attachment wp-att-2616\"><img loading=\"lazy\" decoding=\"async\" class=\"aligncenter wp-image-2616\" src=\"https:\/\/www.marcberthoumieux.com\/blog\/wp-content\/uploads\/2016\/03\/Avec-Vincent-Peirani-Co-\u00e0-Marseille.jpg\" alt=\"Avec Vincent Peirani &amp; Co \u00e0 Marseille\" width=\"650\" height=\"488\" srcset=\"https:\/\/www.marcberthoumieux.com\/blog\/wp-content\/uploads\/2016\/03\/Avec-Vincent-Peirani-Co-\u00e0-Marseille.jpg 960w, https:\/\/www.marcberthoumieux.com\/blog\/wp-content\/uploads\/2016\/03\/Avec-Vincent-Peirani-Co-\u00e0-Marseille-300x225.jpg 300w, https:\/\/www.marcberthoumieux.com\/blog\/wp-content\/uploads\/2016\/03\/Avec-Vincent-Peirani-Co-\u00e0-Marseille-768x576.jpg 768w\" sizes=\"auto, (max-width: 650px) 100vw, 650px\" \/><\/a><\/p>\n<p style=\"text-align: center;\">De gauche \u00e0 droite : Vincent Peirani, D\u00e9d\u00e9 Ceccarelli, Pierre Perchaud, Daniel Mille, Nicolas Djeman (ing\u00e9 son), J\u00e9r\u00f4me Regard, Marc Berthoumieux, Emile Parisien et Fran\u00e7ois Salque<\/p>\n","protected":false},"excerpt":{"rendered":"<p>Un plateau de r\u00eave r\u00e9uni pour cet unique concert autour de l\u2019accord\u00e9on brillant de Vincent Peirani.<br \/>\nAvec Marc Berthoumieux, Daniel Mille, Vincent Peirani (Accord\u00e9ons) Pierre Perchaud (Guitare) J\u00e9r\u00f4me Regard (Contrebasse) Andr\u00e9 Ceccarelli (Batterie) Emile Parisien (Saxophone) Fran\u00e7ois Salque (Violoncelle)<\/p>\n","protected":false},"author":1,"featured_media":2172,"comment_status":"closed","ping_status":"open","sticky":false,"template":"","format":"standard","meta":{"footnotes":""},"categories":[3,23],"tags":[24,142,133,134,136,75,135,50],"class_list":["post-2171","post","type-post","status-publish","format-standard","has-post-thumbnail","hentry","category-01-concerts","category-06-rencontre-artistique","tag-andre-ceccarelli","tag-01-concerts","tag-daniel-mille","tag-emile-parisien","tag-francois-salque","tag-jerome-regard","tag-pierre-perchaud","tag-vincent-peirani"],"_links":{"self":[{"href":"https:\/\/www.marcberthoumieux.com\/blog\/wp-json\/wp\/v2\/posts\/2171","targetHints":{"allow":["GET"]}}],"collection":[{"href":"https:\/\/www.marcberthoumieux.com\/blog\/wp-json\/wp\/v2\/posts"}],"about":[{"href":"https:\/\/www.marcberthoumieux.com\/blog\/wp-json\/wp\/v2\/types\/post"}],"author":[{"embeddable":true,"href":"https:\/\/www.marcberthoumieux.com\/blog\/wp-json\/wp\/v2\/users\/1"}],"replies":[{"embeddable":true,"href":"https:\/\/www.marcberthoumieux.com\/blog\/wp-json\/wp\/v2\/comments?post=2171"}],"version-history":[{"count":10,"href":"https:\/\/www.marcberthoumieux.com\/blog\/wp-json\/wp\/v2\/posts\/2171\/revisions"}],"predecessor-version":[{"id":3821,"href":"https:\/\/www.marcberthoumieux.com\/blog\/wp-json\/wp\/v2\/posts\/2171\/revisions\/3821"}],"wp:featuredmedia":[{"embeddable":true,"href":"https:\/\/www.marcberthoumieux.com\/blog\/wp-json\/wp\/v2\/media\/2172"}],"wp:attachment":[{"href":"https:\/\/www.marcberthoumieux.com\/blog\/wp-json\/wp\/v2\/media?parent=2171"}],"wp:term":[{"taxonomy":"category","embeddable":true,"href":"https:\/\/www.marcberthoumieux.com\/blog\/wp-json\/wp\/v2\/categories?post=2171"},{"taxonomy":"post_tag","embeddable":true,"href":"https:\/\/www.marcberthoumieux.com\/blog\/wp-json\/wp\/v2\/tags?post=2171"}],"curies":[{"name":"wp","href":"https:\/\/api.w.org\/{rel}","templated":true}]}}