{"id":2214,"date":"2015-10-03T13:30:08","date_gmt":"2015-10-03T11:30:08","guid":{"rendered":"http:\/\/www.marcberthoumieux.com\/blog\/?p=2214"},"modified":"2021-08-12T17:06:25","modified_gmt":"2021-08-12T15:06:25","slug":"3eme-salon-de-laccordeon-a-paris-les-3-et-4-octobre-2015","status":"publish","type":"post","link":"https:\/\/www.marcberthoumieux.com\/blog\/3eme-salon-de-laccordeon-a-paris-les-3-et-4-octobre-2015\/","title":{"rendered":"Mini concerts en Duo au 3\u00e8me Salon de l&rsquo;Accord\u00e9on \u00e0 Paris"},"content":{"rendered":"<p style=\"text-align: center;\"><a href=\"https:\/\/www.marcberthoumieux.com\/blog\/3eme-salon-de-laccordeon-a-paris-les-3-et-4-octobre-2015\/ludo-et-marc\/\" rel=\"attachment wp-att-2221\"><br \/>\n<\/a>Marc Berthoumieux et Ludovic Beier en DUO au 3\u00e8me Salon de l&rsquo;Accord\u00e9on \u00e0 Paris les 3\u00a0et 4\u00a0octobre 2015<\/p>\n<p style=\"text-align: center;\"><strong>Mini concerts pr\u00e9vus samedi \u00e0 13h30\u00a0<\/strong>et\u00a0<strong>dimanche \u00e0 12h<\/strong><\/p>\n<p style=\"text-align: center;\"><strong>avec des accord\u00e9ons num\u00e9riques Roland.<\/strong><\/p>\n<p style=\"text-align: center;\"><strong><img loading=\"lazy\" decoding=\"async\" class=\"aligncenter size-full wp-image-2221\" src=\"https:\/\/www.marcberthoumieux.com\/blog\/wp-content\/uploads\/2015\/09\/LUDO-et-MARC.jpeg\" alt=\"LUDO et MARC\" width=\"523\" height=\"480\" srcset=\"https:\/\/www.marcberthoumieux.com\/blog\/wp-content\/uploads\/2015\/09\/LUDO-et-MARC.jpeg 523w, https:\/\/www.marcberthoumieux.com\/blog\/wp-content\/uploads\/2015\/09\/LUDO-et-MARC-300x275.jpeg 300w\" sizes=\"auto, (max-width: 523px) 100vw, 523px\" \/><\/strong><\/p>\n<p style=\"text-align: center;\">\n<p style=\"text-align: center;\">Photo \u00a9 Roland\u00a0:\u00a0Marc Berthoumieux\u00a0&#8211;\u00a0Ludovic Beier<\/p>\n<p style=\"text-align: center;\">\n<p style=\"text-align: center;\"><a href=\"https:\/\/www.marcberthoumieux.com\/blog\/interview-de-marc-berthoumieux-a-propos-de-laccordeon-numerique-roland-fr-8xb\/ludomarcmitomann-650px-web\/\" rel=\"attachment wp-att-2338\"><img loading=\"lazy\" decoding=\"async\" class=\"aligncenter size-full wp-image-2338\" src=\"https:\/\/www.marcberthoumieux.com\/blog\/wp-content\/uploads\/2015\/03\/LudoMarcMitoMann-650px-web.jpg\" alt=\"LudoMarcMitoMann-650px-web\" width=\"650\" height=\"426\" srcset=\"https:\/\/www.marcberthoumieux.com\/blog\/wp-content\/uploads\/2015\/03\/LudoMarcMitoMann-650px-web.jpg 650w, https:\/\/www.marcberthoumieux.com\/blog\/wp-content\/uploads\/2015\/03\/LudoMarcMitoMann-650px-web-300x197.jpg 300w\" sizes=\"auto, (max-width: 650px) 100vw, 650px\" \/><\/a><\/p>\n<p style=\"color: #1f1f1f; text-align: center;\"><span style=\"font-weight: bold; font-style: inherit;\">Marc Berthoumieux &#8211; Vincent Riviale &#8211; Ludovic Beier<\/span><\/p>\n<p style=\"color: #1f1f1f; text-align: center;\"><span style=\"font-weight: bold; font-style: inherit;\">[photo &#8211; Salon de l&rsquo;accord\u00e9on Paris &#8211; octobre 2015 &#8211; ]<\/span><\/p>\n<hr \/>\n<p style=\"color: #1f1f1f; text-align: center;\">Affiche officielle Salon de l&rsquo;accord\u00e9on 2015<\/p>\n<p style=\"text-align: center;\"><strong><img loading=\"lazy\" decoding=\"async\" class=\"aligncenter size-full wp-image-2215\" src=\"https:\/\/www.marcberthoumieux.com\/blog\/wp-content\/uploads\/2015\/09\/Sallon-accordeon-2015-affiche-650px.jpg\" alt=\"Sallon accordeon 2015 affiche 650px\" width=\"650\" height=\"916\" srcset=\"https:\/\/www.marcberthoumieux.com\/blog\/wp-content\/uploads\/2015\/09\/Sallon-accordeon-2015-affiche-650px.jpg 650w, https:\/\/www.marcberthoumieux.com\/blog\/wp-content\/uploads\/2015\/09\/Sallon-accordeon-2015-affiche-650px-213x300.jpg 213w\" sizes=\"auto, (max-width: 650px) 100vw, 650px\" \/><\/strong><\/p>\n<p style=\"text-align: center;\">Marc BERTHOUMIEUX joue sur<\/p>\n<p style=\"text-align: center;\">des Accord\u00e9ons\u00a0CASTAGNARI et ROLAND<\/p>\n","protected":false},"excerpt":{"rendered":"<p>Marc Berthoumieux et Ludovic Beier en DUO au 3\u00e8me Salon de l&rsquo;Accord\u00e9on \u00e0 Paris les 3\u00a0et 4\u00a0octobre 2015 Mini concerts pr\u00e9vus samedi \u00e0 13h30\u00a0et\u00a0dimanche \u00e0 12h avec des accord\u00e9ons num\u00e9riques Roland. Photo \u00a9 Roland\u00a0:\u00a0Marc Berthoumieux\u00a0&#8211;\u00a0Ludovic Beier Marc Berthoumieux &#8211; Vincent Riviale &#8211; Ludovic Beier [photo &#8211; Salon de l&rsquo;accord\u00e9on Paris &#8211; octobre 2015 &#8211; ] [&hellip;]<\/p>\n","protected":false},"author":1,"featured_media":2223,"comment_status":"closed","ping_status":"open","sticky":false,"template":"","format":"standard","meta":{"footnotes":""},"categories":[3,2,62,23],"tags":[142,43],"class_list":["post-2214","post","type-post","status-publish","format-standard","has-post-thumbnail","hentry","category-01-concerts","category-05-evenements","category-instruments","category-06-rencontre-artistique","tag-01-concerts","tag-ludovic-beier"],"_links":{"self":[{"href":"https:\/\/www.marcberthoumieux.com\/blog\/wp-json\/wp\/v2\/posts\/2214","targetHints":{"allow":["GET"]}}],"collection":[{"href":"https:\/\/www.marcberthoumieux.com\/blog\/wp-json\/wp\/v2\/posts"}],"about":[{"href":"https:\/\/www.marcberthoumieux.com\/blog\/wp-json\/wp\/v2\/types\/post"}],"author":[{"embeddable":true,"href":"https:\/\/www.marcberthoumieux.com\/blog\/wp-json\/wp\/v2\/users\/1"}],"replies":[{"embeddable":true,"href":"https:\/\/www.marcberthoumieux.com\/blog\/wp-json\/wp\/v2\/comments?post=2214"}],"version-history":[{"count":10,"href":"https:\/\/www.marcberthoumieux.com\/blog\/wp-json\/wp\/v2\/posts\/2214\/revisions"}],"predecessor-version":[{"id":4374,"href":"https:\/\/www.marcberthoumieux.com\/blog\/wp-json\/wp\/v2\/posts\/2214\/revisions\/4374"}],"wp:featuredmedia":[{"embeddable":true,"href":"https:\/\/www.marcberthoumieux.com\/blog\/wp-json\/wp\/v2\/media\/2223"}],"wp:attachment":[{"href":"https:\/\/www.marcberthoumieux.com\/blog\/wp-json\/wp\/v2\/media?parent=2214"}],"wp:term":[{"taxonomy":"category","embeddable":true,"href":"https:\/\/www.marcberthoumieux.com\/blog\/wp-json\/wp\/v2\/categories?post=2214"},{"taxonomy":"post_tag","embeddable":true,"href":"https:\/\/www.marcberthoumieux.com\/blog\/wp-json\/wp\/v2\/tags?post=2214"}],"curies":[{"name":"wp","href":"https:\/\/api.w.org\/{rel}","templated":true}]}}