{"id":2245,"date":"2015-11-25T12:00:28","date_gmt":"2015-11-25T11:00:28","guid":{"rendered":"http:\/\/www.marcberthoumieux.com\/blog\/?p=2245"},"modified":"2021-08-08T20:14:10","modified_gmt":"2021-08-08T18:14:10","slug":"mixage-de-lalbum-express-europa-de-jean-pierre-como-sortie-octobre-2015","status":"publish","type":"post","link":"https:\/\/www.marcberthoumieux.com\/blog\/mixage-de-lalbum-express-europa-de-jean-pierre-como-sortie-octobre-2015\/","title":{"rendered":"Mixage de l&rsquo;album \u00ab\u00a0Express Europa\u00a0\u00bb de Jean Pierre Como [sortie octobre 2015]"},"content":{"rendered":"<h3 style=\"text-align: center;\"><strong>Mixage de l&rsquo;album \u00ab\u00a0Express Europa\u00a0\u00bb de Jean Pierre Como<\/strong><\/h3>\n<p style=\"text-align: center;\"><strong>Sortie nationale le 9 octobre 2015<\/strong><\/p>\n<p style=\"text-align: center;\">Concert de pr\u00e9sentation le 12 octobre<\/p>\n<p style=\"text-align: center;\">au Caf\u00e9 de la Danse &#8211; Paris<\/p>\n<p style=\"text-align: center;\">Amis depuis pr\u00e8s de 25 ans, Jean Pierre Como et Marc Berthoumieux\u00a0se retrouvent p\u00e9riodiquement sur sc\u00e8ne ou en studio. Marc Berthoumieux qui avait auparavant d\u00e9j\u00e0 mix\u00e9 l&rsquo;album \u00ab\u00a0Express Paris Roma\u00a0\u00bb (1995) et r\u00e9cemment \u00ab\u00a0Bol\u00e9ro\u00a0\u00bb (2013), se retrouve encore \u00e0 signer le mixage de ce nouvel album.<\/p>\n<p style=\"text-align: center;\"><a href=\"http:\/\/www.souslaville.com\/jean-pierre-como-express-europa.html\" target=\"_blank\" rel=\"attachment wp-att-2252 noopener noreferrer\"><img loading=\"lazy\" decoding=\"async\" class=\"aligncenter wp-image-2252\" src=\"https:\/\/www.marcberthoumieux.com\/blog\/wp-content\/uploads\/2015\/10\/infos-expresseuropa.jpg\" alt=\"infos-expresseuropa\" width=\"650\" height=\"233\" srcset=\"https:\/\/www.marcberthoumieux.com\/blog\/wp-content\/uploads\/2015\/10\/infos-expresseuropa.jpg 800w, https:\/\/www.marcberthoumieux.com\/blog\/wp-content\/uploads\/2015\/10\/infos-expresseuropa-300x108.jpg 300w, https:\/\/www.marcberthoumieux.com\/blog\/wp-content\/uploads\/2015\/10\/infos-expresseuropa-768x276.jpg 768w\" sizes=\"auto, (max-width: 650px) 100vw, 650px\" \/><\/a><\/p>\n<p style=\"text-align: center;\" align=\"right\">Jean-Pierre Como : piano &amp; compositions<\/p>\n<p style=\"text-align: center;\" align=\"right\">Stefano Di Battista : saxophones<\/p>\n<p style=\"text-align: center;\" align=\"right\">Louis Winsberg : guitares<\/p>\n<p style=\"text-align: center;\" align=\"right\">J\u00e9r\u00f4me Regard : basse et contrebasse<\/p>\n<p style=\"text-align: center;\" align=\"right\">St\u00e9phane Huchard : batterie<\/p>\n<p style=\"text-align: center;\" align=\"right\">Hugh Coltman : chant<\/p>\n<p style=\"text-align: center;\" align=\"right\">Walter Ricci : chant<\/p>\n<p style=\"text-align: center;\" align=\"right\">Guests :<\/p>\n<p style=\"text-align: center;\" align=\"right\">Andr\u00e9 Ceccarelli : batterie<\/p>\n<p style=\"text-align: center;\" align=\"right\">Jean-Marie Ecay : guitare<\/p>\n<p style=\"text-align: center;\" align=\"right\">Pierre Bertrand : arrangements sur 4 titres.<\/p>\n<p style=\"text-align: center;\" align=\"right\"><a href=\"https:\/\/www.marcberthoumieux.com\/blog\/mixage-de-lalbum-express-europa-de-jean-pierre-como-sortie-octobre-2015\/jean-pierre-como-express-europa\/\" rel=\"attachment wp-att-2251\"><img loading=\"lazy\" decoding=\"async\" class=\"wp-image-2251 aligncenter\" src=\"https:\/\/www.marcberthoumieux.com\/blog\/wp-content\/uploads\/2015\/10\/Jean-Pierre-Como-Express-Europa.jpg\" alt=\"Jean Pierre Como Express Europa\" width=\"650\" height=\"600\" srcset=\"https:\/\/www.marcberthoumieux.com\/blog\/wp-content\/uploads\/2015\/10\/Jean-Pierre-Como-Express-Europa.jpg 960w, https:\/\/www.marcberthoumieux.com\/blog\/wp-content\/uploads\/2015\/10\/Jean-Pierre-Como-Express-Europa-300x277.jpg 300w, https:\/\/www.marcberthoumieux.com\/blog\/wp-content\/uploads\/2015\/10\/Jean-Pierre-Como-Express-Europa-768x709.jpg 768w\" sizes=\"auto, (max-width: 650px) 100vw, 650px\" \/><\/a><\/p>\n<p style=\"text-align: center;\" align=\"right\">Amis depuis pr\u00e8s de 25 ans, Jean Pierre Como et Marc Berthoumieux\u00a0se retrouvent p\u00e9riodiquement sur sc\u00e8ne ou en studio. Marc Berthoumieux qui avait auparavant d\u00e9j\u00e0 mix\u00e9 l&rsquo;album \u00ab\u00a0Express Paris Roma\u00a0\u00bb (1995) et r\u00e9cemment \u00ab\u00a0Bol\u00e9ro\u00a0\u00bb (2013), se retrouve encore \u00e0 signer le mixage de ce nouvel album.<\/p>\n<p style=\"text-align: center;\"><a href=\"https:\/\/www.marcberthoumieux.com\/blog\/mixage-de-lalbum-express-europa-de-jean-pierre-como-sortie-octobre-2015\/jp-como-mix-1\/\" rel=\"attachment wp-att-2248\"><img loading=\"lazy\" decoding=\"async\" class=\"aligncenter  wp-image-2248\" src=\"https:\/\/www.marcberthoumieux.com\/blog\/wp-content\/uploads\/2015\/10\/JP-Como-Mix-1-1024x683.jpg\" alt=\"JP-Como-Mix-1\" width=\"651\" height=\"434\" \/><\/a><\/p>\n<p><a href=\"https:\/\/www.marcberthoumieux.com\/blog\/mixage-de-lalbum-express-europa-de-jean-pierre-como-sortie-octobre-2015\/jp-como-mix-2\/\" rel=\"attachment wp-att-2249\"><img loading=\"lazy\" decoding=\"async\" class=\"wp-image-2249 aligncenter\" src=\"https:\/\/www.marcberthoumieux.com\/blog\/wp-content\/uploads\/2015\/10\/JP-Como-Mix-2-1024x683.jpg\" alt=\"JP-Como-Mix-2\" width=\"651\" height=\"434\" \/><\/a><\/p>\n<p>&nbsp;<\/p>\n<p>Marc Berthoumieux est ing\u00e9nieur du son depuis 1985&#8230; M\u00eame si cette seconde activit\u00e9 n&rsquo;est pas mise en avant, il travaille depuis de nombreuses ann\u00e9es dans l&rsquo;univers des studios. Il signe notamment le mixage de tous ses albums personnels.<\/p>\n<p style=\"text-align: center;\"><a href=\"http:\/\/www.marcberthoumieux.com\/discographie.html#anchor-ingenieurduson\">Une discographie s\u00e9lective\u00a0ici<\/a><\/p>\n<p style=\"text-align: center;\"><a href=\"http:\/\/www.souslaville.com\/jean-pierre-como-express-europa.html\" target=\"_blank\" rel=\"noopener noreferrer\">Page web officiel de l&rsquo;album ici<\/a><\/p>\n","protected":false},"excerpt":{"rendered":"<p>Mixage de l&rsquo;album \u00ab\u00a0Express Europa\u00a0\u00bb de Jean Pierre Como Sortie nationale le 9 octobre 2015 Concert de pr\u00e9sentation le 12 octobre au Caf\u00e9 de la Danse &#8211; Paris Amis depuis pr\u00e8s de 25 ans, Jean Pierre Como et Marc Berthoumieux\u00a0se retrouvent p\u00e9riodiquement sur sc\u00e8ne ou en studio. Marc Berthoumieux qui avait auparavant d\u00e9j\u00e0 mix\u00e9 l&rsquo;album [&hellip;]<\/p>\n","protected":false},"author":1,"featured_media":2250,"comment_status":"closed","ping_status":"open","sticky":false,"template":"","format":"standard","meta":{"footnotes":""},"categories":[19,23],"tags":[26,21],"class_list":["post-2245","post","type-post","status-publish","format-standard","has-post-thumbnail","hentry","category-02-album","category-06-rencontre-artistique","tag-jean-pierre-como","tag-participation-album"],"_links":{"self":[{"href":"https:\/\/www.marcberthoumieux.com\/blog\/wp-json\/wp\/v2\/posts\/2245","targetHints":{"allow":["GET"]}}],"collection":[{"href":"https:\/\/www.marcberthoumieux.com\/blog\/wp-json\/wp\/v2\/posts"}],"about":[{"href":"https:\/\/www.marcberthoumieux.com\/blog\/wp-json\/wp\/v2\/types\/post"}],"author":[{"embeddable":true,"href":"https:\/\/www.marcberthoumieux.com\/blog\/wp-json\/wp\/v2\/users\/1"}],"replies":[{"embeddable":true,"href":"https:\/\/www.marcberthoumieux.com\/blog\/wp-json\/wp\/v2\/comments?post=2245"}],"version-history":[{"count":7,"href":"https:\/\/www.marcberthoumieux.com\/blog\/wp-json\/wp\/v2\/posts\/2245\/revisions"}],"predecessor-version":[{"id":3823,"href":"https:\/\/www.marcberthoumieux.com\/blog\/wp-json\/wp\/v2\/posts\/2245\/revisions\/3823"}],"wp:featuredmedia":[{"embeddable":true,"href":"https:\/\/www.marcberthoumieux.com\/blog\/wp-json\/wp\/v2\/media\/2250"}],"wp:attachment":[{"href":"https:\/\/www.marcberthoumieux.com\/blog\/wp-json\/wp\/v2\/media?parent=2245"}],"wp:term":[{"taxonomy":"category","embeddable":true,"href":"https:\/\/www.marcberthoumieux.com\/blog\/wp-json\/wp\/v2\/categories?post=2245"},{"taxonomy":"post_tag","embeddable":true,"href":"https:\/\/www.marcberthoumieux.com\/blog\/wp-json\/wp\/v2\/tags?post=2245"}],"curies":[{"name":"wp","href":"https:\/\/api.w.org\/{rel}","templated":true}]}}