{"id":266,"date":"2010-07-01T12:00:07","date_gmt":"2010-07-01T10:00:07","guid":{"rendered":"http:\/\/www.marcberthoumieux.com\/blog\/?p=266"},"modified":"2021-08-11T04:13:08","modified_gmt":"2021-08-11T02:13:08","slug":"article-sur-le-parisien-pour-les-albums-album-jazz-no-jazz-volume-1-volume-2-2004","status":"publish","type":"post","link":"https:\/\/www.marcberthoumieux.com\/blog\/article-sur-le-parisien-pour-les-albums-album-jazz-no-jazz-volume-1-volume-2-2004\/","title":{"rendered":"Article sur le PARISIEN &#8211; Albums \u00ab\u00a0Jazz \/ No Jazz\u00a0\u00bb Volume 1 &#038; Volume 2 (2004)"},"content":{"rendered":"\n<figure class=\"wp-block-image size-large is-resized\"><img loading=\"lazy\" decoding=\"async\" src=\"https:\/\/www.marcberthoumieux.com\/blog\/wp-content\/uploads\/2010\/07\/Le_Parisien_-_logo_2016-1024x320.png\" alt=\"\" class=\"wp-image-4302\" width=\"295\" height=\"92\" srcset=\"https:\/\/www.marcberthoumieux.com\/blog\/wp-content\/uploads\/2010\/07\/Le_Parisien_-_logo_2016-1024x320.png 1024w, https:\/\/www.marcberthoumieux.com\/blog\/wp-content\/uploads\/2010\/07\/Le_Parisien_-_logo_2016-300x94.png 300w, https:\/\/www.marcberthoumieux.com\/blog\/wp-content\/uploads\/2010\/07\/Le_Parisien_-_logo_2016-768x240.png 768w, https:\/\/www.marcberthoumieux.com\/blog\/wp-content\/uploads\/2010\/07\/Le_Parisien_-_logo_2016-1536x480.png 1536w, https:\/\/www.marcberthoumieux.com\/blog\/wp-content\/uploads\/2010\/07\/Le_Parisien_-_logo_2016-2048x640.png 2048w\" sizes=\"auto, (max-width: 295px) 100vw, 295px\" \/><\/figure>\n\n\n\n<p class=\"has-large-font-size\"><strong>L&rsquo;accord\u00e9on se d\u00e9fripe<\/strong><\/p>\n\n\n\n<p class=\"has-medium-font-size\">\u00ab\u00a0&#8230;<em>la nouvelle sensation du jazz fran\u00e7ais<\/em>&#8230;\u00a0\u00bb<\/p>\n\n\n\n<p>Par&nbsp;<strong>Yves Jaegl\u00e9<\/strong>&nbsp;&#8211; Le&nbsp;11 juin 2004<\/p>\n\n\n\n<figure class=\"wp-block-image size-large\"><img loading=\"lazy\" decoding=\"async\" width=\"610\" height=\"440\" src=\"https:\/\/www.marcberthoumieux.com\/blog\/wp-content\/uploads\/2013\/07\/crbst_Article_20Le_20parisien0.jpg\" alt=\"\" class=\"wp-image-267\" srcset=\"https:\/\/www.marcberthoumieux.com\/blog\/wp-content\/uploads\/2013\/07\/crbst_Article_20Le_20parisien0.jpg 610w, https:\/\/www.marcberthoumieux.com\/blog\/wp-content\/uploads\/2013\/07\/crbst_Article_20Le_20parisien0-300x216.jpg 300w\" sizes=\"auto, (max-width: 610px) 100vw, 610px\" \/><\/figure>\n\n\n\n<p style=\"font-size:19px\"><strong>VIEILLOT, L&rsquo;ACCORDEON ? Vraiment plus du tout. <\/strong><\/p>\n\n\n\n<p class=\"has-normal-font-size\"><strong>Marc Berthoumieux, du bal au jazz <\/strong><br \/><br \/> Marc Berthoumieux, <strong>la nouvelle sensation du jazz fran\u00e7ais<\/strong>, ce soir et demain au Sunset, le club \u00ab in \u00bb de la capitale, symbolise toutes les m\u00e9tamorphoses de l&rsquo;accord\u00e9on. A 43 ans, il a d\u00e9j\u00e0 trente ans de m\u00e9tier. \u00ab A 11 ans, on venait me chercher en voiture pour faire danser les gens en solo avec mon accord\u00e9on. J&rsquo;avais un petit ampli, une bo\u00eete \u00e0 rythmes et un micro, et je me voyais comme la septi\u00e8me merveille du monde dans ces dancings de province se rappelle ce Savoyard. Mais il a attendu d&rsquo;avoir 38 ans pour publier son premier album. \u00ab Dans les ann\u00e9es 1980, l&rsquo;accord\u00e9on \u00e9tait pire que ringardis\u00e9, sinistr\u00e9. On ne me demandait que des valses et des tangos. Je me suis install\u00e9 \u00e0 Paris pour faire du jazz. \u00bb Il accompagne les grands de la chanson, <strong>de Johnny \u00e0 Nougaro<\/strong>, dont il a \u00e9t\u00e9 tr\u00e8s proche les deux derni\u00e8res ann\u00e9es de sa vie. L&rsquo;ami toulousain chante d&rsquo;ailleurs sur \u00ab <strong>Jazz, No Jazz<\/strong> \u00bb, le nouvel album de Marc Berthoumieux, compos\u00e9 en fait de deux albums, que l&rsquo;on peut acheter s\u00e9par\u00e9ment, le second volume explorant les rythmes africains, latino-am\u00e9ricains ou blues. \u00ab J&rsquo;ai \u00e9t\u00e9 inspir\u00e9 par <strong>Smoking, No Smoking, les deux films d&rsquo;Alain Resnais<\/strong>, mais surtout par le Cimeti\u00e8re des \u00e9l\u00e9phants : <strong>Eddy Mitchell<\/strong> avait r\u00e9alis\u00e9 deux versions compl\u00e8tement diff\u00e9rentes de ce tube dans son album, et j&rsquo;ai eu envie moi aussi de raconter plusieurs histoires \u00e0 partir d&rsquo;un m\u00eame morceau. \u00bb <strong>Richard Bona<\/strong>, le chanteur camerounais, y interpr\u00e8te lui aussi un titre splendide accompagn\u00e9 par Marc Berthoumieux. \u00ab En Afrique et en Am\u00e9rique latine, l&rsquo;accord\u00e9on est beaucoup plus pr\u00e9sent qu&rsquo;on ne croit. Chez nous, <strong>Cabrel et Bruel<\/strong>, ainsi que les T\u00eates Raides et la Mano Negra lui ont ouvert de nouvelles pistes. \u00bb <br \/> Le nouveau leader de l&rsquo;accord\u00e9on a aussi sign\u00e9 une m\u00e9thode pour les d\u00e9butants : \u00ab On peut rapidement apprendre \u00e0 jouer quelques morceaux. Et puis les gens ne savent pas que, m\u00eame si un accord\u00e9on co\u00fbte cher, on peut tr\u00e8s facilement en louer un. \u00bb&nbsp;<\/p>\n\n\n\n<p class=\"has-small-font-size\"><em>Ce soir et demain \u00e0 22 heures en quintette au Sunset, 60, rue des Lombards <br \/> (1er), M\u00b0 Ch\u00e2telet. Tarif : 20\u20ac., t\u00e9l. 01 40 26 46 60 &nbsp;<\/em><\/p>\n\n\n\n<hr class=\"wp-block-separator\"\/>\n\n\n\n<div class=\"wp-block-image\"><figure class=\"aligncenter size-large is-resized\"><img loading=\"lazy\" decoding=\"async\" src=\"https:\/\/www.marcberthoumieux.com\/blog\/wp-content\/uploads\/2010\/07\/Jazz-No-Jazz-Volume-1.jpg\" alt=\"\" class=\"wp-image-4309\" width=\"400\" height=\"400\" srcset=\"https:\/\/www.marcberthoumieux.com\/blog\/wp-content\/uploads\/2010\/07\/Jazz-No-Jazz-Volume-1.jpg 800w, https:\/\/www.marcberthoumieux.com\/blog\/wp-content\/uploads\/2010\/07\/Jazz-No-Jazz-Volume-1-300x300.jpg 300w, https:\/\/www.marcberthoumieux.com\/blog\/wp-content\/uploads\/2010\/07\/Jazz-No-Jazz-Volume-1-150x150.jpg 150w, https:\/\/www.marcberthoumieux.com\/blog\/wp-content\/uploads\/2010\/07\/Jazz-No-Jazz-Volume-1-768x768.jpg 768w\" sizes=\"auto, (max-width: 400px) 100vw, 400px\" \/><\/figure><\/div>\n\n\n\n<div class=\"wp-block-button aligncenter is-style-outline is-style-outline--1\"><a class=\"wp-block-button__link has-text-color has-very-light-gray-color has-background has-vivid-cyan-blue-background-color\" href=\"https:\/\/ffm.to\/jazznojazz1.owe\" style=\"border-radius:3px\">\u00c9COUTER \/ ACHETER<\/a><\/div>\n\n\n\n<div style=\"height:32px\" aria-hidden=\"true\" class=\"wp-block-spacer\"><\/div>\n\n\n\n<hr class=\"wp-block-separator\"\/>\n\n\n\n<div class=\"wp-block-image\"><figure class=\"aligncenter size-large is-resized\"><img loading=\"lazy\" decoding=\"async\" src=\"https:\/\/www.marcberthoumieux.com\/blog\/wp-content\/uploads\/2010\/07\/Jazz-No-Jazz-Volume-2.jpg\" alt=\"\" class=\"wp-image-4308\" width=\"400\" height=\"400\" srcset=\"https:\/\/www.marcberthoumieux.com\/blog\/wp-content\/uploads\/2010\/07\/Jazz-No-Jazz-Volume-2.jpg 800w, https:\/\/www.marcberthoumieux.com\/blog\/wp-content\/uploads\/2010\/07\/Jazz-No-Jazz-Volume-2-300x300.jpg 300w, https:\/\/www.marcberthoumieux.com\/blog\/wp-content\/uploads\/2010\/07\/Jazz-No-Jazz-Volume-2-150x150.jpg 150w, https:\/\/www.marcberthoumieux.com\/blog\/wp-content\/uploads\/2010\/07\/Jazz-No-Jazz-Volume-2-768x768.jpg 768w\" sizes=\"auto, (max-width: 400px) 100vw, 400px\" \/><\/figure><\/div>\n\n\n\n<div class=\"wp-block-button aligncenter is-style-outline is-style-outline--2\"><a class=\"wp-block-button__link has-text-color has-very-light-gray-color has-background has-vivid-cyan-blue-background-color\" href=\"https:\/\/ffm.to\/jazznojazz2.owe\" style=\"border-radius:3px\">\u00c9COUTER \/ ACHETER<\/a><\/div>\n","protected":false},"excerpt":{"rendered":"<p>L&rsquo;accord\u00e9on se d\u00e9fripe \u00ab\u00a0&#8230;la nouvelle sensation du jazz fran\u00e7ais&#8230;\u00a0\u00bb Par&nbsp;Yves Jaegl\u00e9&nbsp;&#8211; Le&nbsp;11 juin 2004 VIEILLOT, L&rsquo;ACCORDEON ? Vraiment plus du tout. Marc Berthoumieux, du bal au jazz Marc Berthoumieux, la nouvelle sensation du jazz fran\u00e7ais, ce soir et demain au Sunset, le club \u00ab in \u00bb de la capitale, symbolise toutes les m\u00e9tamorphoses de l&rsquo;accord\u00e9on. [&hellip;]<\/p>\n","protected":false},"author":1,"featured_media":4316,"comment_status":"closed","ping_status":"open","sticky":false,"template":"","format":"standard","meta":{"footnotes":""},"categories":[19,4],"tags":[32,382],"class_list":["post-266","post","type-post","status-publish","format-standard","has-post-thumbnail","hentry","category-02-album","category-07-presse","tag-presse-2","tag-yves-jaegle"],"_links":{"self":[{"href":"https:\/\/www.marcberthoumieux.com\/blog\/wp-json\/wp\/v2\/posts\/266","targetHints":{"allow":["GET"]}}],"collection":[{"href":"https:\/\/www.marcberthoumieux.com\/blog\/wp-json\/wp\/v2\/posts"}],"about":[{"href":"https:\/\/www.marcberthoumieux.com\/blog\/wp-json\/wp\/v2\/types\/post"}],"author":[{"embeddable":true,"href":"https:\/\/www.marcberthoumieux.com\/blog\/wp-json\/wp\/v2\/users\/1"}],"replies":[{"embeddable":true,"href":"https:\/\/www.marcberthoumieux.com\/blog\/wp-json\/wp\/v2\/comments?post=266"}],"version-history":[{"count":13,"href":"https:\/\/www.marcberthoumieux.com\/blog\/wp-json\/wp\/v2\/posts\/266\/revisions"}],"predecessor-version":[{"id":4326,"href":"https:\/\/www.marcberthoumieux.com\/blog\/wp-json\/wp\/v2\/posts\/266\/revisions\/4326"}],"wp:featuredmedia":[{"embeddable":true,"href":"https:\/\/www.marcberthoumieux.com\/blog\/wp-json\/wp\/v2\/media\/4316"}],"wp:attachment":[{"href":"https:\/\/www.marcberthoumieux.com\/blog\/wp-json\/wp\/v2\/media?parent=266"}],"wp:term":[{"taxonomy":"category","embeddable":true,"href":"https:\/\/www.marcberthoumieux.com\/blog\/wp-json\/wp\/v2\/categories?post=266"},{"taxonomy":"post_tag","embeddable":true,"href":"https:\/\/www.marcberthoumieux.com\/blog\/wp-json\/wp\/v2\/tags?post=266"}],"curies":[{"name":"wp","href":"https:\/\/api.w.org\/{rel}","templated":true}]}}