{"id":3005,"date":"2018-04-20T12:00:44","date_gmt":"2018-04-20T10:00:44","guid":{"rendered":"http:\/\/www.marcberthoumieux.com\/blog\/?p=3005"},"modified":"2021-08-08T20:14:08","modified_gmt":"2021-08-08T18:14:08","slug":"participation-au-nouvel-album-el-cubista-de-miguel-chuck-rodriguez-enregistre-a-mexico-sortie-le-20-avril-2018","status":"publish","type":"post","link":"https:\/\/www.marcberthoumieux.com\/blog\/participation-au-nouvel-album-el-cubista-de-miguel-chuck-rodriguez-enregistre-a-mexico-sortie-le-20-avril-2018\/","title":{"rendered":"Participation au nouvel Album EL CUBISTA de Miguel Chuck Rodriguez enregistr\u00e9 \u00e0 Mexico sortie le 20 avril 2018"},"content":{"rendered":"<h3 style=\"text-align: center;\"><strong>MARC BERTHOUMIEUX participe au nouvel Album \u00ab\u00a0EL CUBISTA\u00a0\u00bb<\/strong><\/h3>\n<h3 style=\"text-align: center;\">de <strong>Miguel Chuck Rodriguez<\/strong> enregistr\u00e9 \u00e0 Mexico sortie le 20 avril 2018<\/h3>\n<p>&nbsp;<\/p>\n<div class=\"wa-subcontainer-wrapper col-xs-12 col-sm-6 col-md-6 col-lg-6 \">\n<div id=\"wa-sub-container-jf0v2yv81dr7rzlkw0\">\n<div id=\"wa-row-jcwoqjnz11eyfnrpgw\" class=\"row row-align \">\n<div class=\" col-xs-12 col-sm-12 col-md-12 col-lg-12 \">\n<div id=\"wa-comptext-jcwoqjnz1dv68k2ku8\" class=\"wa-comptext clearfix\">\n<p style=\"text-align: center;\"><strong>MIGUEL CHUCK RODRIGUEZ<\/strong>\u00a0bass &amp; leader<\/p>\n<p style=\"text-align: center;\"><strong>EDGAR DE LA TORRE<\/strong>\u00a0guitar<\/p>\n<p style=\"text-align: center;\"><strong>JORGE SERVIN<\/strong> drums<\/p>\n<p style=\"text-align: center;\"><strong>MIGUEL ALCERRECA<\/strong> vibraphone<\/p>\n<p style=\"text-align: center;\"><strong>IRAIDA NORIEGA\u00a0<\/strong>lead vocal (guest)<\/p>\n<p style=\"text-align: center;\"><strong>FLORA PASQUET\u00a0<\/strong>vocal\u00a0(guest)<\/p>\n<p style=\"text-align: center;\"><strong>MARC BERTHOUMIEUX<\/strong>\u00a0Accordion<\/p>\n<\/div>\n<\/div>\n<\/div>\n<\/div>\n<\/div>\n<div class=\"wa-subcontainer-wrapper col-xs-12 col-sm-6 col-md-6 col-lg-6 \">\n<div id=\"wa-sub-container-jf0v2yv81dr7rzl534\">\n<div id=\"wa-row-jcwoqjnz11lyzm6o9s\" class=\"row row-align \">\n<div class=\" col-xs-12 col-sm-12 col-md-12 col-lg-12 \">\n<p><a href=\"https:\/\/www.marcberthoumieux.com\/blog\/participation-au-nouvel-album-el-cubista-de-miguel-chuck-rodriguez-enregistre-a-mexico-sortie-le-20-avril-2018\/el_cubista-650px\/\" rel=\"attachment wp-att-3014\"><img loading=\"lazy\" decoding=\"async\" class=\"aligncenter size-full wp-image-3014\" src=\"https:\/\/www.marcberthoumieux.com\/blog\/wp-content\/uploads\/2018\/03\/El_Cubista-650px.jpg\" alt=\"\" width=\"650\" height=\"650\" srcset=\"https:\/\/www.marcberthoumieux.com\/blog\/wp-content\/uploads\/2018\/03\/El_Cubista-650px.jpg 650w, https:\/\/www.marcberthoumieux.com\/blog\/wp-content\/uploads\/2018\/03\/El_Cubista-650px-150x150.jpg 150w, https:\/\/www.marcberthoumieux.com\/blog\/wp-content\/uploads\/2018\/03\/El_Cubista-650px-300x300.jpg 300w\" sizes=\"auto, (max-width: 650px) 100vw, 650px\" \/><\/a><\/p>\n<\/div>\n<p class=\"wa_style_jehrpuef11eyfnali8\">Track list :<\/p>\n<p class=\"wa_style_jehrpuef11eyfnali8\">1 &#8211; <strong>Prisma<\/strong>\u00a0 \u00a0\u00a0(Miguel Rodriguez)<\/p>\n<p class=\"wa_style_jehrpuef11eyfnali8\">2 &#8211; <strong>El Cubista<\/strong>\u00a0 \u00a0 \u00a0(Miguel Rodriguez)<\/p>\n<p class=\"wa_style_jehrpuef11eyfnali8\">3 &#8211; <strong>Desvelo<\/strong>\u00a0 \u00a0\u00a0(Iraida Noriega)<\/p>\n<p class=\"wa_style_jehrpuef11eyfnali8\">4 &#8211; <strong>Modern Answers to Old Problems<\/strong>\u00a0 \u00a0\u00a0(Miguel Rodriguez)<\/p>\n<p class=\"wa_style_jehrpuef11eyfnali8\">5 &#8211; <strong>Al Final<\/strong> \u00a0\u00a0 (Edgar de la Torre)<\/p>\n<p class=\"wa_style_jehrpuef11eyfnali8\">6 &#8211; <strong>Margarita<\/strong>\u00a0 \u00a0\u00a0(Miguel Rodriguez \/ Marc Berthoumieux)<\/p>\n<p class=\"wa_style_jehrpuef11eyfnali8\">7 &#8211; <strong>Berri St<\/strong> \u00a0 \u00a0(Miguel Rodriguez)<\/p>\n<p class=\"wa_style_jehrpuef11eyfnali8\">8 &#8211; <strong>Viaje de Milla<\/strong>\u00a0 \u00a0\u00a0(Miguel Rodriguez \/ Marc Berthoumieux)<\/p>\n<p>&nbsp;<\/p>\n<\/div>\n<\/div>\n<\/div>\n<p class=\"wa_style_jeq2rt0v11eyfoigsg\">Il y a des projets qui prennent du temps \u00e0 m\u00fbrir, \u00e0 cet \u00e9gard, le temps est relatif; toute une vie peut changer en un instant, et s&rsquo;\u00e9garer vers des chemins diff\u00e9rents. Le voyage dure autant qu&rsquo;il le faut: quelques jours, semaines, mois, ann\u00e9es, peut-\u00eatre plus longtemps que cela. Un bon exemple de ceci est <strong>El Cubista<\/strong> (Le Cubiste), de <strong>Miguel \u00ab\u00a0Chuck\u00a0\u00bb Rodr\u00edguez<\/strong>, comme cela a \u00e9t\u00e9 un voyage de quinze ans.<\/p>\n<p class=\"wa_style_jeq2rt0v11eyfoigsg\">Chuck Project a commenc\u00e9 comme une id\u00e9e autour de 2003 dans un atelier avec Alger Erosa. L\u00e0, il a rencontr\u00e9 la musique de <strong>Marc Berthoumieux<\/strong> \u00e0 travers un CD. L&rsquo;impact \u00e9tait imm\u00e9diat. Juste l\u00e0, Miguel a eu une exp\u00e9rience de conversion musicale en reconnaissant quelque chose d&rsquo;\u00e9tranger comme le sien. Pendant ses voyages \u00e0 Montr\u00e9al, Miguel a achet\u00e9 tous les disques de Marc et les a \u00e9cout\u00e9s encore et encore. L\u00e0 il a trouv\u00e9 sa propre voix et racine, et a commenc\u00e9 \u00e0 composer suivant cette inspiration. Pendant plus de dix ans, l&rsquo;impulsion a m\u00fbri jusqu&rsquo;\u00e0 El Cubista.<\/p>\n<p class=\"wa_style_jeq2rt0v11eyfoigsg\">Le projet <strong>El Cubista<\/strong> a m\u00fbri et s&rsquo;est construit dans le temps, il a eu des moments de cr\u00e9ation en 2005, 2008, 2011, jusqu&rsquo;en 2014 o\u00f9 il \u00e9tait presque pr\u00eat. 2015 est arriv\u00e9 avec une invitation \u00e0 Marc pour participer, jouer dans le disque et jouer en live avec le projet. Tout \u00e9tait pr\u00e9vu pour une semaine, des performances et des enregistrements. Le bassiste est pass\u00e9 de soutien \u00e0 musicien de premier plan de l&rsquo;ensemble, la vie m\u00eame de la musique qui sonnait \u00e9tait le guide, les musiciens \u00e9taient le m\u00e9dium, l&rsquo;enregistrement \u00e9tait l&#8217;empreinte. La vie et la musique ont eu un nouveau rassemblement, un qui \u00e9tait fertile, aimant et \u00e9nergique. Et un lien franco-mexicain est apparu.<\/p>\n<p class=\"wa_style_jeq2rt0v11eyfoigsg\">Le son du projet El Cubista est fa\u00e7onn\u00e9 par le style musical fran\u00e7ais, tout le projet a \u00e9t\u00e9 pens\u00e9 comme cela, d\u00e9clench\u00e9 par l&rsquo;effet que Miguel a eu en \u00e9coutant les disques de Marc. Le son est enrichi avec les compositions apport\u00e9es par Iraida Noriega et Edgar de la Torre.<\/p>\n<p class=\"wa_style_jeq2rt0v11eyfoigsg\">La racine d&rsquo;un musicien n&rsquo;est pas consciente, elle s&rsquo;exprime \u00e0 travers sa voix musicale la plus pleine et la plus vigoureuse. La racine de Miguel Rodr\u00edguez \u00e9tait en sommeil, elle a fait surface quand il a \u00e9cout\u00e9 la musique de Marc. Le moment d&rsquo;exprimer une telle co\u00efncidence vitale au-del\u00e0 du purement musical, c&rsquo;est El Cubista.<\/p>\n<p>&nbsp;<\/p>\n<p style=\"text-align: center;\"><a href=\"http:\/\/elcubista.souslaville.com\">TOUTES LES INFOS ICI<\/a><\/p>\n<p>&nbsp;<\/p>\n","protected":false},"excerpt":{"rendered":"<p>MIGUEL CHUCK RODRIGUEZ\u00a0bass &#038; leader \u2022 EDGAR DE LA TORRE\u00a0guitar \u2022 JORGE SERVIN drums \u2022 MIGUEL ALCERRECA vibraphone \u2022 IRAIDA NORIEGA\u00a0lead vocal (guest) \u2022 FLORA PASQUET\u00a0vocal\u00a0(guest) \u2022 MARC BERTHOUMIEUX\u00a0Accordion<\/p>\n","protected":false},"author":1,"featured_media":3014,"comment_status":"closed","ping_status":"closed","sticky":false,"template":"","format":"standard","meta":{"footnotes":""},"categories":[19,23],"tags":[227,231,230,228,229,128],"class_list":["post-3005","post","type-post","status-publish","format-standard","has-post-thumbnail","hentry","category-02-album","category-06-rencontre-artistique","tag-edgar-de-la-torre","tag-flora-pasquet","tag-iraida-noriega","tag-jorge-servin","tag-miguel-alcerreca","tag-miguel-chuck-rodriguez"],"_links":{"self":[{"href":"https:\/\/www.marcberthoumieux.com\/blog\/wp-json\/wp\/v2\/posts\/3005","targetHints":{"allow":["GET"]}}],"collection":[{"href":"https:\/\/www.marcberthoumieux.com\/blog\/wp-json\/wp\/v2\/posts"}],"about":[{"href":"https:\/\/www.marcberthoumieux.com\/blog\/wp-json\/wp\/v2\/types\/post"}],"author":[{"embeddable":true,"href":"https:\/\/www.marcberthoumieux.com\/blog\/wp-json\/wp\/v2\/users\/1"}],"replies":[{"embeddable":true,"href":"https:\/\/www.marcberthoumieux.com\/blog\/wp-json\/wp\/v2\/comments?post=3005"}],"version-history":[{"count":7,"href":"https:\/\/www.marcberthoumieux.com\/blog\/wp-json\/wp\/v2\/posts\/3005\/revisions"}],"predecessor-version":[{"id":3040,"href":"https:\/\/www.marcberthoumieux.com\/blog\/wp-json\/wp\/v2\/posts\/3005\/revisions\/3040"}],"wp:featuredmedia":[{"embeddable":true,"href":"https:\/\/www.marcberthoumieux.com\/blog\/wp-json\/wp\/v2\/media\/3014"}],"wp:attachment":[{"href":"https:\/\/www.marcberthoumieux.com\/blog\/wp-json\/wp\/v2\/media?parent=3005"}],"wp:term":[{"taxonomy":"category","embeddable":true,"href":"https:\/\/www.marcberthoumieux.com\/blog\/wp-json\/wp\/v2\/categories?post=3005"},{"taxonomy":"post_tag","embeddable":true,"href":"https:\/\/www.marcberthoumieux.com\/blog\/wp-json\/wp\/v2\/tags?post=3005"}],"curies":[{"name":"wp","href":"https:\/\/api.w.org\/{rel}","templated":true}]}}