{"id":3140,"date":"2019-05-17T11:48:01","date_gmt":"2019-05-17T09:48:01","guid":{"rendered":"http:\/\/www.marcberthoumieux.com\/blog\/?p=3140"},"modified":"2021-08-08T20:14:07","modified_gmt":"2021-08-08T18:14:07","slug":"en-concert-au-sunside-le-18-mai-2019","status":"publish","type":"post","link":"https:\/\/www.marcberthoumieux.com\/blog\/en-concert-au-sunside-le-18-mai-2019\/","title":{"rendered":"LE BAL DES MONDES en concert au Sunside le 18 mai 2019"},"content":{"rendered":"<p><strong>LE BAL DES MONDES<\/strong><br \/>au SUNSIDE &#8211; Paris<br \/>SAMEDI\u00a0<strong>18 MAI\u00a02019<\/strong> \u00e0 21h<\/p>\n<p>en Quartet<br \/><strong>Marc Berthoumieux<\/strong> accord\u00e9on<br \/><strong>Giovanni Mirabassi<\/strong>\u00a0 piano<br \/><strong>Laurent Vernerey<\/strong> \u00a0basse<br \/><strong>Fran\u00e7is Arnaud<\/strong> \u00a0batterie<\/p>\n<p>en guest : <strong>Sarah Lancman<\/strong><\/p>\n\n\n<div class=\"wp-block-image\"><figure class=\"aligncenter\"><img loading=\"lazy\" decoding=\"async\" width=\"889\" height=\"503\" src=\"https:\/\/www.marcberthoumieux.com\/blog\/wp-content\/uploads\/2019\/05\/Marc-Berthoumieux-Sunside-mai-2019.png\" alt=\"\" class=\"wp-image-3144\" srcset=\"https:\/\/www.marcberthoumieux.com\/blog\/wp-content\/uploads\/2019\/05\/Marc-Berthoumieux-Sunside-mai-2019.png 889w, https:\/\/www.marcberthoumieux.com\/blog\/wp-content\/uploads\/2019\/05\/Marc-Berthoumieux-Sunside-mai-2019-300x170.png 300w, https:\/\/www.marcberthoumieux.com\/blog\/wp-content\/uploads\/2019\/05\/Marc-Berthoumieux-Sunside-mai-2019-768x435.png 768w\" sizes=\"auto, (max-width: 889px) 100vw, 889px\" \/><\/figure><\/div>\n\n\n\n<table class=\"wp-block-table\"><tbody><tr><td><em>Apr\u00e8s un m\u00e9morable concert de pr\u00e9sentation d&rsquo;album au New Morning le 29 janvier dernier, voici une s\u00e9ance de rattrapage avec l&rsquo;\u00e9quipe rapproch\u00e9e avant les festivals de cet \u00e9t\u00e9 !&nbsp;<\/em><\/td><\/tr><\/tbody><\/table>\n\n\n\n<p>Autres dates de concerts : <\/p>\n\n\n\n<p>8 juin MARLY JAZZ FESTIVAL<\/p>\n\n\n\n<p>7 juillet DJANGO REINHARDT FESTIVAL&nbsp;Fontainebleau<\/p>\n\n\n\n<p>28 juillet JAZZ IN MARCIAC<\/p>\n\n\n\n<p>20 septembre&nbsp;SUNSIDE PARIS<\/p>\n\n\n\n<p>21 septembre&nbsp;SUNSIDE PARIS<\/p>\n","protected":false},"excerpt":{"rendered":"<p>LE BAL DES MONDES au SUNSIDE &#8211; Paris<br \/>\nSAMEDI\u00a018 MAI\u00a02019 \u00e0 21h<br \/>\nen Quartet<br \/>\nMarc Berthoumieux accord\u00e9on<br \/>\nGiovanni Mirabassi\u00a0 piano<br \/>\nLaurent Vernerey \u00a0basse<br \/>\nFran\u00e7is Arnaud \u00a0batterie<br \/>\nGuest : Sarah Lancman<\/p>\n<p>Apr\u00e8s un m\u00e9morable concert de pr\u00e9sentation d&rsquo;album au New Morning le 29 janvier dernier, voici une s\u00e9ance de rattrapage avec l&rsquo;\u00e9quipe rapproch\u00e9e avant les festivals de cet \u00e9t\u00e9 ! <\/p>\n<p>Les prochaines dates :<br \/>\n8 juin MARLY JAZZ FESTIVAL<br \/>\n7 juillet DJANGO REINHARDT FESTIVAL Fontainebleau<br \/>\n28 juillet JAZZ IN MARCIAC<br \/>\n20 septembre SUNSIDE PARIS<br \/>\n21 septembre SUNSIDE PARIS<\/p>\n","protected":false},"author":1,"featured_media":3143,"comment_status":"closed","ping_status":"open","sticky":false,"template":"","format":"standard","meta":{"footnotes":""},"categories":[3],"tags":[142,53,18,35,237],"class_list":["post-3140","post","type-post","status-publish","format-standard","has-post-thumbnail","hentry","category-01-concerts","tag-01-concerts","tag-francis-arnaud","tag-giovanni-mirabassi","tag-laurent-vernerey","tag-sarah-lancman"],"_links":{"self":[{"href":"https:\/\/www.marcberthoumieux.com\/blog\/wp-json\/wp\/v2\/posts\/3140","targetHints":{"allow":["GET"]}}],"collection":[{"href":"https:\/\/www.marcberthoumieux.com\/blog\/wp-json\/wp\/v2\/posts"}],"about":[{"href":"https:\/\/www.marcberthoumieux.com\/blog\/wp-json\/wp\/v2\/types\/post"}],"author":[{"embeddable":true,"href":"https:\/\/www.marcberthoumieux.com\/blog\/wp-json\/wp\/v2\/users\/1"}],"replies":[{"embeddable":true,"href":"https:\/\/www.marcberthoumieux.com\/blog\/wp-json\/wp\/v2\/comments?post=3140"}],"version-history":[{"count":9,"href":"https:\/\/www.marcberthoumieux.com\/blog\/wp-json\/wp\/v2\/posts\/3140\/revisions"}],"predecessor-version":[{"id":3194,"href":"https:\/\/www.marcberthoumieux.com\/blog\/wp-json\/wp\/v2\/posts\/3140\/revisions\/3194"}],"wp:featuredmedia":[{"embeddable":true,"href":"https:\/\/www.marcberthoumieux.com\/blog\/wp-json\/wp\/v2\/media\/3143"}],"wp:attachment":[{"href":"https:\/\/www.marcberthoumieux.com\/blog\/wp-json\/wp\/v2\/media?parent=3140"}],"wp:term":[{"taxonomy":"category","embeddable":true,"href":"https:\/\/www.marcberthoumieux.com\/blog\/wp-json\/wp\/v2\/categories?post=3140"},{"taxonomy":"post_tag","embeddable":true,"href":"https:\/\/www.marcberthoumieux.com\/blog\/wp-json\/wp\/v2\/tags?post=3140"}],"curies":[{"name":"wp","href":"https:\/\/api.w.org\/{rel}","templated":true}]}}