{"id":322,"date":"2013-09-17T10:40:28","date_gmt":"2013-09-17T08:40:28","guid":{"rendered":"http:\/\/www.marcberthoumieux.com\/blog\/?p=322"},"modified":"2021-08-08T20:14:14","modified_gmt":"2021-08-08T18:14:14","slug":"new-morning-17-septembre-2013","status":"publish","type":"post","link":"https:\/\/www.marcberthoumieux.com\/blog\/new-morning-17-septembre-2013\/","title":{"rendered":"Marc BERTHOUMIEUX QUARTET + GUESTS au NEW MORNING &#8211; PARIS le 17 septembre 2013"},"content":{"rendered":"<p>Marc BERTHOUMIEUX revient au NEW MORNING avec son quartet\u00a0<br \/>(<strong>William Lecomte, Laurent Vernerey et St\u00e9phane Huchard<\/strong>)\u00a0<br \/>Des complices de longue date \u00e0 l&rsquo;occasion de la r\u00e9-\u00e9dition du premier album <strong>\u00ab\u00a0Les Couleurs d&rsquo;ici\u00a0\u00bb\u00a0<\/strong><br \/>Ce premier album sorti en 1998 avait \u00e9t\u00e9 adoub\u00e9 par la profession et par le public.<br \/><strong>Il avait re\u00e7u 4 \u00e9toiles Jazzman, la s\u00e9lection FIP et avait \u00e9t\u00e9 nomm\u00e9 aux Django D&rsquo;Or 1999<\/strong><br \/>La r\u00e9-\u00e9didion de cet album <strong>sera disponible pour cette soir\u00e9e<\/strong><\/p>\n<p>[M\u00e0j 15 septmbre 2013] voici le nom des invit\u00e9s sur sc\u00e8ne d\u00e9voil\u00e9s ici !\u00a0<a href=\"http:\/\/www.marcberthoumieux.com\/newsletters\/new-morning-2013\">http:\/\/www.marcberthoumieux.com\/newsletters\/new-morning-2013<\/a><\/p>\n<p>\u00a0<br \/>Tout sur <strong>\u00ab\u00a0Les Couleurs d&rsquo;ici\u00a0\u00bb<\/strong> :\u00a0<a href=\"http:\/\/www.marcberthoumieux.com\/album-les-couleurs-d-ici.html\" target=\"_blank\" rel=\"noopener noreferrer\">http:\/\/www.marcberthoumieux.com\/album-les-couleurs-d-ici.html<\/a><br \/>\u00a0<\/p>\n<p><a href=\"https:\/\/www.marcberthoumieux.com\/blog\/new-morning-17-septembre-2013\/newmorning-sept-2013\/\" rel=\"attachment wp-att-510\"><img loading=\"lazy\" decoding=\"async\" class=\"aligncenter size-full wp-image-510\" alt=\"newmorning-sept-2013\" src=\"https:\/\/www.marcberthoumieux.com\/blog\/wp-content\/uploads\/2013\/09\/newmorning-sept-2013.jpg\" width=\"650\" height=\"592\" srcset=\"https:\/\/www.marcberthoumieux.com\/blog\/wp-content\/uploads\/2013\/09\/newmorning-sept-2013.jpg 650w, https:\/\/www.marcberthoumieux.com\/blog\/wp-content\/uploads\/2013\/09\/newmorning-sept-2013-300x273.jpg 300w\" sizes=\"auto, (max-width: 650px) 100vw, 650px\" \/><\/a><\/p>\n<p><a href=\"https:\/\/www.marcberthoumieux.com\/blog\/new-morning-17-septembre-2013\/new-morning-affiche-2\/\" rel=\"attachment wp-att-454\"><img loading=\"lazy\" decoding=\"async\" class=\"aligncenter size-full wp-image-454\" alt=\"New Morning Affiche 2\" src=\"https:\/\/www.marcberthoumieux.com\/blog\/wp-content\/uploads\/2013\/07\/New-Morning-Affiche-2.jpg\" width=\"650\" height=\"650\" srcset=\"https:\/\/www.marcberthoumieux.com\/blog\/wp-content\/uploads\/2013\/07\/New-Morning-Affiche-2.jpg 650w, https:\/\/www.marcberthoumieux.com\/blog\/wp-content\/uploads\/2013\/07\/New-Morning-Affiche-2-150x150.jpg 150w, https:\/\/www.marcberthoumieux.com\/blog\/wp-content\/uploads\/2013\/07\/New-Morning-Affiche-2-300x300.jpg 300w\" sizes=\"auto, (max-width: 650px) 100vw, 650px\" \/><\/a><\/p>\n<p style=\"text-align: center;\"><strong>Avec William LECOMTE<\/strong> (piano)<br \/><strong>Laurent VERNEREY<\/strong> (basse)<br \/><strong>St\u00e9phane HUCHARD<\/strong> (batterie)<br \/><strong>et des <span style=\"color: #ff0000;\">INVIT\u00c9S SURPRISE&#8230;<\/span><\/strong><\/p>\n<p>Le 18\/09 Soir\u00e9e K2 LISA : <br \/>1\/ William Lecomte trio<br \/>2\/ Marcel Azzola \/ Marcel Loeffler \/ Marc Berthoumieux<\/p>\n<p>&nbsp;<\/p>\n<p><a style=\"padding: 0; background-image: none; display: block; height: 34px; overflow: hidden;\" onclick=\"window.open('http:\/\/www.moxity.com\/events\/le-17-09-marc-berthoumieux-et-ses-invites-le-18-09-1-william-lecomte-trio-2-marcel-azzola-marcel-loeffler-marc-berthoumieux\/ticketing\/select?colors[]=ffffff&amp;colors[]=eeeeee&amp;colors[]=666666&amp;colors[]=B70D1A&amp;colors[]=ffffff&amp;colors[]=B70D1A&amp;colors[]=FF0013&amp;', 'Billetterie', 'height=600, width=640, toolbar=no, menubar=no, location=yes, resizable=yes, scrollbars=yes, status=yes');return false;\" href=\"http:\/\/www.moxity.com\/events\/le-17-09-marc-berthoumieux-et-ses-invites-le-18-09-1-william-lecomte-trio-2-marcel-azzola-marcel-loeffler-marc-berthoumieux\/ticketing\/select?colors[]=ffffff&amp;colors[]=eeeeee&amp;colors[]=666666&amp;colors[]=B70D1A&amp;colors[]=ffffff&amp;colors[]=B70D1A&amp;colors[]=FF0013&amp;\"><img loading=\"lazy\" decoding=\"async\" style=\"margin-top: 0px;\" onmouseover=\"this.style.marginTop='-34px'\" onmouseout=\"this.style.marginTop='0px'\" alt=\"\" src=\"http:\/\/www.moxity.com\/images\/fr\/bt_acheter_places_big.png\" width=\"220\" height=\"68\" border=\"0\" \/><\/a><\/p>\n<p><iframe loading=\"lazy\" src=\"http:\/\/www.moxity.com\/events\/le-17-09-marc-berthoumieux-et-ses-invites-le-18-09-1-william-lecomte-trio-2-marcel-azzola-marcel-loeffler-marc-berthoumieux\/ticketing\/select?colors[]=ffffff&amp;colors[]=eeeeee&amp;colors[]=666666&amp;colors[]=B70D1A&amp;colors[]=ffffff&amp;colors[]=B70D1A&amp;colors[]=FF0013&amp;\" height=\"500\" width=\"650\" frameborder=\"0\"><\/iframe><\/p>\n","protected":false},"excerpt":{"rendered":"<p>Marc BERTHOUMIEUX revient au NEW MORNING avec son quartet\u00a0(William Lecomte, Laurent Vernerey et St\u00e9phane Huchard)\u00a0Des complices de longue date \u00e0 l&rsquo;occasion de la r\u00e9-\u00e9dition du premier album \u00ab\u00a0Les Couleurs d&rsquo;ici\u00a0\u00bb\u00a0Ce premier album sorti en 1998 avait \u00e9t\u00e9 adoub\u00e9 par la profession et par le public.Il avait re\u00e7u 4 \u00e9toiles Jazzman, la s\u00e9lection FIP et avait [&hellip;]<\/p>\n","protected":false},"author":1,"featured_media":454,"comment_status":"closed","ping_status":"open","sticky":false,"template":"","format":"standard","meta":{"footnotes":""},"categories":[19,3,2],"tags":[142,35,36,37,34,16],"class_list":["post-322","post","type-post","status-publish","format-standard","has-post-thumbnail","hentry","category-02-album","category-01-concerts","category-05-evenements","tag-01-concerts","tag-laurent-vernerey","tag-les-couleurs-dici","tag-new-morning","tag-stephane-huchard","tag-william-lecomte"],"_links":{"self":[{"href":"https:\/\/www.marcberthoumieux.com\/blog\/wp-json\/wp\/v2\/posts\/322","targetHints":{"allow":["GET"]}}],"collection":[{"href":"https:\/\/www.marcberthoumieux.com\/blog\/wp-json\/wp\/v2\/posts"}],"about":[{"href":"https:\/\/www.marcberthoumieux.com\/blog\/wp-json\/wp\/v2\/types\/post"}],"author":[{"embeddable":true,"href":"https:\/\/www.marcberthoumieux.com\/blog\/wp-json\/wp\/v2\/users\/1"}],"replies":[{"embeddable":true,"href":"https:\/\/www.marcberthoumieux.com\/blog\/wp-json\/wp\/v2\/comments?post=322"}],"version-history":[{"count":48,"href":"https:\/\/www.marcberthoumieux.com\/blog\/wp-json\/wp\/v2\/posts\/322\/revisions"}],"predecessor-version":[{"id":3863,"href":"https:\/\/www.marcberthoumieux.com\/blog\/wp-json\/wp\/v2\/posts\/322\/revisions\/3863"}],"wp:featuredmedia":[{"embeddable":true,"href":"https:\/\/www.marcberthoumieux.com\/blog\/wp-json\/wp\/v2\/media\/454"}],"wp:attachment":[{"href":"https:\/\/www.marcberthoumieux.com\/blog\/wp-json\/wp\/v2\/media?parent=322"}],"wp:term":[{"taxonomy":"category","embeddable":true,"href":"https:\/\/www.marcberthoumieux.com\/blog\/wp-json\/wp\/v2\/categories?post=322"},{"taxonomy":"post_tag","embeddable":true,"href":"https:\/\/www.marcberthoumieux.com\/blog\/wp-json\/wp\/v2\/tags?post=322"}],"curies":[{"name":"wp","href":"https:\/\/api.w.org\/{rel}","templated":true}]}}