{"id":3222,"date":"2020-01-05T12:00:16","date_gmt":"2020-01-05T11:00:16","guid":{"rendered":"http:\/\/www.marcberthoumieux.com\/blog\/?p=3222"},"modified":"2021-08-13T02:08:59","modified_gmt":"2021-08-13T00:08:59","slug":"en-concerts-avec-frederic-zeitoun-pour-son-nouvel-album-duos-en-solitaire-2","status":"publish","type":"post","link":"https:\/\/www.marcberthoumieux.com\/blog\/en-concerts-avec-frederic-zeitoun-pour-son-nouvel-album-duos-en-solitaire-2\/","title":{"rendered":"S\u00e9rie de concerts avec Fr\u00e9d\u00e9ric Zeitoun pour son nouvel album \u00ab Duos en solitaire \u00bb"},"content":{"rendered":"<p>16 novembre 2019 &#8211; <strong>Ch\u00e2teau de la Buzine &#8211; Marseille<\/strong>\u00a0(13)<br \/>11 d\u00e9cembre 2019 &#8211; <strong>Sarrebruck<\/strong> (Allemagne)<br \/><span style=\"color: #000000;\">15 d\u00e9cembre 2019 &#8211; <strong>Caf\u00e9 de le Danse<\/strong> (Paris)<\/span><br \/>16 d\u00e9cembre 2019 &#8211; <strong>Palais des Congr\u00e8s Paris<\/strong> (Guest soir\u00e9e de solidarit\u00e9)<br \/>23 janvier 2020 &#8211; <strong>Limoges<\/strong> (87)<br \/>28 mai 2020 &#8211; <strong>Coubert<\/strong> (77)<\/p>\n<p><strong>Fred Zeitoun<\/strong> \u2014 Chant<br \/><strong>Bruno Bongar\u00e7on<\/strong> \u2014 guitare<br \/><strong>Marc Berthoumieux<\/strong> \u2014 accord\u00e9on<\/p>\n\n\n<figure class=\"wp-block-image\"><img loading=\"lazy\" decoding=\"async\" width=\"725\" height=\"1024\" src=\"https:\/\/www.marcberthoumieux.com\/blog\/wp-content\/uploads\/2019\/11\/affiche_concert_zeitoun-725x1024.jpg\" alt=\"\" class=\"wp-image-3226\" srcset=\"https:\/\/www.marcberthoumieux.com\/blog\/wp-content\/uploads\/2019\/11\/affiche_concert_zeitoun-725x1024.jpg 725w, https:\/\/www.marcberthoumieux.com\/blog\/wp-content\/uploads\/2019\/11\/affiche_concert_zeitoun-212x300.jpg 212w, https:\/\/www.marcberthoumieux.com\/blog\/wp-content\/uploads\/2019\/11\/affiche_concert_zeitoun-768x1085.jpg 768w, https:\/\/www.marcberthoumieux.com\/blog\/wp-content\/uploads\/2019\/11\/affiche_concert_zeitoun-1087x1536.jpg 1087w, https:\/\/www.marcberthoumieux.com\/blog\/wp-content\/uploads\/2019\/11\/affiche_concert_zeitoun.jpg 1123w\" sizes=\"auto, (max-width: 725px) 100vw, 725px\" \/><\/figure>\n","protected":false},"excerpt":{"rendered":"<p>16 novembre &#8211; Ch\u00e2teau de la Buzine (Marseille)<br \/>\n11 d\u00e9cembre &#8211; Sarrebruck (Allemagne)<br \/>\n15 d\u00e9cembre &#8211; Caf\u00e9 de le Danse (Paris)<br \/>\n16 d\u00e9cembre &#8211; Palais des Congr\u00e8s (Guest soir\u00e9e de solidarit\u00e9)<br \/>\n23 janvier 2020 &#8211; Limoges<br \/>\n28 mai 2020 &#8211; Coubert (77)<\/p>\n<p>Fred Zeitoun \u2014 Chant<br \/>\nBruno Bongar\u00e7on \u2014 guitare<br \/>\nMarc Berthoumieux \u2014 accord\u00e9on<\/p>\n","protected":false},"author":1,"featured_media":3225,"comment_status":"closed","ping_status":"open","sticky":false,"template":"","format":"standard","meta":{"footnotes":""},"categories":[3],"tags":[255,142,254],"class_list":["post-3222","post","type-post","status-publish","format-standard","has-post-thumbnail","hentry","category-01-concerts","tag-bruno-bongarcon","tag-01-concerts","tag-frederic-zeitoun"],"_links":{"self":[{"href":"https:\/\/www.marcberthoumieux.com\/blog\/wp-json\/wp\/v2\/posts\/3222","targetHints":{"allow":["GET"]}}],"collection":[{"href":"https:\/\/www.marcberthoumieux.com\/blog\/wp-json\/wp\/v2\/posts"}],"about":[{"href":"https:\/\/www.marcberthoumieux.com\/blog\/wp-json\/wp\/v2\/types\/post"}],"author":[{"embeddable":true,"href":"https:\/\/www.marcberthoumieux.com\/blog\/wp-json\/wp\/v2\/users\/1"}],"replies":[{"embeddable":true,"href":"https:\/\/www.marcberthoumieux.com\/blog\/wp-json\/wp\/v2\/comments?post=3222"}],"version-history":[{"count":6,"href":"https:\/\/www.marcberthoumieux.com\/blog\/wp-json\/wp\/v2\/posts\/3222\/revisions"}],"predecessor-version":[{"id":4431,"href":"https:\/\/www.marcberthoumieux.com\/blog\/wp-json\/wp\/v2\/posts\/3222\/revisions\/4431"}],"wp:featuredmedia":[{"embeddable":true,"href":"https:\/\/www.marcberthoumieux.com\/blog\/wp-json\/wp\/v2\/media\/3225"}],"wp:attachment":[{"href":"https:\/\/www.marcberthoumieux.com\/blog\/wp-json\/wp\/v2\/media?parent=3222"}],"wp:term":[{"taxonomy":"category","embeddable":true,"href":"https:\/\/www.marcberthoumieux.com\/blog\/wp-json\/wp\/v2\/categories?post=3222"},{"taxonomy":"post_tag","embeddable":true,"href":"https:\/\/www.marcberthoumieux.com\/blog\/wp-json\/wp\/v2\/tags?post=3222"}],"curies":[{"name":"wp","href":"https:\/\/api.w.org\/{rel}","templated":true}]}}