{"id":3224,"date":"2019-12-16T20:30:06","date_gmt":"2019-12-16T19:30:06","guid":{"rendered":"http:\/\/www.marcberthoumieux.com\/blog\/?p=3224"},"modified":"2021-08-09T01:07:10","modified_gmt":"2021-08-08T23:07:10","slug":"participation-au-concert-de-lannee-tsf-jazz-a-la-salle-pleyel-le-16-decembre-2019","status":"publish","type":"post","link":"https:\/\/www.marcberthoumieux.com\/blog\/participation-au-concert-de-lannee-tsf-jazz-a-la-salle-pleyel-le-16-decembre-2019\/","title":{"rendered":"Participation au concert de l&rsquo;ann\u00e9e TSF JAZZ \u00e0 la Salle Pleyel le 16 d\u00e9cembre 2019"},"content":{"rendered":"\n<p><em>L&rsquo;accord\u00e9oniste Marc Berthoumieux a d\u00e9cid\u00e9 d&rsquo;accompagner son prochain album,&nbsp;Le Bal des Mondes, en proposant \u00e0 la vente le recueil de partitions qui lui est associ\u00e9. L&rsquo;ensemble regroupe sur 48 pages tous les titres du disque avec accords chiffr\u00e9s et diagrammes de guitare. Le livret contient \u00e9galement des photos in\u00e9dites. Marc Berthoumieux sera par ailleurs l&rsquo;un des invit\u00e9s de&nbsp;<\/em><strong><em>TSFJ<\/em><\/strong><em>AZZ \u00e0 la soir\u00e9e&nbsp;You &amp; The Night &amp; The Music&nbsp;qui aura lieu \u00e0 la salle Pleyel, \u00e0 Paris, le lundi 16 d\u00e9cembre.<\/em><\/p>\n\n\n\n<figure class=\"wp-block-image is-resized\"><img loading=\"lazy\" decoding=\"async\" src=\"https:\/\/www.marcberthoumieux.com\/blog\/wp-content\/uploads\/2019\/11\/visuel-you-the-night-event_big-1.jpg\" alt=\"\" class=\"wp-image-3232\" width=\"595\" height=\"864\" srcset=\"https:\/\/www.marcberthoumieux.com\/blog\/wp-content\/uploads\/2019\/11\/visuel-you-the-night-event_big-1.jpg 595w, https:\/\/www.marcberthoumieux.com\/blog\/wp-content\/uploads\/2019\/11\/visuel-you-the-night-event_big-1-207x300.jpg 207w\" sizes=\"auto, (max-width: 595px) 100vw, 595px\" \/><\/figure>\n","protected":false},"excerpt":{"rendered":"<p>Participation \u00e0 la 17\u00e8me soir\u00e9e TSF Jazz<br \/>\nSalle Pleyel avec l&rsquo;album Le Bal des Mondes<br \/>\navec :<br \/>\nMarc Berthoumieux<br \/>\nGiovanni Mirabassi<br \/>\nLaurent Vernerey<br \/>\nSt\u00e9phane Huchard<\/p>\n","protected":false},"author":1,"featured_media":3231,"comment_status":"closed","ping_status":"open","sticky":false,"template":"","format":"standard","meta":{"footnotes":""},"categories":[3,2],"tags":[18,35,34],"class_list":["post-3224","post","type-post","status-publish","format-standard","has-post-thumbnail","hentry","category-01-concerts","category-05-evenements","tag-giovanni-mirabassi","tag-laurent-vernerey","tag-stephane-huchard"],"_links":{"self":[{"href":"https:\/\/www.marcberthoumieux.com\/blog\/wp-json\/wp\/v2\/posts\/3224","targetHints":{"allow":["GET"]}}],"collection":[{"href":"https:\/\/www.marcberthoumieux.com\/blog\/wp-json\/wp\/v2\/posts"}],"about":[{"href":"https:\/\/www.marcberthoumieux.com\/blog\/wp-json\/wp\/v2\/types\/post"}],"author":[{"embeddable":true,"href":"https:\/\/www.marcberthoumieux.com\/blog\/wp-json\/wp\/v2\/users\/1"}],"replies":[{"embeddable":true,"href":"https:\/\/www.marcberthoumieux.com\/blog\/wp-json\/wp\/v2\/comments?post=3224"}],"version-history":[{"count":13,"href":"https:\/\/www.marcberthoumieux.com\/blog\/wp-json\/wp\/v2\/posts\/3224\/revisions"}],"predecessor-version":[{"id":3264,"href":"https:\/\/www.marcberthoumieux.com\/blog\/wp-json\/wp\/v2\/posts\/3224\/revisions\/3264"}],"wp:featuredmedia":[{"embeddable":true,"href":"https:\/\/www.marcberthoumieux.com\/blog\/wp-json\/wp\/v2\/media\/3231"}],"wp:attachment":[{"href":"https:\/\/www.marcberthoumieux.com\/blog\/wp-json\/wp\/v2\/media?parent=3224"}],"wp:term":[{"taxonomy":"category","embeddable":true,"href":"https:\/\/www.marcberthoumieux.com\/blog\/wp-json\/wp\/v2\/categories?post=3224"},{"taxonomy":"post_tag","embeddable":true,"href":"https:\/\/www.marcberthoumieux.com\/blog\/wp-json\/wp\/v2\/tags?post=3224"}],"curies":[{"name":"wp","href":"https:\/\/api.w.org\/{rel}","templated":true}]}}