{"id":3280,"date":"2020-10-16T20:00:00","date_gmt":"2020-10-16T18:00:00","guid":{"rendered":"http:\/\/www.marcberthoumieux.com\/blog\/?p=3280"},"modified":"2021-08-31T17:44:02","modified_gmt":"2021-08-31T15:44:02","slug":"concert-avec-sarah-lancman-nouvel-album-parisienne-16-octobre-2020-au-bal-blomet","status":"publish","type":"post","link":"https:\/\/www.marcberthoumieux.com\/blog\/concert-avec-sarah-lancman-nouvel-album-parisienne-16-octobre-2020-au-bal-blomet\/","title":{"rendered":"Concert avec Sarah Lancman &#8211; Nouvel album \u00ab\u00a0Parisienne\u00a0\u00bb 16 octobre 2020 au Bal Blomet"},"content":{"rendered":"<p style=\"text-align: center;\"><strong>Concert avec Sarah Lancman &#8211; <br \/><\/strong><strong>Nouvel album \u00ab\u00a0Parisienne\u00a0\u00bb <br \/><\/strong><strong>16 octobre 2020 au Bal Blomet<\/strong><\/p>\n<p>La plus belle voix du jazz fran\u00e7ais revient avec un cinqui\u00e8me album \u00bb PARISIENNE \u00bb entour\u00e9e d\u2019un line up de prestige :<\/p>\n<p><strong>Giovanni Mirabassi<\/strong> (piano), <br \/><strong>Thomas Bramerie<\/strong> (contrebasse)\u00a0<br \/><strong>St\u00e9phane Huchard<\/strong> (batterie) <br \/>ainsi qu\u2019en invit\u00e9s sp\u00e9ciaux :\u00a0<br \/><strong>Pierrick Pedron<\/strong> (saxophone) &amp; <br \/><strong>Marc Berthoumieux<\/strong> (accord\u00e9on). <br \/><br \/>\u00ab L\u2019amour, le jazz, la chanson, ce n\u2019est jamais aussi beau que lorsque se m\u00ealent la f\u00e9licit\u00e9 et la m\u00e9lancolie, le sanglot et la jubilation, l\u2019aube tragique et le cr\u00e9puscule all\u00e8gre. C\u2019est exactement \u00e0 cet endroit que Sarah Lancman \u00e9crit, compose et chante. L\u00e0 aussi qu\u2019on l\u2019aime. \u00bb Bertrand Dicale.\u00a0<\/p>\n<p>Un concert propos\u00e9 par JAZZ ELEVEN<\/p>\n<p><a href=\"https:\/\/www.sarahlancman.com\">https:\/\/www.sarahlancman.com<\/a><\/p>\n\n\n<figure class=\"wp-block-image\"><img loading=\"lazy\" decoding=\"async\" width=\"683\" height=\"1024\" src=\"https:\/\/www.marcberthoumieux.com\/blog\/wp-content\/uploads\/2020\/02\/Visuel-Concert-Sarah-Lancman-30.03.2020-Cafe-de-la-Danse-683x1024.jpg\" alt=\"\" class=\"wp-image-3283\" srcset=\"https:\/\/www.marcberthoumieux.com\/blog\/wp-content\/uploads\/2020\/02\/Visuel-Concert-Sarah-Lancman-30.03.2020-Cafe-de-la-Danse-683x1024.jpg 683w, https:\/\/www.marcberthoumieux.com\/blog\/wp-content\/uploads\/2020\/02\/Visuel-Concert-Sarah-Lancman-30.03.2020-Cafe-de-la-Danse-200x300.jpg 200w, https:\/\/www.marcberthoumieux.com\/blog\/wp-content\/uploads\/2020\/02\/Visuel-Concert-Sarah-Lancman-30.03.2020-Cafe-de-la-Danse.jpg 736w\" sizes=\"auto, (max-width: 683px) 100vw, 683px\" \/><figcaption>(Affiche initiale du caf\u00e9 de la danse Date report\u00e9e aux Bal Blomet)<\/figcaption><\/figure>\n\n\n\n<p><iframe loading=\"lazy\" src=\"\/\/www.youtube.com\/embed\/_t4BHy00xxI\" width=\"680\" height=\"381\" allowfullscreen=\"allowfullscreen\"><\/iframe><\/p>\n","protected":false},"excerpt":{"rendered":"<p>LE CONCERT EST ANNUL\u00c9<br \/>\nUNE AUTRE DATE \u00c0 PARIS EST PR\u00c9VUE LE 27 JUIN AU PAN PIPER (si les conditions sanitaires le permettent) <\/p>\n<p>La plus belle voix du jazz fran\u00e7ais revient avec un cinqui\u00e8me album \u00bb PARISIENNE \u00bb entour\u00e9e d\u2019un line up de prestige : Giovanni Mirabassi (piano), Laurent Vernerey (contrebasse), St\u00e9phane Huchard (batterie) ainsi qu\u2019en invit\u00e9s speciaux Pierrick Pedron (saxophone) &#038; Marc Berthoumieux (accord\u00e9on). \u00ab L\u2019amour, le jazz, la chanson, ce n\u2019est jamais aussi beau que lorsque se m\u00ealent la f\u00e9licit\u00e9 et la m\u00e9lancolie, le sanglot et la jubilation, l\u2019aube tragique et le cr\u00e9puscule all\u00e8gre. C\u2019est exactement \u00e0 cet endroit que Sarah Lancman \u00e9crit, compose et chante. L\u00e0 aussi qu\u2019on l\u2019aime. \u00bb Bertrand Dicale.\u00a0<\/p>\n","protected":false},"author":1,"featured_media":3285,"comment_status":"closed","ping_status":"open","sticky":false,"template":"","format":"standard","meta":{"footnotes":""},"categories":[3,97],"tags":[142,18,260,237,34,396],"class_list":["post-3280","post","type-post","status-publish","format-standard","has-post-thumbnail","hentry","category-01-concerts","category-participation","tag-01-concerts","tag-giovanni-mirabassi","tag-pierrick-pedron","tag-sarah-lancman","tag-stephane-huchard","tag-thomas-bramerie"],"_links":{"self":[{"href":"https:\/\/www.marcberthoumieux.com\/blog\/wp-json\/wp\/v2\/posts\/3280","targetHints":{"allow":["GET"]}}],"collection":[{"href":"https:\/\/www.marcberthoumieux.com\/blog\/wp-json\/wp\/v2\/posts"}],"about":[{"href":"https:\/\/www.marcberthoumieux.com\/blog\/wp-json\/wp\/v2\/types\/post"}],"author":[{"embeddable":true,"href":"https:\/\/www.marcberthoumieux.com\/blog\/wp-json\/wp\/v2\/users\/1"}],"replies":[{"embeddable":true,"href":"https:\/\/www.marcberthoumieux.com\/blog\/wp-json\/wp\/v2\/comments?post=3280"}],"version-history":[{"count":14,"href":"https:\/\/www.marcberthoumieux.com\/blog\/wp-json\/wp\/v2\/posts\/3280\/revisions"}],"predecessor-version":[{"id":4481,"href":"https:\/\/www.marcberthoumieux.com\/blog\/wp-json\/wp\/v2\/posts\/3280\/revisions\/4481"}],"wp:featuredmedia":[{"embeddable":true,"href":"https:\/\/www.marcberthoumieux.com\/blog\/wp-json\/wp\/v2\/media\/3285"}],"wp:attachment":[{"href":"https:\/\/www.marcberthoumieux.com\/blog\/wp-json\/wp\/v2\/media?parent=3280"}],"wp:term":[{"taxonomy":"category","embeddable":true,"href":"https:\/\/www.marcberthoumieux.com\/blog\/wp-json\/wp\/v2\/categories?post=3280"},{"taxonomy":"post_tag","embeddable":true,"href":"https:\/\/www.marcberthoumieux.com\/blog\/wp-json\/wp\/v2\/tags?post=3280"}],"curies":[{"name":"wp","href":"https:\/\/api.w.org\/{rel}","templated":true}]}}