{"id":3633,"date":"2020-05-20T12:00:00","date_gmt":"2020-05-20T10:00:00","guid":{"rendered":"http:\/\/www.marcberthoumieux.com\/blog\/?p=3633"},"modified":"2021-08-08T20:14:07","modified_gmt":"2021-08-08T18:14:07","slug":"participation-au-nouvel-album-de-sarah-lancman-parisienne-sortie-22-mai-2020","status":"publish","type":"post","link":"https:\/\/www.marcberthoumieux.com\/blog\/participation-au-nouvel-album-de-sarah-lancman-parisienne-sortie-22-mai-2020\/","title":{"rendered":"Participation au nouvel album de Sarah Lancman \u00ab\u00a0Parisienne\u00a0\u00bb &#8211; sortie 22 mai 2020"},"content":{"rendered":"\n<p><strong>Nouvel album de Sarah Lancman \u00ab\u00a0Parisienne\u00a0\u00bb<\/strong><\/p>\n<p>\u00ab\u00a0La plus belle voix du jazz fran\u00e7ais revient avec un cinqui\u00e8me album \u00ab\u00a0PARISIENNE\u00a0\u00bb entour\u00e9e d\u2019un line up de prestige\u00a0\u00bb<br \/><br \/><strong>Giovanni Mirabassi<\/strong> (piano)<br \/><strong>Laurent Vernerey<\/strong> (contrebasse)<br \/><strong>St\u00e9phane Huchard<\/strong> (batterie)<br \/>invit\u00e9s sp\u00e9ciaux :<br \/><strong>Pierrick Pedron<\/strong> (saxophone)<br \/><strong>Marc Berthoumieux<\/strong> (accord\u00e9on)<br \/><br \/>Sortie 22 mai 2020 sur le label <strong>Jazz Eleven<\/strong><\/p>\n<p><a href=\"https:\/\/www.marcberthoumieux.com\/blog\/participation-au-nouvel-album-de-sarah-lancman-parisienne-sortie-22-mai-2020\/sarah-lancman-parisienne\/\" rel=\"attachment wp-att-3634\"><img loading=\"lazy\" decoding=\"async\" class=\"aligncenter  wp-image-3634\" src=\"https:\/\/www.marcberthoumieux.com\/blog\/wp-content\/uploads\/2020\/05\/Sarah-Lancman-Parisienne.jpeg\" alt=\"\" width=\"650\" height=\"650\" srcset=\"https:\/\/www.marcberthoumieux.com\/blog\/wp-content\/uploads\/2020\/05\/Sarah-Lancman-Parisienne.jpeg 800w, https:\/\/www.marcberthoumieux.com\/blog\/wp-content\/uploads\/2020\/05\/Sarah-Lancman-Parisienne-300x300.jpeg 300w, https:\/\/www.marcberthoumieux.com\/blog\/wp-content\/uploads\/2020\/05\/Sarah-Lancman-Parisienne-150x150.jpeg 150w, https:\/\/www.marcberthoumieux.com\/blog\/wp-content\/uploads\/2020\/05\/Sarah-Lancman-Parisienne-768x768.jpeg 768w\" sizes=\"auto, (max-width: 650px) 100vw, 650px\" \/><\/a><\/p>\n<p><strong>4 \u00e9toiles JAZZMAN et HIT Couleur Jazz<\/strong><\/p>\n<p>\u00ab L\u2019amour, le jazz, la chanson, ce n\u2019est jamais aussi beau que lorsque se m\u00ealent la f\u00e9licit\u00e9 et la m\u00e9lancolie, le sanglot et la jubilation, l\u2019aube tragique et le cr\u00e9puscule all\u00e8gre. C\u2019est exactement \u00e0 cet endroit que Sarah Lancman \u00e9crit, compose et chante. L\u00e0 aussi qu\u2019on l\u2019aime. \u00bb<br \/>Bertrand Dicale<\/p>\n<p>Album en digital sur toutes les plateformes ici : <br \/><a href=\"https:\/\/slancmanparis.lnk.to\/mPfCkKOY\">https:\/\/slancmanparis.lnk.to\/mPfCkKOY<\/a><br \/>CD \u00e0 recevoir chez vous ici : <br \/><a href=\"https:\/\/www.jazzeleven.com\/product-page\/parisienne-sarah-lancman-album-digipack\">https:\/\/www.jazzeleven.com\/product-page\/parisienne-sarah-lancman-album-digipack<\/a><\/p>\n<p><a href=\"https:\/\/www.marcberthoumieux.com\/blog\/participation-au-nouvel-album-de-sarah-lancman-parisienne-sortie-22-mai-2020\/marc-et-sarah-lancman\/\" rel=\"attachment wp-att-3635\"><img loading=\"lazy\" decoding=\"async\" class=\"aligncenter wp-image-3635 \" src=\"https:\/\/www.marcberthoumieux.com\/blog\/wp-content\/uploads\/2020\/05\/Marc-et-Sarah-Lancman.jpg\" alt=\"\" width=\"650\" height=\"650\" srcset=\"https:\/\/www.marcberthoumieux.com\/blog\/wp-content\/uploads\/2020\/05\/Marc-et-Sarah-Lancman.jpg 1071w, https:\/\/www.marcberthoumieux.com\/blog\/wp-content\/uploads\/2020\/05\/Marc-et-Sarah-Lancman-300x300.jpg 300w, https:\/\/www.marcberthoumieux.com\/blog\/wp-content\/uploads\/2020\/05\/Marc-et-Sarah-Lancman-1024x1024.jpg 1024w, https:\/\/www.marcberthoumieux.com\/blog\/wp-content\/uploads\/2020\/05\/Marc-et-Sarah-Lancman-150x150.jpg 150w, https:\/\/www.marcberthoumieux.com\/blog\/wp-content\/uploads\/2020\/05\/Marc-et-Sarah-Lancman-768x768.jpg 768w\" sizes=\"auto, (max-width: 650px) 100vw, 650px\" \/><\/a><\/p>\n","protected":false},"excerpt":{"rendered":"<p>Nouvel album de Sarah Lancman \u00ab\u00a0Parisienne\u00a0\u00bb \u00ab\u00a0La plus belle voix du jazz fran\u00e7ais revient avec un cinqui\u00e8me album \u00ab\u00a0PARISIENNE\u00a0\u00bb entour\u00e9e d\u2019un line up de prestige\u00a0\u00bb Giovanni Mirabassi (piano)Laurent Vernerey (contrebasse)St\u00e9phane Huchard (batterie)invit\u00e9s sp\u00e9ciaux :Pierrick Pedron (saxophone)Marc Berthoumieux (accord\u00e9on) Sortie 22 mai 2020 sur le label Jazz Eleven 4 \u00e9toiles JAZZMAN et HIT Couleur Jazz \u00ab [&hellip;]<\/p>\n","protected":false},"author":1,"featured_media":3634,"comment_status":"closed","ping_status":"open","sticky":false,"template":"","format":"standard","meta":{"footnotes":""},"categories":[19,97],"tags":[18,35,21,260,237,34],"class_list":["post-3633","post","type-post","status-publish","format-standard","has-post-thumbnail","hentry","category-02-album","category-participation","tag-giovanni-mirabassi","tag-laurent-vernerey","tag-participation-album","tag-pierrick-pedron","tag-sarah-lancman","tag-stephane-huchard"],"_links":{"self":[{"href":"https:\/\/www.marcberthoumieux.com\/blog\/wp-json\/wp\/v2\/posts\/3633","targetHints":{"allow":["GET"]}}],"collection":[{"href":"https:\/\/www.marcberthoumieux.com\/blog\/wp-json\/wp\/v2\/posts"}],"about":[{"href":"https:\/\/www.marcberthoumieux.com\/blog\/wp-json\/wp\/v2\/types\/post"}],"author":[{"embeddable":true,"href":"https:\/\/www.marcberthoumieux.com\/blog\/wp-json\/wp\/v2\/users\/1"}],"replies":[{"embeddable":true,"href":"https:\/\/www.marcberthoumieux.com\/blog\/wp-json\/wp\/v2\/comments?post=3633"}],"version-history":[{"count":4,"href":"https:\/\/www.marcberthoumieux.com\/blog\/wp-json\/wp\/v2\/posts\/3633\/revisions"}],"predecessor-version":[{"id":3924,"href":"https:\/\/www.marcberthoumieux.com\/blog\/wp-json\/wp\/v2\/posts\/3633\/revisions\/3924"}],"wp:featuredmedia":[{"embeddable":true,"href":"https:\/\/www.marcberthoumieux.com\/blog\/wp-json\/wp\/v2\/media\/3634"}],"wp:attachment":[{"href":"https:\/\/www.marcberthoumieux.com\/blog\/wp-json\/wp\/v2\/media?parent=3633"}],"wp:term":[{"taxonomy":"category","embeddable":true,"href":"https:\/\/www.marcberthoumieux.com\/blog\/wp-json\/wp\/v2\/categories?post=3633"},{"taxonomy":"post_tag","embeddable":true,"href":"https:\/\/www.marcberthoumieux.com\/blog\/wp-json\/wp\/v2\/tags?post=3633"}],"curies":[{"name":"wp","href":"https:\/\/api.w.org\/{rel}","templated":true}]}}