{"id":3998,"date":"2021-05-06T08:00:00","date_gmt":"2021-05-06T06:00:00","guid":{"rendered":"http:\/\/www.marcberthoumieux.com\/blog\/?p=3998"},"modified":"2021-08-09T01:30:27","modified_gmt":"2021-08-08T23:30:27","slug":"le-bal-des-mondes-la-chronique-dandre-manoukian-sur-france-inter","status":"publish","type":"post","link":"https:\/\/www.marcberthoumieux.com\/blog\/le-bal-des-mondes-la-chronique-dandre-manoukian-sur-france-inter\/","title":{"rendered":"LE BAL DES MONDES : La Chronique d&rsquo;Andr\u00e9 Manoukian sur France Inter"},"content":{"rendered":"\n<h4><em>Les bretelles du monde<\/em><br \/><em>\u00ab\u00a0L\u2019accord\u00e9on, \u00e7a peut \u00eatre tr\u00e8s doux,<\/em><br \/><em>surtout quand c\u2019est Marc Berthoumieux qui le joue\u2026\u00a0\u00bb<\/em><\/h4>\n<p>FRANCE INTER &#8211; MAI 2021 &#8211; ALBUM LE BAL DES MONDES <br \/>La Chronique d&rsquo;Andr\u00e9 Manoukian<br \/>sur France Inter<br \/>jeudi 6 mai 2021 &#8211; Podcast 7 minutes<\/p>\n\n\n\n<figure class=\"wp-block-image size-large\"><img loading=\"lazy\" decoding=\"async\" width=\"805\" height=\"662\" src=\"https:\/\/www.marcberthoumieux.com\/blog\/wp-content\/uploads\/2021\/08\/Andre-Manoukian-Chronique-def.jpg\" alt=\"\" class=\"wp-image-3999\" srcset=\"https:\/\/www.marcberthoumieux.com\/blog\/wp-content\/uploads\/2021\/08\/Andre-Manoukian-Chronique-def.jpg 805w, https:\/\/www.marcberthoumieux.com\/blog\/wp-content\/uploads\/2021\/08\/Andre-Manoukian-Chronique-def-300x247.jpg 300w, https:\/\/www.marcberthoumieux.com\/blog\/wp-content\/uploads\/2021\/08\/Andre-Manoukian-Chronique-def-768x632.jpg 768w\" sizes=\"auto, (max-width: 805px) 100vw, 805px\" \/><\/figure>\n","protected":false},"excerpt":{"rendered":"<p>Les bretelles du monde\u00ab\u00a0L\u2019accord\u00e9on, \u00e7a peut \u00eatre tr\u00e8s doux,surtout quand c\u2019est Marc Berthoumieux qui le joue\u2026\u00a0\u00bb FRANCE INTER &#8211; MAI 2021 &#8211; ALBUM LE BAL DES MONDES La Chronique d&rsquo;Andr\u00e9 Manoukiansur France Interjeudi 6 mai 2021 &#8211; Podcast 7 minutes<\/p>\n","protected":false},"author":1,"featured_media":3999,"comment_status":"closed","ping_status":"open","sticky":false,"template":"","format":"standard","meta":{"footnotes":""},"categories":[4,261],"tags":[280],"class_list":["post-3998","post","type-post","status-publish","format-standard","has-post-thumbnail","hentry","category-07-presse","category-radio","tag-le-bal-des-mondes"],"_links":{"self":[{"href":"https:\/\/www.marcberthoumieux.com\/blog\/wp-json\/wp\/v2\/posts\/3998","targetHints":{"allow":["GET"]}}],"collection":[{"href":"https:\/\/www.marcberthoumieux.com\/blog\/wp-json\/wp\/v2\/posts"}],"about":[{"href":"https:\/\/www.marcberthoumieux.com\/blog\/wp-json\/wp\/v2\/types\/post"}],"author":[{"embeddable":true,"href":"https:\/\/www.marcberthoumieux.com\/blog\/wp-json\/wp\/v2\/users\/1"}],"replies":[{"embeddable":true,"href":"https:\/\/www.marcberthoumieux.com\/blog\/wp-json\/wp\/v2\/comments?post=3998"}],"version-history":[{"count":0,"href":"https:\/\/www.marcberthoumieux.com\/blog\/wp-json\/wp\/v2\/posts\/3998\/revisions"}],"wp:featuredmedia":[{"embeddable":true,"href":"https:\/\/www.marcberthoumieux.com\/blog\/wp-json\/wp\/v2\/media\/3999"}],"wp:attachment":[{"href":"https:\/\/www.marcberthoumieux.com\/blog\/wp-json\/wp\/v2\/media?parent=3998"}],"wp:term":[{"taxonomy":"category","embeddable":true,"href":"https:\/\/www.marcberthoumieux.com\/blog\/wp-json\/wp\/v2\/categories?post=3998"},{"taxonomy":"post_tag","embeddable":true,"href":"https:\/\/www.marcberthoumieux.com\/blog\/wp-json\/wp\/v2\/tags?post=3998"}],"curies":[{"name":"wp","href":"https:\/\/api.w.org\/{rel}","templated":true}]}}