{"id":4150,"date":"2021-08-10T11:50:00","date_gmt":"2021-08-10T09:50:00","guid":{"rendered":"http:\/\/www.marcberthoumieux.com\/blog\/?p=4150"},"modified":"2021-08-12T23:49:57","modified_gmt":"2021-08-12T21:49:57","slug":"marc-berthoumieux-giovanni-mirabassi-quartet-a-san-javier-espagne-juillet-2021","status":"publish","type":"post","link":"https:\/\/www.marcberthoumieux.com\/blog\/marc-berthoumieux-giovanni-mirabassi-quartet-a-san-javier-espagne-juillet-2021\/","title":{"rendered":"Marc Berthoumieux &#038; Giovanni Mirabassi Quartet \u00e0 San Javier (Espagne juillet 2021)"},"content":{"rendered":"\n<p class=\"has-medium-font-size\"><strong>Marc Berthoumieux &amp; Giovanni Mirabassi Quartet \u00e0 San Javier (Espagne) le juillet 2021<\/strong><\/p>\n\n\n\n<p>En concert pour la seconde fois au festival de jazz de <strong>San Javier<\/strong> (Espagne) avec <strong>Giovanni Mirabassi et Lukmil Perez. <br \/><\/strong>L&rsquo;occasion de faire de nouvelles belles rencontres avec <strong>Cyril Mokaiesh<\/strong> et <strong>S\u00e9l\u00e8ne Saint-Aim\u00e9.<\/strong><\/p>\n<p><strong>Marc Berthoumieux<\/strong> (accord\u00e9on)<br \/><strong>Giovanni Mirabassi<\/strong> (piano)<br \/><strong>S\u00e9l\u00e8ne Saint-Aim\u00e9<\/strong> (contrebasse)<br \/><strong>Lukmil Perez<\/strong> (batterie)<br \/>Guest :<br \/><strong>Cyril Mokaiesh<\/strong> (chant)<\/p>\n\n\n\n<figure class=\"wp-block-image size-large\"><img loading=\"lazy\" decoding=\"async\" width=\"981\" height=\"1024\" src=\"https:\/\/www.marcberthoumieux.com\/blog\/wp-content\/uploads\/2021\/08\/San-Javier-2021-981x1024.jpg\" alt=\"\" class=\"wp-image-4151\" srcset=\"https:\/\/www.marcberthoumieux.com\/blog\/wp-content\/uploads\/2021\/08\/San-Javier-2021-981x1024.jpg 981w, https:\/\/www.marcberthoumieux.com\/blog\/wp-content\/uploads\/2021\/08\/San-Javier-2021-287x300.jpg 287w, https:\/\/www.marcberthoumieux.com\/blog\/wp-content\/uploads\/2021\/08\/San-Javier-2021-768x802.jpg 768w, https:\/\/www.marcberthoumieux.com\/blog\/wp-content\/uploads\/2021\/08\/San-Javier-2021.jpg 984w\" sizes=\"auto, (max-width: 981px) 100vw, 981px\" \/><\/figure>\n\n\n\n<figure class=\"wp-block-image size-large\"><img loading=\"lazy\" decoding=\"async\" width=\"1024\" height=\"759\" src=\"https:\/\/www.marcberthoumieux.com\/blog\/wp-content\/uploads\/2021\/08\/San-Javier-2021-2-1024x759.jpg\" alt=\"\" class=\"wp-image-4152\" srcset=\"https:\/\/www.marcberthoumieux.com\/blog\/wp-content\/uploads\/2021\/08\/San-Javier-2021-2-1024x759.jpg 1024w, https:\/\/www.marcberthoumieux.com\/blog\/wp-content\/uploads\/2021\/08\/San-Javier-2021-2-300x222.jpg 300w, https:\/\/www.marcberthoumieux.com\/blog\/wp-content\/uploads\/2021\/08\/San-Javier-2021-2-768x569.jpg 768w, https:\/\/www.marcberthoumieux.com\/blog\/wp-content\/uploads\/2021\/08\/San-Javier-2021-2-1536x1138.jpg 1536w, https:\/\/www.marcberthoumieux.com\/blog\/wp-content\/uploads\/2021\/08\/San-Javier-2021-2.jpg 1920w\" sizes=\"auto, (max-width: 1024px) 100vw, 1024px\" \/><\/figure>\n\n\n\n<figure class=\"wp-block-image size-large\"><img loading=\"lazy\" decoding=\"async\" width=\"1024\" height=\"1024\" src=\"https:\/\/www.marcberthoumieux.com\/blog\/wp-content\/uploads\/2021\/08\/San-Javier-2021-3-1024x1024.jpg\" alt=\"\" class=\"wp-image-4153\" srcset=\"https:\/\/www.marcberthoumieux.com\/blog\/wp-content\/uploads\/2021\/08\/San-Javier-2021-3-1024x1024.jpg 1024w, https:\/\/www.marcberthoumieux.com\/blog\/wp-content\/uploads\/2021\/08\/San-Javier-2021-3-300x300.jpg 300w, https:\/\/www.marcberthoumieux.com\/blog\/wp-content\/uploads\/2021\/08\/San-Javier-2021-3-150x150.jpg 150w, https:\/\/www.marcberthoumieux.com\/blog\/wp-content\/uploads\/2021\/08\/San-Javier-2021-3-768x768.jpg 768w, https:\/\/www.marcberthoumieux.com\/blog\/wp-content\/uploads\/2021\/08\/San-Javier-2021-3.jpg 1080w\" sizes=\"auto, (max-width: 1024px) 100vw, 1024px\" \/><\/figure>\n\n\n\n<figure class=\"wp-block-gallery columns-1 is-cropped wp-block-gallery-1 is-layout-flex wp-block-gallery-is-layout-flex\"><ul class=\"blocks-gallery-grid\"><li class=\"blocks-gallery-item\"><figure><a href=\"https:\/\/www.marcberthoumieux.com\/blog\/wp-content\/uploads\/2021\/08\/Marc_Berthoumieux_y_Giovanni_Mirabassi_Quartet-30-07-2021_061.jpg\"><img loading=\"lazy\" decoding=\"async\" width=\"1024\" height=\"768\" src=\"https:\/\/www.marcberthoumieux.com\/blog\/wp-content\/uploads\/2021\/08\/Marc_Berthoumieux_y_Giovanni_Mirabassi_Quartet-30-07-2021_061-1024x768.jpg\" alt=\"\" data-id=\"4154\" data-full-url=\"https:\/\/www.marcberthoumieux.com\/blog\/wp-content\/uploads\/2021\/08\/Marc_Berthoumieux_y_Giovanni_Mirabassi_Quartet-30-07-2021_061.jpg\" data-link=\"https:\/\/www.marcberthoumieux.com\/blog\/marc-berthoumieux-giovanni-mirabassi-quartet-a-san-javier-espagne-juillet-2021\/marc-berthoumieux-giovanni-mirabassi-quartet\/\" class=\"wp-image-4154\" srcset=\"https:\/\/www.marcberthoumieux.com\/blog\/wp-content\/uploads\/2021\/08\/Marc_Berthoumieux_y_Giovanni_Mirabassi_Quartet-30-07-2021_061-1024x768.jpg 1024w, https:\/\/www.marcberthoumieux.com\/blog\/wp-content\/uploads\/2021\/08\/Marc_Berthoumieux_y_Giovanni_Mirabassi_Quartet-30-07-2021_061-300x225.jpg 300w, https:\/\/www.marcberthoumieux.com\/blog\/wp-content\/uploads\/2021\/08\/Marc_Berthoumieux_y_Giovanni_Mirabassi_Quartet-30-07-2021_061-768x576.jpg 768w, https:\/\/www.marcberthoumieux.com\/blog\/wp-content\/uploads\/2021\/08\/Marc_Berthoumieux_y_Giovanni_Mirabassi_Quartet-30-07-2021_061-1536x1152.jpg 1536w, https:\/\/www.marcberthoumieux.com\/blog\/wp-content\/uploads\/2021\/08\/Marc_Berthoumieux_y_Giovanni_Mirabassi_Quartet-30-07-2021_061.jpg 2048w\" sizes=\"auto, (max-width: 1024px) 100vw, 1024px\" \/><\/a><figcaption class=\"blocks-gallery-item__caption\">San Javier 2021 \u00a9 Goio Villanueva<\/figcaption><\/figure><\/li><li class=\"blocks-gallery-item\"><figure><a href=\"https:\/\/www.marcberthoumieux.com\/blog\/wp-content\/uploads\/2021\/08\/Marc_Berthoumieux_y_Giovanni_Mirabassi_Quartet-30-07-2021_062.jpg\"><img loading=\"lazy\" decoding=\"async\" width=\"1024\" height=\"768\" src=\"https:\/\/www.marcberthoumieux.com\/blog\/wp-content\/uploads\/2021\/08\/Marc_Berthoumieux_y_Giovanni_Mirabassi_Quartet-30-07-2021_062-1024x768.jpg\" alt=\"\" data-id=\"4155\" data-full-url=\"https:\/\/www.marcberthoumieux.com\/blog\/wp-content\/uploads\/2021\/08\/Marc_Berthoumieux_y_Giovanni_Mirabassi_Quartet-30-07-2021_062.jpg\" data-link=\"https:\/\/www.marcberthoumieux.com\/blog\/marc-berthoumieux-giovanni-mirabassi-quartet-a-san-javier-espagne-juillet-2021\/marc-berthoumieux-giovanni-mirabassi-quartet-2\/\" class=\"wp-image-4155\" srcset=\"https:\/\/www.marcberthoumieux.com\/blog\/wp-content\/uploads\/2021\/08\/Marc_Berthoumieux_y_Giovanni_Mirabassi_Quartet-30-07-2021_062-1024x768.jpg 1024w, https:\/\/www.marcberthoumieux.com\/blog\/wp-content\/uploads\/2021\/08\/Marc_Berthoumieux_y_Giovanni_Mirabassi_Quartet-30-07-2021_062-300x225.jpg 300w, https:\/\/www.marcberthoumieux.com\/blog\/wp-content\/uploads\/2021\/08\/Marc_Berthoumieux_y_Giovanni_Mirabassi_Quartet-30-07-2021_062-768x576.jpg 768w, https:\/\/www.marcberthoumieux.com\/blog\/wp-content\/uploads\/2021\/08\/Marc_Berthoumieux_y_Giovanni_Mirabassi_Quartet-30-07-2021_062-1536x1152.jpg 1536w, https:\/\/www.marcberthoumieux.com\/blog\/wp-content\/uploads\/2021\/08\/Marc_Berthoumieux_y_Giovanni_Mirabassi_Quartet-30-07-2021_062.jpg 2048w\" sizes=\"auto, (max-width: 1024px) 100vw, 1024px\" \/><\/a><figcaption class=\"blocks-gallery-item__caption\">San Javier 2021 \u00a9 Goio Villanueva<\/figcaption><\/figure><\/li><li class=\"blocks-gallery-item\"><figure><a href=\"https:\/\/www.marcberthoumieux.com\/blog\/wp-content\/uploads\/2021\/08\/Marc_Berthoumieux_y_Giovanni_Mirabassi_Quartet-30-07-2021_066.jpg\"><img loading=\"lazy\" decoding=\"async\" width=\"1024\" height=\"768\" src=\"https:\/\/www.marcberthoumieux.com\/blog\/wp-content\/uploads\/2021\/08\/Marc_Berthoumieux_y_Giovanni_Mirabassi_Quartet-30-07-2021_066-1024x768.jpg\" alt=\"\" data-id=\"4156\" data-full-url=\"https:\/\/www.marcberthoumieux.com\/blog\/wp-content\/uploads\/2021\/08\/Marc_Berthoumieux_y_Giovanni_Mirabassi_Quartet-30-07-2021_066.jpg\" data-link=\"https:\/\/www.marcberthoumieux.com\/blog\/marc-berthoumieux-giovanni-mirabassi-quartet-a-san-javier-espagne-juillet-2021\/marc-berthoumieux-giovanni-mirabassi-quartet-3\/\" class=\"wp-image-4156\" srcset=\"https:\/\/www.marcberthoumieux.com\/blog\/wp-content\/uploads\/2021\/08\/Marc_Berthoumieux_y_Giovanni_Mirabassi_Quartet-30-07-2021_066-1024x768.jpg 1024w, https:\/\/www.marcberthoumieux.com\/blog\/wp-content\/uploads\/2021\/08\/Marc_Berthoumieux_y_Giovanni_Mirabassi_Quartet-30-07-2021_066-300x225.jpg 300w, https:\/\/www.marcberthoumieux.com\/blog\/wp-content\/uploads\/2021\/08\/Marc_Berthoumieux_y_Giovanni_Mirabassi_Quartet-30-07-2021_066-768x576.jpg 768w, https:\/\/www.marcberthoumieux.com\/blog\/wp-content\/uploads\/2021\/08\/Marc_Berthoumieux_y_Giovanni_Mirabassi_Quartet-30-07-2021_066-1536x1152.jpg 1536w, https:\/\/www.marcberthoumieux.com\/blog\/wp-content\/uploads\/2021\/08\/Marc_Berthoumieux_y_Giovanni_Mirabassi_Quartet-30-07-2021_066.jpg 2048w\" sizes=\"auto, (max-width: 1024px) 100vw, 1024px\" \/><\/a><figcaption class=\"blocks-gallery-item__caption\">San Javier 2021 \u00a9 Goio Villanueva<\/figcaption><\/figure><\/li><li class=\"blocks-gallery-item\"><figure><a href=\"https:\/\/www.marcberthoumieux.com\/blog\/wp-content\/uploads\/2021\/08\/Marc_Berthoumieux_y_Giovanni_Mirabassi_Quartet-30-07-2021_076.jpg\"><img loading=\"lazy\" decoding=\"async\" width=\"1024\" height=\"768\" src=\"https:\/\/www.marcberthoumieux.com\/blog\/wp-content\/uploads\/2021\/08\/Marc_Berthoumieux_y_Giovanni_Mirabassi_Quartet-30-07-2021_076-1024x768.jpg\" alt=\"\" data-id=\"4157\" data-full-url=\"https:\/\/www.marcberthoumieux.com\/blog\/wp-content\/uploads\/2021\/08\/Marc_Berthoumieux_y_Giovanni_Mirabassi_Quartet-30-07-2021_076.jpg\" data-link=\"https:\/\/www.marcberthoumieux.com\/blog\/marc-berthoumieux-giovanni-mirabassi-quartet-a-san-javier-espagne-juillet-2021\/marc-berthoumieux-giovanni-mirabassi-quartet-4\/\" class=\"wp-image-4157\" srcset=\"https:\/\/www.marcberthoumieux.com\/blog\/wp-content\/uploads\/2021\/08\/Marc_Berthoumieux_y_Giovanni_Mirabassi_Quartet-30-07-2021_076-1024x768.jpg 1024w, https:\/\/www.marcberthoumieux.com\/blog\/wp-content\/uploads\/2021\/08\/Marc_Berthoumieux_y_Giovanni_Mirabassi_Quartet-30-07-2021_076-300x225.jpg 300w, https:\/\/www.marcberthoumieux.com\/blog\/wp-content\/uploads\/2021\/08\/Marc_Berthoumieux_y_Giovanni_Mirabassi_Quartet-30-07-2021_076-768x576.jpg 768w, https:\/\/www.marcberthoumieux.com\/blog\/wp-content\/uploads\/2021\/08\/Marc_Berthoumieux_y_Giovanni_Mirabassi_Quartet-30-07-2021_076-1536x1152.jpg 1536w, https:\/\/www.marcberthoumieux.com\/blog\/wp-content\/uploads\/2021\/08\/Marc_Berthoumieux_y_Giovanni_Mirabassi_Quartet-30-07-2021_076.jpg 2048w\" sizes=\"auto, (max-width: 1024px) 100vw, 1024px\" \/><\/a><figcaption class=\"blocks-gallery-item__caption\">San Javier 2021 \u00a9 Goio Villanueva<\/figcaption><\/figure><\/li><li class=\"blocks-gallery-item\"><figure><a href=\"https:\/\/www.marcberthoumieux.com\/blog\/wp-content\/uploads\/2021\/08\/Marc_Berthoumieux_y_Giovanni_Mirabassi_Quartet-30-07-2021_082.jpg\"><img loading=\"lazy\" decoding=\"async\" width=\"1024\" height=\"768\" src=\"https:\/\/www.marcberthoumieux.com\/blog\/wp-content\/uploads\/2021\/08\/Marc_Berthoumieux_y_Giovanni_Mirabassi_Quartet-30-07-2021_082-1024x768.jpg\" alt=\"\" data-id=\"4158\" data-full-url=\"https:\/\/www.marcberthoumieux.com\/blog\/wp-content\/uploads\/2021\/08\/Marc_Berthoumieux_y_Giovanni_Mirabassi_Quartet-30-07-2021_082.jpg\" data-link=\"https:\/\/www.marcberthoumieux.com\/blog\/marc-berthoumieux-giovanni-mirabassi-quartet-a-san-javier-espagne-juillet-2021\/marc-berthoumieux-giovanni-mirabassi-quartet-5\/\" class=\"wp-image-4158\" srcset=\"https:\/\/www.marcberthoumieux.com\/blog\/wp-content\/uploads\/2021\/08\/Marc_Berthoumieux_y_Giovanni_Mirabassi_Quartet-30-07-2021_082-1024x768.jpg 1024w, https:\/\/www.marcberthoumieux.com\/blog\/wp-content\/uploads\/2021\/08\/Marc_Berthoumieux_y_Giovanni_Mirabassi_Quartet-30-07-2021_082-300x225.jpg 300w, https:\/\/www.marcberthoumieux.com\/blog\/wp-content\/uploads\/2021\/08\/Marc_Berthoumieux_y_Giovanni_Mirabassi_Quartet-30-07-2021_082-768x576.jpg 768w, https:\/\/www.marcberthoumieux.com\/blog\/wp-content\/uploads\/2021\/08\/Marc_Berthoumieux_y_Giovanni_Mirabassi_Quartet-30-07-2021_082-1536x1152.jpg 1536w, https:\/\/www.marcberthoumieux.com\/blog\/wp-content\/uploads\/2021\/08\/Marc_Berthoumieux_y_Giovanni_Mirabassi_Quartet-30-07-2021_082.jpg 2048w\" sizes=\"auto, (max-width: 1024px) 100vw, 1024px\" \/><\/a><figcaption class=\"blocks-gallery-item__caption\">San Javier 2021 \u00a9 Goio Villanueva<\/figcaption><\/figure><\/li><li class=\"blocks-gallery-item\"><figure><a href=\"https:\/\/www.marcberthoumieux.com\/blog\/wp-content\/uploads\/2021\/08\/Marc_Berthoumieux_y_Giovanni_Mirabassi_Quartet-30-07-2021_097.jpg\"><img loading=\"lazy\" decoding=\"async\" width=\"1024\" height=\"768\" src=\"https:\/\/www.marcberthoumieux.com\/blog\/wp-content\/uploads\/2021\/08\/Marc_Berthoumieux_y_Giovanni_Mirabassi_Quartet-30-07-2021_097-1024x768.jpg\" alt=\"\" data-id=\"4159\" data-full-url=\"https:\/\/www.marcberthoumieux.com\/blog\/wp-content\/uploads\/2021\/08\/Marc_Berthoumieux_y_Giovanni_Mirabassi_Quartet-30-07-2021_097.jpg\" data-link=\"https:\/\/www.marcberthoumieux.com\/blog\/marc-berthoumieux-giovanni-mirabassi-quartet-a-san-javier-espagne-juillet-2021\/marc-berthoumieux-giovanni-mirabassi-quartet-6\/\" class=\"wp-image-4159\" srcset=\"https:\/\/www.marcberthoumieux.com\/blog\/wp-content\/uploads\/2021\/08\/Marc_Berthoumieux_y_Giovanni_Mirabassi_Quartet-30-07-2021_097-1024x768.jpg 1024w, https:\/\/www.marcberthoumieux.com\/blog\/wp-content\/uploads\/2021\/08\/Marc_Berthoumieux_y_Giovanni_Mirabassi_Quartet-30-07-2021_097-300x225.jpg 300w, https:\/\/www.marcberthoumieux.com\/blog\/wp-content\/uploads\/2021\/08\/Marc_Berthoumieux_y_Giovanni_Mirabassi_Quartet-30-07-2021_097-768x576.jpg 768w, https:\/\/www.marcberthoumieux.com\/blog\/wp-content\/uploads\/2021\/08\/Marc_Berthoumieux_y_Giovanni_Mirabassi_Quartet-30-07-2021_097-1536x1152.jpg 1536w, https:\/\/www.marcberthoumieux.com\/blog\/wp-content\/uploads\/2021\/08\/Marc_Berthoumieux_y_Giovanni_Mirabassi_Quartet-30-07-2021_097.jpg 2048w\" sizes=\"auto, (max-width: 1024px) 100vw, 1024px\" \/><\/a><figcaption class=\"blocks-gallery-item__caption\">San Javier 2021 \u00a9 Goio Villanueva<\/figcaption><\/figure><\/li><li class=\"blocks-gallery-item\"><figure><a href=\"https:\/\/www.marcberthoumieux.com\/blog\/wp-content\/uploads\/2021\/08\/Marc_Berthoumieux_y_Giovanni_Mirabassi_Quartet-30-07-2021_112.jpg\"><img loading=\"lazy\" decoding=\"async\" width=\"1024\" height=\"768\" src=\"https:\/\/www.marcberthoumieux.com\/blog\/wp-content\/uploads\/2021\/08\/Marc_Berthoumieux_y_Giovanni_Mirabassi_Quartet-30-07-2021_112-1024x768.jpg\" alt=\"\" data-id=\"4160\" data-full-url=\"https:\/\/www.marcberthoumieux.com\/blog\/wp-content\/uploads\/2021\/08\/Marc_Berthoumieux_y_Giovanni_Mirabassi_Quartet-30-07-2021_112.jpg\" data-link=\"https:\/\/www.marcberthoumieux.com\/blog\/marc-berthoumieux-giovanni-mirabassi-quartet-a-san-javier-espagne-juillet-2021\/marc-berthoumieux-giovanni-mirabassi-quartet-7\/\" class=\"wp-image-4160\" srcset=\"https:\/\/www.marcberthoumieux.com\/blog\/wp-content\/uploads\/2021\/08\/Marc_Berthoumieux_y_Giovanni_Mirabassi_Quartet-30-07-2021_112-1024x768.jpg 1024w, https:\/\/www.marcberthoumieux.com\/blog\/wp-content\/uploads\/2021\/08\/Marc_Berthoumieux_y_Giovanni_Mirabassi_Quartet-30-07-2021_112-300x225.jpg 300w, https:\/\/www.marcberthoumieux.com\/blog\/wp-content\/uploads\/2021\/08\/Marc_Berthoumieux_y_Giovanni_Mirabassi_Quartet-30-07-2021_112-768x576.jpg 768w, https:\/\/www.marcberthoumieux.com\/blog\/wp-content\/uploads\/2021\/08\/Marc_Berthoumieux_y_Giovanni_Mirabassi_Quartet-30-07-2021_112-1536x1152.jpg 1536w, https:\/\/www.marcberthoumieux.com\/blog\/wp-content\/uploads\/2021\/08\/Marc_Berthoumieux_y_Giovanni_Mirabassi_Quartet-30-07-2021_112.jpg 2048w\" sizes=\"auto, (max-width: 1024px) 100vw, 1024px\" \/><\/a><figcaption class=\"blocks-gallery-item__caption\">San Javier 2021 \u00a9 Goio Villanueva<\/figcaption><\/figure><\/li><li class=\"blocks-gallery-item\"><figure><a href=\"https:\/\/www.marcberthoumieux.com\/blog\/wp-content\/uploads\/2021\/08\/Marc_Berthoumieux_y_Giovanni_Mirabassi_Quartet-30-07-2021_116.jpg\"><img loading=\"lazy\" decoding=\"async\" width=\"1024\" height=\"768\" src=\"https:\/\/www.marcberthoumieux.com\/blog\/wp-content\/uploads\/2021\/08\/Marc_Berthoumieux_y_Giovanni_Mirabassi_Quartet-30-07-2021_116-1024x768.jpg\" alt=\"\" data-id=\"4161\" data-full-url=\"https:\/\/www.marcberthoumieux.com\/blog\/wp-content\/uploads\/2021\/08\/Marc_Berthoumieux_y_Giovanni_Mirabassi_Quartet-30-07-2021_116.jpg\" data-link=\"https:\/\/www.marcberthoumieux.com\/blog\/marc-berthoumieux-giovanni-mirabassi-quartet-a-san-javier-espagne-juillet-2021\/marc-berthoumieux-giovanni-mirabassi-quartet-8\/\" class=\"wp-image-4161\" srcset=\"https:\/\/www.marcberthoumieux.com\/blog\/wp-content\/uploads\/2021\/08\/Marc_Berthoumieux_y_Giovanni_Mirabassi_Quartet-30-07-2021_116-1024x768.jpg 1024w, https:\/\/www.marcberthoumieux.com\/blog\/wp-content\/uploads\/2021\/08\/Marc_Berthoumieux_y_Giovanni_Mirabassi_Quartet-30-07-2021_116-300x225.jpg 300w, https:\/\/www.marcberthoumieux.com\/blog\/wp-content\/uploads\/2021\/08\/Marc_Berthoumieux_y_Giovanni_Mirabassi_Quartet-30-07-2021_116-768x576.jpg 768w, https:\/\/www.marcberthoumieux.com\/blog\/wp-content\/uploads\/2021\/08\/Marc_Berthoumieux_y_Giovanni_Mirabassi_Quartet-30-07-2021_116-1536x1152.jpg 1536w, https:\/\/www.marcberthoumieux.com\/blog\/wp-content\/uploads\/2021\/08\/Marc_Berthoumieux_y_Giovanni_Mirabassi_Quartet-30-07-2021_116.jpg 2048w\" sizes=\"auto, (max-width: 1024px) 100vw, 1024px\" \/><\/a><figcaption class=\"blocks-gallery-item__caption\">San Javier 2021 \u00a9 Goio Villanueva<\/figcaption><\/figure><\/li><li class=\"blocks-gallery-item\"><figure><a href=\"https:\/\/www.marcberthoumieux.com\/blog\/wp-content\/uploads\/2021\/08\/Marc_Berthoumieux_y_Giovanni_Mirabassi_Quartet-30-07-2021_120.jpg\"><img loading=\"lazy\" decoding=\"async\" width=\"1024\" height=\"768\" src=\"https:\/\/www.marcberthoumieux.com\/blog\/wp-content\/uploads\/2021\/08\/Marc_Berthoumieux_y_Giovanni_Mirabassi_Quartet-30-07-2021_120-1024x768.jpg\" alt=\"\" data-id=\"4162\" data-full-url=\"https:\/\/www.marcberthoumieux.com\/blog\/wp-content\/uploads\/2021\/08\/Marc_Berthoumieux_y_Giovanni_Mirabassi_Quartet-30-07-2021_120.jpg\" data-link=\"https:\/\/www.marcberthoumieux.com\/blog\/marc-berthoumieux-giovanni-mirabassi-quartet-a-san-javier-espagne-juillet-2021\/marc-berthoumieux-giovanni-mirabassi-quartet-9\/\" class=\"wp-image-4162\" srcset=\"https:\/\/www.marcberthoumieux.com\/blog\/wp-content\/uploads\/2021\/08\/Marc_Berthoumieux_y_Giovanni_Mirabassi_Quartet-30-07-2021_120-1024x768.jpg 1024w, https:\/\/www.marcberthoumieux.com\/blog\/wp-content\/uploads\/2021\/08\/Marc_Berthoumieux_y_Giovanni_Mirabassi_Quartet-30-07-2021_120-300x225.jpg 300w, https:\/\/www.marcberthoumieux.com\/blog\/wp-content\/uploads\/2021\/08\/Marc_Berthoumieux_y_Giovanni_Mirabassi_Quartet-30-07-2021_120-768x576.jpg 768w, https:\/\/www.marcberthoumieux.com\/blog\/wp-content\/uploads\/2021\/08\/Marc_Berthoumieux_y_Giovanni_Mirabassi_Quartet-30-07-2021_120-1536x1152.jpg 1536w, https:\/\/www.marcberthoumieux.com\/blog\/wp-content\/uploads\/2021\/08\/Marc_Berthoumieux_y_Giovanni_Mirabassi_Quartet-30-07-2021_120.jpg 2048w\" sizes=\"auto, (max-width: 1024px) 100vw, 1024px\" \/><\/a><figcaption class=\"blocks-gallery-item__caption\">San Javier 2021 \u00a9 Goio Villanueva<\/figcaption><\/figure><\/li><\/ul><figcaption class=\"blocks-gallery-caption\"><strong>San Javier 2021 \u00a9 Goio Villanueva<\/strong><\/figcaption><\/figure>\n\n\n","protected":false},"excerpt":{"rendered":"<p>Marc Berthoumieux &amp; Giovanni Mirabassi Quartet \u00e0 San Javier (Espagne) le juillet 2021 En concert pour la seconde fois au festival de jazz de San Javier (Espagne) avec Giovanni Mirabassi et Lukmil Perez. L&rsquo;occasion de faire de nouvelles belles rencontres avec Cyril Mokaiesh et S\u00e9l\u00e8ne Saint-Aim\u00e9. Marc Berthoumieux (accord\u00e9on)Giovanni Mirabassi (piano)S\u00e9l\u00e8ne Saint-Aim\u00e9 (contrebasse)Lukmil Perez (batterie)Guest [&hellip;]<\/p>\n","protected":false},"author":1,"featured_media":4151,"comment_status":"closed","ping_status":"open","sticky":false,"template":"","format":"standard","meta":{"footnotes":""},"categories":[3,65,23],"tags":[242,18,59,380],"class_list":["post-4150","post","type-post","status-publish","format-standard","has-post-thumbnail","hentry","category-01-concerts","category-photos-2","category-06-rencontre-artistique","tag-cyril-mokaiesh","tag-giovanni-mirabassi","tag-lukmil-perez","tag-selene-saint-aime"],"_links":{"self":[{"href":"https:\/\/www.marcberthoumieux.com\/blog\/wp-json\/wp\/v2\/posts\/4150","targetHints":{"allow":["GET"]}}],"collection":[{"href":"https:\/\/www.marcberthoumieux.com\/blog\/wp-json\/wp\/v2\/posts"}],"about":[{"href":"https:\/\/www.marcberthoumieux.com\/blog\/wp-json\/wp\/v2\/types\/post"}],"author":[{"embeddable":true,"href":"https:\/\/www.marcberthoumieux.com\/blog\/wp-json\/wp\/v2\/users\/1"}],"replies":[{"embeddable":true,"href":"https:\/\/www.marcberthoumieux.com\/blog\/wp-json\/wp\/v2\/comments?post=4150"}],"version-history":[{"count":5,"href":"https:\/\/www.marcberthoumieux.com\/blog\/wp-json\/wp\/v2\/posts\/4150\/revisions"}],"predecessor-version":[{"id":4384,"href":"https:\/\/www.marcberthoumieux.com\/blog\/wp-json\/wp\/v2\/posts\/4150\/revisions\/4384"}],"wp:featuredmedia":[{"embeddable":true,"href":"https:\/\/www.marcberthoumieux.com\/blog\/wp-json\/wp\/v2\/media\/4151"}],"wp:attachment":[{"href":"https:\/\/www.marcberthoumieux.com\/blog\/wp-json\/wp\/v2\/media?parent=4150"}],"wp:term":[{"taxonomy":"category","embeddable":true,"href":"https:\/\/www.marcberthoumieux.com\/blog\/wp-json\/wp\/v2\/categories?post=4150"},{"taxonomy":"post_tag","embeddable":true,"href":"https:\/\/www.marcberthoumieux.com\/blog\/wp-json\/wp\/v2\/tags?post=4150"}],"curies":[{"name":"wp","href":"https:\/\/api.w.org\/{rel}","templated":true}]}}