{"id":4358,"date":"2020-11-13T12:00:00","date_gmt":"2020-11-13T11:00:00","guid":{"rendered":"http:\/\/www.marcberthoumieux.com\/blog\/?p=4358"},"modified":"2021-08-11T16:50:11","modified_gmt":"2021-08-11T14:50:11","slug":"nouvel-album-les-couleurs-dici-live-sortie-le-13-novembre-2020-2","status":"publish","type":"post","link":"https:\/\/www.marcberthoumieux.com\/blog\/nouvel-album-les-couleurs-dici-live-sortie-le-13-novembre-2020-2\/","title":{"rendered":"Nouvel album \u00ab\u00a0Les couleurs d&rsquo;ici &#8211; Live\u00a0\u00bb &#8211; sortie le 13 novembre 2020"},"content":{"rendered":"\n<figure class=\"wp-block-image size-large\"><img loading=\"lazy\" decoding=\"async\" width=\"1024\" height=\"914\" src=\"https:\/\/www.marcberthoumieux.com\/blog\/wp-content\/uploads\/2020\/11\/01-LES-COULEURS-LIVE-VISUEL-Digifile-1613-x-1440px-1024x914.jpg\" alt=\"\" class=\"wp-image-3702\" srcset=\"https:\/\/www.marcberthoumieux.com\/blog\/wp-content\/uploads\/2020\/11\/01-LES-COULEURS-LIVE-VISUEL-Digifile-1613-x-1440px-1024x914.jpg 1024w, https:\/\/www.marcberthoumieux.com\/blog\/wp-content\/uploads\/2020\/11\/01-LES-COULEURS-LIVE-VISUEL-Digifile-1613-x-1440px-300x268.jpg 300w, https:\/\/www.marcberthoumieux.com\/blog\/wp-content\/uploads\/2020\/11\/01-LES-COULEURS-LIVE-VISUEL-Digifile-1613-x-1440px-768x686.jpg 768w, https:\/\/www.marcberthoumieux.com\/blog\/wp-content\/uploads\/2020\/11\/01-LES-COULEURS-LIVE-VISUEL-Digifile-1613-x-1440px-1536x1371.jpg 1536w, https:\/\/www.marcberthoumieux.com\/blog\/wp-content\/uploads\/2020\/11\/01-LES-COULEURS-LIVE-VISUEL-Digifile-1613-x-1440px.jpg 1613w\" sizes=\"auto, (max-width: 1024px) 100vw, 1024px\" \/><\/figure>\n\n\n\n\n\n<figure class=\"wp-block-image size-large\"><img loading=\"lazy\" decoding=\"async\" width=\"767\" height=\"684\" src=\"https:\/\/www.marcberthoumieux.com\/blog\/wp-content\/uploads\/2021\/08\/slv006-digifile-verso-rvb.jpg\" alt=\"\" class=\"wp-image-4359\" srcset=\"https:\/\/www.marcberthoumieux.com\/blog\/wp-content\/uploads\/2021\/08\/slv006-digifile-verso-rvb.jpg 767w, https:\/\/www.marcberthoumieux.com\/blog\/wp-content\/uploads\/2021\/08\/slv006-digifile-verso-rvb-300x268.jpg 300w\" sizes=\"auto, (max-width: 767px) 100vw, 767px\" \/><\/figure>\n\n\n\n<p>1 <strong>Le Bal du Temple<\/strong><span class=\"Apple-converted-space\">&nbsp; <\/span>6&rsquo;10<br \/>2 <strong>Amazone<\/strong><span class=\"Apple-converted-space\">&nbsp; <\/span>9&rsquo;41<br \/>3 <strong>Vagues<\/strong><span class=\"Apple-converted-space\">&nbsp; <\/span>7&rsquo;22<br \/>4 <strong>Victoria<\/strong><span class=\"Apple-converted-space\">&nbsp; <\/span>6&rsquo;21<br \/>5 <strong>Les Couleurs d&rsquo;ici<\/strong><span class=\"Apple-converted-space\">&nbsp; <\/span>8&rsquo;12<span class=\"Apple-converted-space\">&nbsp;<br \/><\/span>6 <strong>Les Eaux Bleues<\/strong><span class=\"Apple-converted-space\">&nbsp; <\/span>8&rsquo;30<br \/>7 <strong>Balakatun<\/strong><span class=\"Apple-converted-space\">&nbsp; <\/span>7&rsquo;13<br \/>8 <strong>Sevilla<\/strong><span class=\"Apple-converted-space\">&nbsp; <\/span>8&rsquo;25<br \/>9 <strong>Carnavalse<\/strong><span class=\"Apple-converted-space\">&nbsp; <\/span>4&rsquo;16<\/p>\n<p>Total Time<span class=\"Apple-converted-space\">&nbsp; <\/span>: <strong>66&rsquo;10<\/strong><\/p>\n\n\n\n<hr class=\"wp-block-separator\"\/>\n\n\n\n<p>Concert enregistr\u00e9 le 6 novembre 1999 <br \/>\nau festival JazzContreBand <br \/>\nSalle Ch\u00e2teau Rouge &#8211; Annemasse (Haute-Savoie)<\/p>\n\n\n\n<hr class=\"wp-block-separator\"\/>\n\n\n\n<p>Label SOUS LA VILLE<br \/>Distribution ABSILONE \/ SOCADISC<\/p>\n\n\n\n<hr class=\"wp-block-separator\"\/>\n\n\n\n<div style=\"height:38px\" aria-hidden=\"true\" class=\"wp-block-spacer\"><\/div>\n\n\n\n<p class=\"has-text-color has-text-align-left has-vivid-cyan-blue-color\"><em>Les Couleurs d\u2019ici\u2026 ce premier album a marqu\u00e9 un avant et un apr\u00e8s dans mon parcours de musicien et de compositeur. C\u2019est pourquoi, vingt ans et quelques disques plus tard, je suis fier de vous pr\u00e9senter cet enregistrement in\u00e9dit o\u00f9 sont ancr\u00e9es mes racines, ma famille, mes amis et ma ville natale. Il t\u00e9moigne \u00e9galement de la complicit\u00e9 et de l\u2019admiration pour des artistes que j\u2019aime et avec lesquels j\u2019ai le bonheur de jouer encore aujourd\u2019hui.\u2029<\/em><\/p>\n\n\n\n<p class=\"has-text-align-right\"><span style=\"color:#0693e3\" class=\"tadv-color\">Marc Berthoumieux<\/span><\/p>\n\n\n\n<hr class=\"wp-block-separator\"\/>\n\n\n\n<p><a href=\"https:\/\/www.marcberthoumieux.com\/blog\/nouvel-album-les-couleurs-dici-live-sortie-le-13-novembre-2020\/logo-jazz-mag-4-etoiles-or\/\" rel=\"attachment wp-att-4362\"><img loading=\"lazy\" decoding=\"async\" class=\"aligncenter size-full wp-image-4362\" src=\"https:\/\/www.marcberthoumieux.com\/blog\/wp-content\/uploads\/2021\/08\/logo-jazz-mag-4-etoiles-or.png\" alt=\"\" width=\"173\" height=\"173\" srcset=\"https:\/\/www.marcberthoumieux.com\/blog\/wp-content\/uploads\/2021\/08\/logo-jazz-mag-4-etoiles-or.png 173w, https:\/\/www.marcberthoumieux.com\/blog\/wp-content\/uploads\/2021\/08\/logo-jazz-mag-4-etoiles-or-150x150.png 150w\" sizes=\"auto, (max-width: 173px) 100vw, 173px\" \/><\/a><a href=\"https:\/\/www.marcberthoumieux.com\/blog\/nouvel-album-les-couleurs-dici-live-sortie-le-13-novembre-2020\/logo-top-mezzo-noir-detoure\/\" rel=\"attachment wp-att-4363\"><img loading=\"lazy\" decoding=\"async\" class=\"aligncenter size-full wp-image-4363\" src=\"https:\/\/www.marcberthoumieux.com\/blog\/wp-content\/uploads\/2020\/11\/logo-top-mezzo-noir-detoure.png\" alt=\"\" width=\"218\" height=\"218\" srcset=\"https:\/\/www.marcberthoumieux.com\/blog\/wp-content\/uploads\/2020\/11\/logo-top-mezzo-noir-detoure.png 218w, https:\/\/www.marcberthoumieux.com\/blog\/wp-content\/uploads\/2020\/11\/logo-top-mezzo-noir-detoure-150x150.png 150w\" sizes=\"auto, (max-width: 218px) 100vw, 218px\" \/><\/a><\/p>\n\n\n\n<div class=\"wp-block-button aligncenter is-style-outline is-style-outline--1\"><a class=\"wp-block-button__link has-text-color has-very-light-gray-color has-background has-vivid-cyan-blue-background-color\" href=\"https:\/\/ffm.to\/lescouleursdicilive.owe\" style=\"border-radius:4px\">\u00c9COUTER \/ ACHETER<\/a><\/div>\n\n\n\n<div class=\"wp-block-button aligncenter is-style-outline is-style-outline--2\"><a class=\"wp-block-button__link has-text-color has-very-light-gray-color has-background\" href=\"https:\/\/www.marcberthoumieux.com\/presse.html\" style=\"background-color:#b19f26;border-radius:4px\">REVUE DE PRESSE<\/a><\/div>\n","protected":false},"excerpt":{"rendered":"<p>1 Le Bal du Temple&nbsp; 6&rsquo;102 Amazone&nbsp; 9&rsquo;413 Vagues&nbsp; 7&rsquo;224 Victoria&nbsp; 6&rsquo;215 Les Couleurs d&rsquo;ici&nbsp; 8&rsquo;12&nbsp;6 Les Eaux Bleues&nbsp; 8&rsquo;307 Balakatun&nbsp; 7&rsquo;138 Sevilla&nbsp; 8&rsquo;259 Carnavalse&nbsp; 4&rsquo;16 Total Time&nbsp; : 66&rsquo;10 Concert enregistr\u00e9 le 6 novembre 1999 au festival JazzContreBand Salle Ch\u00e2teau Rouge &#8211; Annemasse (Haute-Savoie) Label SOUS LA VILLEDistribution ABSILONE \/ SOCADISC Les Couleurs d\u2019ici\u2026 [&hellip;]<\/p>\n","protected":false},"author":1,"featured_media":3702,"comment_status":"closed","ping_status":"open","sticky":false,"template":"","format":"standard","meta":{"footnotes":""},"categories":[19,2],"tags":[386,387,278,10,209,388,277,385,16],"class_list":["post-4358","post","type-post","status-publish","format-standard","has-post-thumbnail","hentry","category-02-album","category-05-evenements","tag-franck-berthoumieux","tag-gilles-berthoumieux","tag-linley-marthe","tag-louis-winsberg","tag-noe-huchard","tag-remi-bournay","tag-stephane-guillaume","tag-viviane-berthoumieux","tag-william-lecomte"],"_links":{"self":[{"href":"https:\/\/www.marcberthoumieux.com\/blog\/wp-json\/wp\/v2\/posts\/4358","targetHints":{"allow":["GET"]}}],"collection":[{"href":"https:\/\/www.marcberthoumieux.com\/blog\/wp-json\/wp\/v2\/posts"}],"about":[{"href":"https:\/\/www.marcberthoumieux.com\/blog\/wp-json\/wp\/v2\/types\/post"}],"author":[{"embeddable":true,"href":"https:\/\/www.marcberthoumieux.com\/blog\/wp-json\/wp\/v2\/users\/1"}],"replies":[{"embeddable":true,"href":"https:\/\/www.marcberthoumieux.com\/blog\/wp-json\/wp\/v2\/comments?post=4358"}],"version-history":[{"count":2,"href":"https:\/\/www.marcberthoumieux.com\/blog\/wp-json\/wp\/v2\/posts\/4358\/revisions"}],"predecessor-version":[{"id":4368,"href":"https:\/\/www.marcberthoumieux.com\/blog\/wp-json\/wp\/v2\/posts\/4358\/revisions\/4368"}],"wp:featuredmedia":[{"embeddable":true,"href":"https:\/\/www.marcberthoumieux.com\/blog\/wp-json\/wp\/v2\/media\/3702"}],"wp:attachment":[{"href":"https:\/\/www.marcberthoumieux.com\/blog\/wp-json\/wp\/v2\/media?parent=4358"}],"wp:term":[{"taxonomy":"category","embeddable":true,"href":"https:\/\/www.marcberthoumieux.com\/blog\/wp-json\/wp\/v2\/categories?post=4358"},{"taxonomy":"post_tag","embeddable":true,"href":"https:\/\/www.marcberthoumieux.com\/blog\/wp-json\/wp\/v2\/tags?post=4358"}],"curies":[{"name":"wp","href":"https:\/\/api.w.org\/{rel}","templated":true}]}}