{"id":4489,"date":"2021-09-30T20:30:00","date_gmt":"2021-09-30T18:30:00","guid":{"rendered":"http:\/\/www.marcberthoumieux.com\/blog\/?p=4489"},"modified":"2021-10-05T00:38:29","modified_gmt":"2021-10-04T22:38:29","slug":"en-concert-avec-frederic-zeitoun-au-festival-lestival-a-poissy-le-2-octobre-2021","status":"publish","type":"post","link":"https:\/\/www.marcberthoumieux.com\/blog\/en-concert-avec-frederic-zeitoun-au-festival-lestival-a-poissy-le-2-octobre-2021\/","title":{"rendered":"En concert avec Fr\u00e9d\u00e9ric Zeitoun au Festival l&rsquo;Estival \u00e0 Poissy le 2 octobre 2021 (&#038; Evry le 7 octobre)"},"content":{"rendered":"\n<p class=\"has-medium-font-size\"><strong>En concerts au au Festival l&rsquo;Estival \u00e0 Poissy le 2 octobre 2021<br \/>avec son nouvel album \u00ab\u00a0<\/strong><span style=\"font-weight: 600;\">J&rsquo;aimerais\u00a0\u00bb\u00a0<\/span><\/p>\n<p><strong>(Et concert priv\u00e9 \u00e0 Evry le 7 octobre 2021)<\/strong><\/p>\n<p><strong>Fr\u00e9d\u00e9ric Zeitoun<\/strong> (chant, guitare, piano)<br \/><strong>Bruno Bongar\u00e7on<\/strong> (guitare)<br \/><strong>Marc Berthoumieux<\/strong> (accord\u00e9on)<\/p>\n<p>\u00a0<\/p>\n\n\n\n<figure class=\"wp-block-image size-large\"><img loading=\"lazy\" decoding=\"async\" width=\"1024\" height=\"1024\" src=\"https:\/\/www.marcberthoumieux.com\/blog\/wp-content\/uploads\/2021\/08\/Fr\u00e9d\u00e9ric-Zeitoun-Album-Jaimerais-2021-1024x1024.jpeg\" alt=\"\" class=\"wp-image-4137\" srcset=\"https:\/\/www.marcberthoumieux.com\/blog\/wp-content\/uploads\/2021\/08\/Fr\u00e9d\u00e9ric-Zeitoun-Album-Jaimerais-2021-1024x1024.jpeg 1024w, https:\/\/www.marcberthoumieux.com\/blog\/wp-content\/uploads\/2021\/08\/Fr\u00e9d\u00e9ric-Zeitoun-Album-Jaimerais-2021-300x300.jpeg 300w, https:\/\/www.marcberthoumieux.com\/blog\/wp-content\/uploads\/2021\/08\/Fr\u00e9d\u00e9ric-Zeitoun-Album-Jaimerais-2021-150x150.jpeg 150w, https:\/\/www.marcberthoumieux.com\/blog\/wp-content\/uploads\/2021\/08\/Fr\u00e9d\u00e9ric-Zeitoun-Album-Jaimerais-2021-768x768.jpeg 768w, https:\/\/www.marcberthoumieux.com\/blog\/wp-content\/uploads\/2021\/08\/Fr\u00e9d\u00e9ric-Zeitoun-Album-Jaimerais-2021.jpeg 1500w\" sizes=\"auto, (max-width: 1024px) 100vw, 1024px\" \/><\/figure>\n\n\n\n<figure class=\"wp-block-image size-large\"><img loading=\"lazy\" decoding=\"async\" width=\"1024\" height=\"673\" src=\"https:\/\/www.marcberthoumieux.com\/blog\/wp-content\/uploads\/2021\/10\/Fred-Zeitoun-Octobre-2021-1024x673.jpg\" alt=\"\" class=\"wp-image-4561\" srcset=\"https:\/\/www.marcberthoumieux.com\/blog\/wp-content\/uploads\/2021\/10\/Fred-Zeitoun-Octobre-2021-1024x673.jpg 1024w, https:\/\/www.marcberthoumieux.com\/blog\/wp-content\/uploads\/2021\/10\/Fred-Zeitoun-Octobre-2021-300x197.jpg 300w, https:\/\/www.marcberthoumieux.com\/blog\/wp-content\/uploads\/2021\/10\/Fred-Zeitoun-Octobre-2021-768x504.jpg 768w, https:\/\/www.marcberthoumieux.com\/blog\/wp-content\/uploads\/2021\/10\/Fred-Zeitoun-Octobre-2021-1536x1009.jpg 1536w, https:\/\/www.marcberthoumieux.com\/blog\/wp-content\/uploads\/2021\/10\/Fred-Zeitoun-Octobre-2021.jpg 1900w\" sizes=\"auto, (max-width: 1024px) 100vw, 1024px\" \/><\/figure>\n\n\n\n<figure class=\"wp-block-image size-large\"><img loading=\"lazy\" decoding=\"async\" width=\"1021\" height=\"1024\" src=\"https:\/\/www.marcberthoumieux.com\/blog\/wp-content\/uploads\/2021\/10\/Fred-Zeitoun-Trio-Oct-2021-instagram-1021x1024.jpg\" alt=\"\" class=\"wp-image-4564\" srcset=\"https:\/\/www.marcberthoumieux.com\/blog\/wp-content\/uploads\/2021\/10\/Fred-Zeitoun-Trio-Oct-2021-instagram-1021x1024.jpg 1021w, https:\/\/www.marcberthoumieux.com\/blog\/wp-content\/uploads\/2021\/10\/Fred-Zeitoun-Trio-Oct-2021-instagram-300x300.jpg 300w, https:\/\/www.marcberthoumieux.com\/blog\/wp-content\/uploads\/2021\/10\/Fred-Zeitoun-Trio-Oct-2021-instagram-150x150.jpg 150w, https:\/\/www.marcberthoumieux.com\/blog\/wp-content\/uploads\/2021\/10\/Fred-Zeitoun-Trio-Oct-2021-instagram-768x771.jpg 768w, https:\/\/www.marcberthoumieux.com\/blog\/wp-content\/uploads\/2021\/10\/Fred-Zeitoun-Trio-Oct-2021-instagram-1531x1536.jpg 1531w, https:\/\/www.marcberthoumieux.com\/blog\/wp-content\/uploads\/2021\/10\/Fred-Zeitoun-Trio-Oct-2021-instagram.jpg 1800w\" sizes=\"auto, (max-width: 1021px) 100vw, 1021px\" \/><figcaption>En r\u00e9p\u00e9tition&#8230;<\/figcaption><\/figure>\n\n\n","protected":false},"excerpt":{"rendered":"<p>En concerts au au Festival l&rsquo;Estival \u00e0 Poissy le 2 octobre 2021avec son nouvel album \u00ab\u00a0J&rsquo;aimerais\u00a0\u00bb\u00a0 (Et concert priv\u00e9 \u00e0 Evry le 7 octobre 2021) Fr\u00e9d\u00e9ric Zeitoun (chant, guitare, piano)Bruno Bongar\u00e7on (guitare)Marc Berthoumieux (accord\u00e9on) \u00a0<\/p>\n","protected":false},"author":1,"featured_media":4564,"comment_status":"closed","ping_status":"open","sticky":false,"template":"","format":"standard","meta":{"footnotes":""},"categories":[3],"tags":[255,142,254],"class_list":["post-4489","post","type-post","status-publish","format-standard","has-post-thumbnail","hentry","category-01-concerts","tag-bruno-bongarcon","tag-01-concerts","tag-frederic-zeitoun"],"_links":{"self":[{"href":"https:\/\/www.marcberthoumieux.com\/blog\/wp-json\/wp\/v2\/posts\/4489","targetHints":{"allow":["GET"]}}],"collection":[{"href":"https:\/\/www.marcberthoumieux.com\/blog\/wp-json\/wp\/v2\/posts"}],"about":[{"href":"https:\/\/www.marcberthoumieux.com\/blog\/wp-json\/wp\/v2\/types\/post"}],"author":[{"embeddable":true,"href":"https:\/\/www.marcberthoumieux.com\/blog\/wp-json\/wp\/v2\/users\/1"}],"replies":[{"embeddable":true,"href":"https:\/\/www.marcberthoumieux.com\/blog\/wp-json\/wp\/v2\/comments?post=4489"}],"version-history":[{"count":4,"href":"https:\/\/www.marcberthoumieux.com\/blog\/wp-json\/wp\/v2\/posts\/4489\/revisions"}],"predecessor-version":[{"id":4567,"href":"https:\/\/www.marcberthoumieux.com\/blog\/wp-json\/wp\/v2\/posts\/4489\/revisions\/4567"}],"wp:featuredmedia":[{"embeddable":true,"href":"https:\/\/www.marcberthoumieux.com\/blog\/wp-json\/wp\/v2\/media\/4564"}],"wp:attachment":[{"href":"https:\/\/www.marcberthoumieux.com\/blog\/wp-json\/wp\/v2\/media?parent=4489"}],"wp:term":[{"taxonomy":"category","embeddable":true,"href":"https:\/\/www.marcberthoumieux.com\/blog\/wp-json\/wp\/v2\/categories?post=4489"},{"taxonomy":"post_tag","embeddable":true,"href":"https:\/\/www.marcberthoumieux.com\/blog\/wp-json\/wp\/v2\/tags?post=4489"}],"curies":[{"name":"wp","href":"https:\/\/api.w.org\/{rel}","templated":true}]}}