{"id":4599,"date":"2021-10-22T19:54:40","date_gmt":"2021-10-22T17:54:40","guid":{"rendered":"http:\/\/www.marcberthoumieux.com\/blog\/?p=4599"},"modified":"2021-12-02T22:24:45","modified_gmt":"2021-12-02T21:24:45","slug":"nouvelle-video-2021-le-bal-des-mondes-recording-sessions","status":"publish","type":"post","link":"https:\/\/www.marcberthoumieux.com\/blog\/nouvelle-video-2021-le-bal-des-mondes-recording-sessions\/","title":{"rendered":"Nouvelle vid\u00e9o 2021 \u00ab\u00a0Le Bal des Mondes &#8211; Recording sessions\u00a0\u00bb"},"content":{"rendered":"\n<figure class=\"wp-block-image size-large\"><a href=\"https:\/\/youtu.be\/xQvzxkzgpUQ\"><img loading=\"lazy\" decoding=\"async\" width=\"1024\" height=\"576\" src=\"https:\/\/www.marcberthoumieux.com\/blog\/wp-content\/uploads\/2021\/10\/Le-Bal-des-Mondes-Studio-Vignette-web-site-2-1024x576.jpg\" alt=\"\" class=\"wp-image-4600\" srcset=\"https:\/\/www.marcberthoumieux.com\/blog\/wp-content\/uploads\/2021\/10\/Le-Bal-des-Mondes-Studio-Vignette-web-site-2-1024x576.jpg 1024w, https:\/\/www.marcberthoumieux.com\/blog\/wp-content\/uploads\/2021\/10\/Le-Bal-des-Mondes-Studio-Vignette-web-site-2-300x169.jpg 300w, https:\/\/www.marcberthoumieux.com\/blog\/wp-content\/uploads\/2021\/10\/Le-Bal-des-Mondes-Studio-Vignette-web-site-2-768x432.jpg 768w, https:\/\/www.marcberthoumieux.com\/blog\/wp-content\/uploads\/2021\/10\/Le-Bal-des-Mondes-Studio-Vignette-web-site-2-1536x864.jpg 1536w, https:\/\/www.marcberthoumieux.com\/blog\/wp-content\/uploads\/2021\/10\/Le-Bal-des-Mondes-Studio-Vignette-web-site-2.jpg 1920w\" sizes=\"auto, (max-width: 1024px) 100vw, 1024px\" \/><\/a><\/figure>\n\n\n\n<div class=\"kvgmc6g5 cxmmr5t8 oygrvhab hcukyx3x c1et5uql ii04i59q\">\n<div dir=\"auto\" style=\"text-align: center;\"><strong>LE BAL DES MONDES &#8211; RECORDING SESSIONS<\/strong><\/div>\n<div dir=\"auto\">\u00a0<\/div>\n<div dir=\"auto\">L&rsquo;album \u00ab\u00a0Le Bal des Mondes\u00a0\u00bb n&rsquo;a pas encore livr\u00e9 tous ses secrets ! D\u00e9couvrez cette fois-ci les s\u00e9ances d&rsquo;enregistrement avec, pour ce titre, pas moins de dix artistes et dix-sept cordes en studio.<\/div>\n<div dir=\"auto\">\u00a0<\/div>\n<\/div>\n<div class=\"o9v6fnle cxmmr5t8 oygrvhab hcukyx3x c1et5uql ii04i59q\">\n<div dir=\"auto\">\u00a0<\/div>\n<\/div>\n\n\n\n<div class=\"wp-block-button aligncenter\"><a class=\"wp-block-button__link has-text-color has-very-light-gray-color has-background has-vivid-cyan-blue-background-color\" href=\"https:\/\/youtu.be\/xQvzxkzgpUQ\" style=\"border-radius:5px\">VOIR LA VID\u00c9O<\/a><\/div>\n\n\n\n<div style=\"height:21px\" aria-hidden=\"true\" class=\"wp-block-spacer\"><\/div>\n\n\n\n<hr class=\"wp-block-separator\"\/>\n\n\n\n<p>Vous pouvez aussi \u00e9couter le titre en audio sur votre plateforme pr\u00e9f\u00e9r\u00e9e ou commander l&rsquo;album ici :<\/p>\n\n\n\n<div class=\"wp-block-button aligncenter\"><a class=\"wp-block-button__link has-text-color has-very-light-gray-color has-background has-vivid-cyan-blue-background-color\" href=\"https:\/\/ffm.to\/lebaldesmondes.owe\" style=\"border-radius:5px\">ECOUTER L&rsquo;ALBUM<\/a><\/div>\n\n\n\n<div style=\"height:30px\" aria-hidden=\"true\" class=\"wp-block-spacer\"><\/div>\n\n\n\n<hr class=\"wp-block-separator\"\/>\n\n\n\n<div style=\"height:29px\" aria-hidden=\"true\" class=\"wp-block-spacer\"><\/div>\n\n\n\n<p><br \/><strong>LE BAL DES MONDES<\/strong><br \/><br \/>avec<br \/><strong>Majid Bekkas<\/strong> (lead vocal &amp; oud)<br \/><strong>Jean-Luc Di Fraya<\/strong> (lead vocal &amp; choral voice)<br \/><strong>Louis Winsberg<\/strong> (acoustic guitars and electrics effects, mandoline)<br \/><strong>Giovanni Mirabassi<\/strong> (piano)<br \/><strong>Laurent Vernerey<\/strong> (acoustic bass)<br \/><strong>St\u00e9phane Huchard<\/strong> (drums)<br \/><strong>Mino Cin\u00e9lu<\/strong> (percussions)<br \/><strong>Pierre Bertrand<\/strong> (strings arrangements and direction)<br \/><strong>Sonia<\/strong> &amp; <strong>Neil Berthoumieux<\/strong> (choral voices)<br \/><strong>Marc Berthoumieux<\/strong><br \/>(accordions, add keyboards &amp; percussions, choral voice) <\/p>\n\n\n\n<figure class=\"wp-block-image size-large\"><img loading=\"lazy\" decoding=\"async\" width=\"1024\" height=\"1024\" src=\"https:\/\/www.marcberthoumieux.com\/blog\/wp-content\/uploads\/2018\/09\/LE-BAL-DE-MONDES-carr\u00e9-web-1024x1024.jpg\" alt=\"\" class=\"wp-image-3089\" srcset=\"https:\/\/www.marcberthoumieux.com\/blog\/wp-content\/uploads\/2018\/09\/LE-BAL-DE-MONDES-carr\u00e9-web-1024x1024.jpg 1024w, https:\/\/www.marcberthoumieux.com\/blog\/wp-content\/uploads\/2018\/09\/LE-BAL-DE-MONDES-carr\u00e9-web-150x150.jpg 150w, https:\/\/www.marcberthoumieux.com\/blog\/wp-content\/uploads\/2018\/09\/LE-BAL-DE-MONDES-carr\u00e9-web-300x300.jpg 300w, https:\/\/www.marcberthoumieux.com\/blog\/wp-content\/uploads\/2018\/09\/LE-BAL-DE-MONDES-carr\u00e9-web-768x768.jpg 768w, https:\/\/www.marcberthoumieux.com\/blog\/wp-content\/uploads\/2018\/09\/LE-BAL-DE-MONDES-carr\u00e9-web.jpg 1500w\" sizes=\"auto, (max-width: 1024px) 100vw, 1024px\" \/><\/figure>\n","protected":false},"excerpt":{"rendered":"<p>LE BAL DES MONDES &#8211; RECORDING SESSIONS \u00a0 L&rsquo;album \u00ab\u00a0Le Bal des Mondes\u00a0\u00bb n&rsquo;a pas encore livr\u00e9 tous ses secrets ! D\u00e9couvrez cette fois-ci les s\u00e9ances d&rsquo;enregistrement avec, pour ce titre, pas moins de dix artistes et dix-sept cordes en studio. \u00a0 \u00a0 Vous pouvez aussi \u00e9couter le titre en audio sur votre plateforme pr\u00e9f\u00e9r\u00e9e [&hellip;]<\/p>\n","protected":false},"author":1,"featured_media":4601,"comment_status":"closed","ping_status":"open","sticky":false,"template":"","format":"standard","meta":{"footnotes":""},"categories":[22],"tags":[18,272,35,10,131,273,402,34,61],"class_list":["post-4599","post","type-post","status-publish","format-standard","has-post-thumbnail","hentry","category-03-videos","tag-giovanni-mirabassi","tag-jean-luc-di-fraya","tag-laurent-vernerey","tag-louis-winsberg","tag-majid-bekkas","tag-mino-cinelu","tag-pierre-bertrand","tag-stephane-huchard","tag-videos"],"_links":{"self":[{"href":"https:\/\/www.marcberthoumieux.com\/blog\/wp-json\/wp\/v2\/posts\/4599","targetHints":{"allow":["GET"]}}],"collection":[{"href":"https:\/\/www.marcberthoumieux.com\/blog\/wp-json\/wp\/v2\/posts"}],"about":[{"href":"https:\/\/www.marcberthoumieux.com\/blog\/wp-json\/wp\/v2\/types\/post"}],"author":[{"embeddable":true,"href":"https:\/\/www.marcberthoumieux.com\/blog\/wp-json\/wp\/v2\/users\/1"}],"replies":[{"embeddable":true,"href":"https:\/\/www.marcberthoumieux.com\/blog\/wp-json\/wp\/v2\/comments?post=4599"}],"version-history":[{"count":3,"href":"https:\/\/www.marcberthoumieux.com\/blog\/wp-json\/wp\/v2\/posts\/4599\/revisions"}],"predecessor-version":[{"id":4664,"href":"https:\/\/www.marcberthoumieux.com\/blog\/wp-json\/wp\/v2\/posts\/4599\/revisions\/4664"}],"wp:featuredmedia":[{"embeddable":true,"href":"https:\/\/www.marcberthoumieux.com\/blog\/wp-json\/wp\/v2\/media\/4601"}],"wp:attachment":[{"href":"https:\/\/www.marcberthoumieux.com\/blog\/wp-json\/wp\/v2\/media?parent=4599"}],"wp:term":[{"taxonomy":"category","embeddable":true,"href":"https:\/\/www.marcberthoumieux.com\/blog\/wp-json\/wp\/v2\/categories?post=4599"},{"taxonomy":"post_tag","embeddable":true,"href":"https:\/\/www.marcberthoumieux.com\/blog\/wp-json\/wp\/v2\/tags?post=4599"}],"curies":[{"name":"wp","href":"https:\/\/api.w.org\/{rel}","templated":true}]}}