{"id":4610,"date":"2021-10-21T20:00:00","date_gmt":"2021-10-21T18:00:00","guid":{"rendered":"http:\/\/www.marcberthoumieux.com\/blog\/?p=4610"},"modified":"2021-10-27T15:26:46","modified_gmt":"2021-10-27T13:26:46","slug":"berthoumieux-ruttar-dobrowolski-en-concert-au-festival-jazzycolors-2021-a-paris-le-23-novembre-2021","status":"publish","type":"post","link":"https:\/\/www.marcberthoumieux.com\/blog\/berthoumieux-ruttar-dobrowolski-en-concert-au-festival-jazzycolors-2021-a-paris-le-23-novembre-2021\/","title":{"rendered":"Berthoumieux \/ Ruttar \/ Dobrowolski en concert au festival JazzyColors 2021 \u00e0 Paris le 23 novembre 2021"},"content":{"rendered":"\n<figure class=\"wp-block-image size-large\"><a href=\"https:\/\/www.marcberthoumieux.com\/blog\/wp-content\/uploads\/2021\/10\/Jazzycolors-2021-DEF.jpg\" target=\"_blank\" rel=\"noreferrer noopener\"><img loading=\"lazy\" decoding=\"async\" width=\"1000\" height=\"1000\" src=\"https:\/\/www.marcberthoumieux.com\/blog\/wp-content\/uploads\/2021\/10\/Jazzycolors-2021-DEF.jpg\" alt=\"\" class=\"wp-image-4622\" srcset=\"https:\/\/www.marcberthoumieux.com\/blog\/wp-content\/uploads\/2021\/10\/Jazzycolors-2021-DEF.jpg 1000w, https:\/\/www.marcberthoumieux.com\/blog\/wp-content\/uploads\/2021\/10\/Jazzycolors-2021-DEF-300x300.jpg 300w, https:\/\/www.marcberthoumieux.com\/blog\/wp-content\/uploads\/2021\/10\/Jazzycolors-2021-DEF-150x150.jpg 150w, https:\/\/www.marcberthoumieux.com\/blog\/wp-content\/uploads\/2021\/10\/Jazzycolors-2021-DEF-768x768.jpg 768w\" sizes=\"auto, (max-width: 1000px) 100vw, 1000px\" \/><\/a><\/figure>\n\n\n\n<p><strong>Concert dans le cadre de la 19\u00e8me \u00e9dition de Jazzycolors 2021<\/strong><\/p>\n<p><span class=\"_2PHJq public-DraftStyleDefault-ltr\"><strong>Marc Berthoumieux <\/strong>accord\u00e9on<strong><br \/><\/strong><\/span><span class=\"_2PHJq public-DraftStyleDefault-ltr\"><strong>Anna Ruttar <\/strong>voix, piano <strong><br \/><\/strong><\/span><span class=\"_2PHJq public-DraftStyleDefault-ltr\"><strong>Karol Dobrowolski <\/strong>violon<\/span><\/p>\n<p><em>C\u2019est la premi\u00e8re de ce trio qui fait \u00e9pouser le folk polonais, le jazz et la world music. Rencontre de Marc Berthoumieux \u00ab formidable m\u00e9lodiste et conteur d\u2019histoires hors-pair \u00bb (Deli Express\/TSF Jazz), Anna Ruttar, qui, depuis des ann\u00e9es, fait op\u00e9rer la magie entre le jazz et l\u2019ardeur du folk slave, et de Karol Dobrowolski connu pour ses multiples voyages Django-jazz-tziganes. Les trois artistes entrent en dialogue intime, soupoudr\u00e9 d\u2019un zeste d\u2019\u00e9lectro, et invitent \u00e0 d\u00e9couvrir et red\u00e9couvrir la beaut\u00e9 \u00e9ternelle des m\u00e9lodies qui firent r\u00eaver Fr\u00e9d\u00e9ric Chopin.<\/em><\/p>\n<p style=\"text-align: center;\"><strong>Mardi 23 novembre 2021 <br \/><\/strong><strong>\u00e0 20h00 \u00e0 Goethe Institut. <br \/>17 Avenue d&rsquo;I\u00e9na 75016 Paris<\/strong><\/p>\n\n\n\n<figure class=\"wp-block-image size-large\"><img loading=\"lazy\" decoding=\"async\" width=\"740\" height=\"121\" src=\"https:\/\/www.marcberthoumieux.com\/blog\/wp-content\/uploads\/2021\/10\/JAZZYCOLORS.jpg\" alt=\"\" class=\"wp-image-4616\" srcset=\"https:\/\/www.marcberthoumieux.com\/blog\/wp-content\/uploads\/2021\/10\/JAZZYCOLORS.jpg 740w, https:\/\/www.marcberthoumieux.com\/blog\/wp-content\/uploads\/2021\/10\/JAZZYCOLORS-300x49.jpg 300w\" sizes=\"auto, (max-width: 740px) 100vw, 740px\" \/><\/figure>\n\n\n\n<p id=\"viewer-2jq1l\" class=\"mm8Nw _1j-51 _1atvN _1FoOD _3M0Fe _2WrB- _1atvN public-DraftStyleDefault-block-depth0 public-DraftStyleDefault-text-ltr\" style=\"text-align: center;\"><span class=\"_2PHJq public-DraftStyleDefault-ltr\"><strong>R\u00e9servations au : <br \/><\/strong><\/span><span class=\"_2PHJq public-DraftStyleDefault-ltr\">Goethe-Institut Paris<br \/><\/span><span class=\"_2PHJq public-DraftStyleDefault-ltr\">Tel. <strong>+33<\/strong> <strong>1 44 43 92 30<\/strong> <br \/><\/span><span class=\"_2PHJq public-DraftStyleDefault-ltr\"><a class=\"_3Bkfb _1lsz7\" href=\"mailto:info-paris@goethe.de\" target=\"_blank\" rel=\"noopener noreferrer\" data-hook=\"linkViewer\"><strong>info-paris@goethe.de<\/strong><\/a><\/span><\/p>\n\n\n\n<div class=\"wp-block-button aligncenter\"><a class=\"wp-block-button__link has-text-color has-very-light-gray-color has-background has-vivid-cyan-blue-background-color\" href=\"https:\/\/www.ficep.info\/post\/berthoumieux-ruttar-dobrowolski\" style=\"border-radius:5px\">R\u00c9SERVATIONS<\/a><\/div>\n","protected":false},"excerpt":{"rendered":"<p>Concert dans le cadre de la 19\u00e8me \u00e9dition de Jazzycolors 2021 Marc Berthoumieux accord\u00e9onAnna Ruttar voix, piano Karol Dobrowolski violon C\u2019est la premi\u00e8re de ce trio qui fait \u00e9pouser le folk polonais, le jazz et la world music. Rencontre de Marc Berthoumieux \u00ab formidable m\u00e9lodiste et conteur d\u2019histoires hors-pair \u00bb (Deli Express\/TSF Jazz), Anna Ruttar, [&hellip;]<\/p>\n","protected":false},"author":1,"featured_media":4622,"comment_status":"closed","ping_status":"open","sticky":false,"template":"","format":"standard","meta":{"footnotes":""},"categories":[3,23],"tags":[408,142,409],"class_list":["post-4610","post","type-post","status-publish","format-standard","has-post-thumbnail","hentry","category-01-concerts","category-06-rencontre-artistique","tag-anna-ruttar","tag-01-concerts","tag-karol-dobrowolski"],"_links":{"self":[{"href":"https:\/\/www.marcberthoumieux.com\/blog\/wp-json\/wp\/v2\/posts\/4610","targetHints":{"allow":["GET"]}}],"collection":[{"href":"https:\/\/www.marcberthoumieux.com\/blog\/wp-json\/wp\/v2\/posts"}],"about":[{"href":"https:\/\/www.marcberthoumieux.com\/blog\/wp-json\/wp\/v2\/types\/post"}],"author":[{"embeddable":true,"href":"https:\/\/www.marcberthoumieux.com\/blog\/wp-json\/wp\/v2\/users\/1"}],"replies":[{"embeddable":true,"href":"https:\/\/www.marcberthoumieux.com\/blog\/wp-json\/wp\/v2\/comments?post=4610"}],"version-history":[{"count":8,"href":"https:\/\/www.marcberthoumieux.com\/blog\/wp-json\/wp\/v2\/posts\/4610\/revisions"}],"predecessor-version":[{"id":4624,"href":"https:\/\/www.marcberthoumieux.com\/blog\/wp-json\/wp\/v2\/posts\/4610\/revisions\/4624"}],"wp:featuredmedia":[{"embeddable":true,"href":"https:\/\/www.marcberthoumieux.com\/blog\/wp-json\/wp\/v2\/media\/4622"}],"wp:attachment":[{"href":"https:\/\/www.marcberthoumieux.com\/blog\/wp-json\/wp\/v2\/media?parent=4610"}],"wp:term":[{"taxonomy":"category","embeddable":true,"href":"https:\/\/www.marcberthoumieux.com\/blog\/wp-json\/wp\/v2\/categories?post=4610"},{"taxonomy":"post_tag","embeddable":true,"href":"https:\/\/www.marcberthoumieux.com\/blog\/wp-json\/wp\/v2\/tags?post=4610"}],"curies":[{"name":"wp","href":"https:\/\/api.w.org\/{rel}","templated":true}]}}