{"id":4640,"date":"2022-03-04T20:00:00","date_gmt":"2022-03-04T19:00:00","guid":{"rendered":"http:\/\/www.marcberthoumieux.com\/blog\/?p=4640"},"modified":"2022-03-08T16:08:26","modified_gmt":"2022-03-08T15:08:26","slug":"nouveau-trio-recreation-marc-berthoumieux-avec-le-tandem-charlier-sourisse-au-bal-blomet-le-4-mars-2022","status":"publish","type":"post","link":"https:\/\/www.marcberthoumieux.com\/blog\/nouveau-trio-recreation-marc-berthoumieux-avec-le-tandem-charlier-sourisse-au-bal-blomet-le-4-mars-2022\/","title":{"rendered":"Marc Berthoumieux avec le tandem Charlier \/ Sourisse, Nouveau trio \u00ab R\u00e9cr\u00e9ation\u00a0\u00bb  au Bal Blomet le 4 mars 2022"},"content":{"rendered":"\n<p><strong>TRIO avec le tandem CHARLIER \/ SOURISSE<\/strong><\/p>\n\n\n\n<figure class=\"wp-block-image size-large\"><img loading=\"lazy\" decoding=\"async\" width=\"724\" height=\"1024\" src=\"https:\/\/www.marcberthoumieux.com\/blog\/wp-content\/uploads\/2021\/12\/03-04-berthommieux-charlier-sourisse-page-001-compressed-724x1024.jpg\" alt=\"\" class=\"wp-image-4644\" srcset=\"https:\/\/www.marcberthoumieux.com\/blog\/wp-content\/uploads\/2021\/12\/03-04-berthommieux-charlier-sourisse-page-001-compressed-724x1024.jpg 724w, https:\/\/www.marcberthoumieux.com\/blog\/wp-content\/uploads\/2021\/12\/03-04-berthommieux-charlier-sourisse-page-001-compressed-212x300.jpg 212w, https:\/\/www.marcberthoumieux.com\/blog\/wp-content\/uploads\/2021\/12\/03-04-berthommieux-charlier-sourisse-page-001-compressed-768x1086.jpg 768w, https:\/\/www.marcberthoumieux.com\/blog\/wp-content\/uploads\/2021\/12\/03-04-berthommieux-charlier-sourisse-page-001-compressed-1086x1536.jpg 1086w, https:\/\/www.marcberthoumieux.com\/blog\/wp-content\/uploads\/2021\/12\/03-04-berthommieux-charlier-sourisse-page-001-compressed.jpg 1240w\" sizes=\"auto, (max-width: 724px) 100vw, 724px\" \/><\/figure>\n\n\n<p><strong>Marc Berthoumieux<\/strong> : accord\u00e9on<br \/><strong>Beno\u00eet Sourisse<\/strong> : piano<br \/><strong>Andr\u00e9 Charlier<\/strong> : batterie<\/p>\n<p>Ce nouveau trio est n\u00e9 d\u2019une envie d\u2019en d\u00e9coudre sur sc\u00e8ne entre amis de longue date, mais surtout de d\u00e9coudre et retisser le r\u00e9pertoire de Marc Berthoumieux. On trace, on d\u00e9coupe, on remets en forme, il faut le voir port\u00e9 et surtout l\u2019entendre jouer.<br \/>Avec six albums \u00e0 son actif, Marc Berthoumieux revisite ici son r\u00e9pertoire et quelques reprises de fa\u00e7on tr\u00e8s r\u00e9cr\u00e9ative avec le tandem exceptionnel Charlier \/ Sourisse. Ceux qui connaissent d\u00e9j\u00e0 les compositions les red\u00e9couvrent sous un jour totalement nouveau, avec des couleurs tr\u00e8s \u00ab organiques \u00bb, avec une \u00e9lasticit\u00e9 surprenante et un pouvoir d\u2019action-r\u00e9action sur les nuances, ce qui apporte une fra\u00eecheur d\u2019une rare intensit\u00e9.<\/p>\n<p><\/p>\n\n\n<div class=\"wp-block-button aligncenter\"><a class=\"wp-block-button__link has-text-color has-very-light-gray-color has-background has-vivid-cyan-blue-background-color\" href=\"http:\/\/www.balblomet.fr\/evenement\/marc-berthoumieux\/edate\/2022-03-04\/\" style=\"border-radius:5px\">R\u00c9SERVATIONS<\/a><\/div>\n\n\n","protected":false},"excerpt":{"rendered":"<p>TRIO avec le tandem CHARLIER \/ SOURISSE Marc Berthoumieux : accord\u00e9onBeno\u00eet Sourisse : pianoAndr\u00e9 Charlier : batterie Ce nouveau trio est n\u00e9 d\u2019une envie d\u2019en d\u00e9coudre sur sc\u00e8ne entre amis de longue date, mais surtout de d\u00e9coudre et retisser le r\u00e9pertoire de Marc Berthoumieux. On trace, on d\u00e9coupe, on remets en forme, il faut le [&hellip;]<\/p>\n","protected":false},"author":1,"featured_media":4643,"comment_status":"closed","ping_status":"open","sticky":false,"template":"","format":"standard","meta":{"footnotes":""},"categories":[3,23],"tags":[357,356,142],"class_list":["post-4640","post","type-post","status-publish","format-standard","has-post-thumbnail","hentry","category-01-concerts","category-06-rencontre-artistique","tag-andre-charlier","tag-benoit-sourisse","tag-01-concerts"],"_links":{"self":[{"href":"https:\/\/www.marcberthoumieux.com\/blog\/wp-json\/wp\/v2\/posts\/4640","targetHints":{"allow":["GET"]}}],"collection":[{"href":"https:\/\/www.marcberthoumieux.com\/blog\/wp-json\/wp\/v2\/posts"}],"about":[{"href":"https:\/\/www.marcberthoumieux.com\/blog\/wp-json\/wp\/v2\/types\/post"}],"author":[{"embeddable":true,"href":"https:\/\/www.marcberthoumieux.com\/blog\/wp-json\/wp\/v2\/users\/1"}],"replies":[{"embeddable":true,"href":"https:\/\/www.marcberthoumieux.com\/blog\/wp-json\/wp\/v2\/comments?post=4640"}],"version-history":[{"count":4,"href":"https:\/\/www.marcberthoumieux.com\/blog\/wp-json\/wp\/v2\/posts\/4640\/revisions"}],"predecessor-version":[{"id":4648,"href":"https:\/\/www.marcberthoumieux.com\/blog\/wp-json\/wp\/v2\/posts\/4640\/revisions\/4648"}],"wp:featuredmedia":[{"embeddable":true,"href":"https:\/\/www.marcberthoumieux.com\/blog\/wp-json\/wp\/v2\/media\/4643"}],"wp:attachment":[{"href":"https:\/\/www.marcberthoumieux.com\/blog\/wp-json\/wp\/v2\/media?parent=4640"}],"wp:term":[{"taxonomy":"category","embeddable":true,"href":"https:\/\/www.marcberthoumieux.com\/blog\/wp-json\/wp\/v2\/categories?post=4640"},{"taxonomy":"post_tag","embeddable":true,"href":"https:\/\/www.marcberthoumieux.com\/blog\/wp-json\/wp\/v2\/tags?post=4640"}],"curies":[{"name":"wp","href":"https:\/\/api.w.org\/{rel}","templated":true}]}}