{"id":4709,"date":"2022-05-17T12:00:32","date_gmt":"2022-05-17T10:00:32","guid":{"rendered":"http:\/\/www.marcberthoumieux.com\/blog\/?p=4709"},"modified":"2022-05-18T11:40:54","modified_gmt":"2022-05-18T09:40:54","slug":"nouvel-album-les-choses-de-la-vie-sortie-le-20-mai-2022","status":"publish","type":"post","link":"https:\/\/www.marcberthoumieux.com\/blog\/nouvel-album-les-choses-de-la-vie-sortie-le-20-mai-2022\/","title":{"rendered":"Nouvel album \u00ab\u00a0Les Choses de la Vie\u00a0\u00bb sortie le 20 mai 2022 &#8211; Concert le 23 juin au Studio de l&rsquo;Ermitage"},"content":{"rendered":"<p style=\"text-align: center;\">Nouvel album <strong>\u00ab\u00a0LES CHOSES DE LA VIE\u00a0\u00bb <br \/><\/strong>Sortie :&nbsp;<strong>20 mai 2022<\/strong><br \/>Concert de sortie :&nbsp;<strong>23 juin 2022<\/strong><br \/>au&nbsp;<strong>Studio de l&rsquo;Ermitage<\/strong> &#8211; Paris<\/p>\n<p style=\"text-align: left;\"><strong>LIVE IN\u00c9DIT<\/strong> <br \/>avec<br \/><strong>MARC BERTHOUMIEUX<\/strong> accord\u00e9on<br \/><strong>GIOVANNI MIRABASSI<\/strong> piano<br \/><strong>LAURENT VERNEREY<\/strong> basse<\/p>\n\n\n<div class=\"wp-block-image\"><figure class=\"aligncenter size-large\"><img loading=\"lazy\" decoding=\"async\" width=\"398\" height=\"1024\" src=\"https:\/\/www.marcberthoumieux.com\/blog\/wp-content\/uploads\/2022\/05\/pub-jazz-mag-mai-2022-765px-v2-1-398x1024.jpg\" alt=\"\" class=\"wp-image-4722\" srcset=\"https:\/\/www.marcberthoumieux.com\/blog\/wp-content\/uploads\/2022\/05\/pub-jazz-mag-mai-2022-765px-v2-1-398x1024.jpg 398w, https:\/\/www.marcberthoumieux.com\/blog\/wp-content\/uploads\/2022\/05\/pub-jazz-mag-mai-2022-765px-v2-1-117x300.jpg 117w, https:\/\/www.marcberthoumieux.com\/blog\/wp-content\/uploads\/2022\/05\/pub-jazz-mag-mai-2022-765px-v2-1-597x1536.jpg 597w, https:\/\/www.marcberthoumieux.com\/blog\/wp-content\/uploads\/2022\/05\/pub-jazz-mag-mai-2022-765px-v2-1.jpg 765w\" sizes=\"auto, (max-width: 398px) 100vw, 398px\" \/><\/figure><\/div>\n\n\n\n<figure class=\"wp-block-image size-large\"><img loading=\"lazy\" decoding=\"async\" width=\"1024\" height=\"1024\" src=\"https:\/\/www.marcberthoumieux.com\/blog\/wp-content\/uploads\/2022\/05\/Les-Choses-de-la-Vie-WEB-1024-px-1024x1024.jpg\" alt=\"\" class=\"wp-image-4712\" srcset=\"https:\/\/www.marcberthoumieux.com\/blog\/wp-content\/uploads\/2022\/05\/Les-Choses-de-la-Vie-WEB-1024-px.jpg 1024w, https:\/\/www.marcberthoumieux.com\/blog\/wp-content\/uploads\/2022\/05\/Les-Choses-de-la-Vie-WEB-1024-px-300x300.jpg 300w, https:\/\/www.marcberthoumieux.com\/blog\/wp-content\/uploads\/2022\/05\/Les-Choses-de-la-Vie-WEB-1024-px-150x150.jpg 150w, https:\/\/www.marcberthoumieux.com\/blog\/wp-content\/uploads\/2022\/05\/Les-Choses-de-la-Vie-WEB-1024-px-768x768.jpg 768w\" sizes=\"auto, (max-width: 1024px) 100vw, 1024px\" \/><\/figure>\n\n\n\n<p>TRACK LIST :<\/p>\n<p>1 &#8211; <strong>LOOKING UP<\/strong>&nbsp; 6&rsquo;48 (Michel Petrucciani)<br \/>2 &#8211; <strong>HAVE YOU HEARD<\/strong>&nbsp; 5\u201925 (Pat Metheny)<br \/>3 &#8211; <strong>LES CHOSES DE LA VIE<\/strong>&nbsp; 7&rsquo;42 (Philippe Sarde)<br \/>4 &#8211; <strong>A LA CLAIRE FONTAINE<\/strong>&nbsp; 7\u201904 (traditionnel)<br \/>5 &#8211; <strong>APART\u00c9 AU FI\u00c9<\/strong>&nbsp; 1\u201956 \u2028 (Marc Berthoumieux)<br \/>6 &#8211; <strong>EL ASTOR<\/strong>&nbsp; 10\u201934 \u2028 (Marc Berthoumieux)<br \/>7 &#8211; <strong>A THOUSAND YEARS<\/strong>&nbsp; 7&rsquo;44 (Sting)<br \/>8 &#8211; <strong>YOUR SONG<\/strong>&nbsp; 6\u201906 (Elton John)<\/p>\n<p>Total time : 54&rsquo;30<\/p>\n<p><br \/>Marc Berthoumieux nous pr\u00e9sente son septi\u00e8me album, c\u2019est aussi son deuxi\u00e8me album Live. Ce concert enregistr\u00e9 en toute intimit\u00e9 marque une \u00e9tape avec ses comp\u00e8res de longue date <strong>Giovanni Mirabassi<\/strong> et <strong>Laurent Vernerey.<\/strong><\/p>\n<p><br \/>Pour l\u2019accord\u00e9oniste, le trio est la formation o\u00f9 s\u2019affirme le mieux la libert\u00e9 d\u2019expression. L\u2019\u00e9coute et la relation \u00e0 l\u2019autre s&rsquo;\u00e9quilibrent avec la plus grande harmonie. Cette complicit\u00e9 le touche en tant que musicien mais aussi en tant qu\u2019\u00eatre humain.<\/p>\n\n\n\n<div class=\"wp-block-button aligncenter\"><a class=\"wp-block-button__link has-text-color has-very-light-gray-color has-background has-vivid-cyan-blue-background-color\" href=\"https:\/\/www.marcberthoumieux.com\/site\/store\/fr\/home\" style=\"border-radius:4px\">COMMANDER L&rsquo;ALBUM<\/a><\/div>\n\n\n\n<div style=\"height:54px\" aria-hidden=\"true\" class=\"wp-block-spacer\"><\/div>\n\n\n\n<figure class=\"wp-block-image size-large\"><img loading=\"lazy\" decoding=\"async\" width=\"680\" height=\"402\" src=\"https:\/\/www.marcberthoumieux.com\/blog\/wp-content\/uploads\/2022\/05\/NEWSLETTER-MAI-2022-Concert.jpg\" alt=\"\" class=\"wp-image-4719\" srcset=\"https:\/\/www.marcberthoumieux.com\/blog\/wp-content\/uploads\/2022\/05\/NEWSLETTER-MAI-2022-Concert.jpg 680w, https:\/\/www.marcberthoumieux.com\/blog\/wp-content\/uploads\/2022\/05\/NEWSLETTER-MAI-2022-Concert-300x177.jpg 300w\" sizes=\"auto, (max-width: 680px) 100vw, 680px\" \/><\/figure>\n\n\n\n<p style=\"text-align: center;\">Pr\u00e9ventes : 20 \u20ac \/ Sur place : 25 \u20ac<\/p>\n\n\n\n<div class=\"wp-block-button aligncenter\"><a class=\"wp-block-button__link has-text-color has-very-light-gray-color has-background has-vivid-cyan-blue-background-color\" href=\"https:\/\/www.studio-ermitage.com\/index.php\/agenda\/date\/marc-berthoumieux\" style=\"border-radius:5px\">R\u00c9SERVATIONS<\/a><\/div>\n","protected":false},"excerpt":{"rendered":"<p>Nouvel album \u00ab\u00a0LES CHOSES DE LA VIE\u00a0\u00bb Sortie :&nbsp;20 mai 2022Concert de sortie :&nbsp;23 juin 2022au&nbsp;Studio de l&rsquo;Ermitage &#8211; Paris LIVE IN\u00c9DIT avecMARC BERTHOUMIEUX accord\u00e9onGIOVANNI MIRABASSI pianoLAURENT VERNEREY basse TRACK LIST : 1 &#8211; LOOKING UP&nbsp; 6&rsquo;48 (Michel Petrucciani)2 &#8211; HAVE YOU HEARD&nbsp; 5\u201925 (Pat Metheny)3 &#8211; LES CHOSES DE LA VIE&nbsp; 7&rsquo;42 (Philippe Sarde)4 [&hellip;]<\/p>\n","protected":false},"author":1,"featured_media":4712,"comment_status":"closed","ping_status":"open","sticky":false,"template":"","format":"standard","meta":{"footnotes":""},"categories":[19],"tags":[18,35],"class_list":["post-4709","post","type-post","status-publish","format-standard","has-post-thumbnail","hentry","category-02-album","tag-giovanni-mirabassi","tag-laurent-vernerey"],"_links":{"self":[{"href":"https:\/\/www.marcberthoumieux.com\/blog\/wp-json\/wp\/v2\/posts\/4709","targetHints":{"allow":["GET"]}}],"collection":[{"href":"https:\/\/www.marcberthoumieux.com\/blog\/wp-json\/wp\/v2\/posts"}],"about":[{"href":"https:\/\/www.marcberthoumieux.com\/blog\/wp-json\/wp\/v2\/types\/post"}],"author":[{"embeddable":true,"href":"https:\/\/www.marcberthoumieux.com\/blog\/wp-json\/wp\/v2\/users\/1"}],"replies":[{"embeddable":true,"href":"https:\/\/www.marcberthoumieux.com\/blog\/wp-json\/wp\/v2\/comments?post=4709"}],"version-history":[{"count":10,"href":"https:\/\/www.marcberthoumieux.com\/blog\/wp-json\/wp\/v2\/posts\/4709\/revisions"}],"predecessor-version":[{"id":4726,"href":"https:\/\/www.marcberthoumieux.com\/blog\/wp-json\/wp\/v2\/posts\/4709\/revisions\/4726"}],"wp:featuredmedia":[{"embeddable":true,"href":"https:\/\/www.marcberthoumieux.com\/blog\/wp-json\/wp\/v2\/media\/4712"}],"wp:attachment":[{"href":"https:\/\/www.marcberthoumieux.com\/blog\/wp-json\/wp\/v2\/media?parent=4709"}],"wp:term":[{"taxonomy":"category","embeddable":true,"href":"https:\/\/www.marcberthoumieux.com\/blog\/wp-json\/wp\/v2\/categories?post=4709"},{"taxonomy":"post_tag","embeddable":true,"href":"https:\/\/www.marcberthoumieux.com\/blog\/wp-json\/wp\/v2\/tags?post=4709"}],"curies":[{"name":"wp","href":"https:\/\/api.w.org\/{rel}","templated":true}]}}