{"id":4727,"date":"2022-07-16T19:30:03","date_gmt":"2022-07-16T17:30:03","guid":{"rendered":"http:\/\/www.marcberthoumieux.com\/blog\/?p=4727"},"modified":"2022-07-18T09:44:19","modified_gmt":"2022-07-18T07:44:19","slug":"trio-berthoumieux-charlier-sourisse-swing-in-the-wind-jazz-festival-estavayer-le-lac-suisse-le-16-juillet-2022","status":"publish","type":"post","link":"https:\/\/www.marcberthoumieux.com\/blog\/trio-berthoumieux-charlier-sourisse-swing-in-the-wind-jazz-festival-estavayer-le-lac-suisse-le-16-juillet-2022\/","title":{"rendered":"TRIO BERTHOUMIEUX &#8211; CHARLIER \/ SOURISSE \u00ab\u00a0SWING IN THE WIND\u00a0\u00bb JAZZ FESTIVAL ESTAVAYER LE LAC (SUISSE) LE 16 JUILLET 2022"},"content":{"rendered":"\n<figure class=\"wp-block-image size-large\"><img loading=\"lazy\" decoding=\"async\" width=\"1024\" height=\"822\" src=\"https:\/\/www.marcberthoumieux.com\/blog\/wp-content\/uploads\/2022\/07\/Estavayer-le-Lac-Juillet-2022-web.jpg\" alt=\"\" class=\"wp-image-4733\" srcset=\"https:\/\/www.marcberthoumieux.com\/blog\/wp-content\/uploads\/2022\/07\/Estavayer-le-Lac-Juillet-2022-web.jpg 1024w, https:\/\/www.marcberthoumieux.com\/blog\/wp-content\/uploads\/2022\/07\/Estavayer-le-Lac-Juillet-2022-web-300x241.jpg 300w, https:\/\/www.marcberthoumieux.com\/blog\/wp-content\/uploads\/2022\/07\/Estavayer-le-Lac-Juillet-2022-web-768x617.jpg 768w\" sizes=\"auto, (max-width: 1024px) 100vw, 1024px\" \/><\/figure>\n\n\n<p>MARC BERTHOUMIEUX TRIO<\/p>\n<p>Samedi 19h30 Sc\u00e8ne du Mus\u00e9e \u2013 Concert payant : entr\u00e9e pour la soir\u00e9e CHF 35.00<br \/>On l\u2019a vu jouer de l\u2019accord\u00e9on aux c\u00f4t\u00e9s de Nougaro, Aznavour, B\u00e9caud, Bruel, Lama, Maurane, Zaz, Grand Corps Malade. Ou encore Andr\u00e9a Bocelli, Placido Domingo, Youn Sun Nah, Dee Dee Bridgewater. Quand il n\u2019enregistre pas avec Giovanni Mirabassi, Henri Texier et Andr\u00e9 Ceccarelli. Et ce n\u2019est l\u00e0 qu\u2019un \u00e9chantillon de collaborations avec des artistes de tous horizons, de la chanson au jazz. Marc Berthoumieux a vu le jour \u00e0 Annemasse en 1960. Le Savoyard s\u2019installe \u00e0 Paris 30 ans plus tard et ne tarde pas \u00e0 se faire remarquer. Ses talents de compositeur et de m\u00e9lodiste l\u2019am\u00e8nent \u00e0 \u00e9crire pour l\u2019image, le spectacle et la chanson. Il est dot\u00e9 \u00abd\u2019une originalit\u00e9 et d\u2019une musicalit\u00e9 peu ordinaire\u00bb, a dit de lui Didier Lockwood. Tout est dit.<\/p>\n<p>Marc Berthoumieux (acc), Beno\u00eet Sourisse (key), Andr\u00e9 Charlier (dr)<\/p>","protected":false},"excerpt":{"rendered":"<p>MARC BERTHOUMIEUX TRIO Samedi 19h30 Sc\u00e8ne du Mus\u00e9e \u2013 Concert payant : entr\u00e9e pour la soir\u00e9e CHF 35.00On l\u2019a vu jouer de l\u2019accord\u00e9on aux c\u00f4t\u00e9s de Nougaro, Aznavour, B\u00e9caud, Bruel, Lama, Maurane, Zaz, Grand Corps Malade. Ou encore Andr\u00e9a Bocelli, Placido Domingo, Youn Sun Nah, Dee Dee Bridgewater. Quand il n\u2019enregistre pas avec Giovanni Mirabassi, [&hellip;]<\/p>\n","protected":false},"author":1,"featured_media":4733,"comment_status":"closed","ping_status":"open","sticky":false,"template":"","format":"standard","meta":{"footnotes":""},"categories":[3],"tags":[357,356,142],"class_list":["post-4727","post","type-post","status-publish","format-standard","has-post-thumbnail","hentry","category-01-concerts","tag-andre-charlier","tag-benoit-sourisse","tag-01-concerts"],"_links":{"self":[{"href":"https:\/\/www.marcberthoumieux.com\/blog\/wp-json\/wp\/v2\/posts\/4727","targetHints":{"allow":["GET"]}}],"collection":[{"href":"https:\/\/www.marcberthoumieux.com\/blog\/wp-json\/wp\/v2\/posts"}],"about":[{"href":"https:\/\/www.marcberthoumieux.com\/blog\/wp-json\/wp\/v2\/types\/post"}],"author":[{"embeddable":true,"href":"https:\/\/www.marcberthoumieux.com\/blog\/wp-json\/wp\/v2\/users\/1"}],"replies":[{"embeddable":true,"href":"https:\/\/www.marcberthoumieux.com\/blog\/wp-json\/wp\/v2\/comments?post=4727"}],"version-history":[{"count":1,"href":"https:\/\/www.marcberthoumieux.com\/blog\/wp-json\/wp\/v2\/posts\/4727\/revisions"}],"predecessor-version":[{"id":4734,"href":"https:\/\/www.marcberthoumieux.com\/blog\/wp-json\/wp\/v2\/posts\/4727\/revisions\/4734"}],"wp:featuredmedia":[{"embeddable":true,"href":"https:\/\/www.marcberthoumieux.com\/blog\/wp-json\/wp\/v2\/media\/4733"}],"wp:attachment":[{"href":"https:\/\/www.marcberthoumieux.com\/blog\/wp-json\/wp\/v2\/media?parent=4727"}],"wp:term":[{"taxonomy":"category","embeddable":true,"href":"https:\/\/www.marcberthoumieux.com\/blog\/wp-json\/wp\/v2\/categories?post=4727"},{"taxonomy":"post_tag","embeddable":true,"href":"https:\/\/www.marcberthoumieux.com\/blog\/wp-json\/wp\/v2\/tags?post=4727"}],"curies":[{"name":"wp","href":"https:\/\/api.w.org\/{rel}","templated":true}]}}