{"id":4763,"date":"2022-09-09T11:08:01","date_gmt":"2022-09-09T09:08:01","guid":{"rendered":"http:\/\/www.marcberthoumieux.com\/blog\/?p=4763"},"modified":"2022-09-09T11:12:00","modified_gmt":"2022-09-09T09:12:00","slug":"le-bal-des-mondes-au-festival-jazz-a-st-remy-de-provence-le-15-septembre-2022","status":"publish","type":"post","link":"https:\/\/www.marcberthoumieux.com\/blog\/le-bal-des-mondes-au-festival-jazz-a-st-remy-de-provence-le-15-septembre-2022\/","title":{"rendered":"Le Bal des Mondes au Festival Jazz \u00e0 St R\u00e9my (de Provence) le 15 septembre 2022"},"content":{"rendered":"\n<figure class=\"wp-block-image size-large\"><img loading=\"lazy\" decoding=\"async\" width=\"1024\" height=\"664\" src=\"https:\/\/www.marcberthoumieux.com\/blog\/wp-content\/uploads\/2022\/09\/Jazz-a-St-Remy-Bal-des-Mondes-web-1024x664.jpg\" alt=\"\" class=\"wp-image-4773\" srcset=\"https:\/\/www.marcberthoumieux.com\/blog\/wp-content\/uploads\/2022\/09\/Jazz-a-St-Remy-Bal-des-Mondes-web-1024x664.jpg 1024w, https:\/\/www.marcberthoumieux.com\/blog\/wp-content\/uploads\/2022\/09\/Jazz-a-St-Remy-Bal-des-Mondes-web-300x194.jpg 300w, https:\/\/www.marcberthoumieux.com\/blog\/wp-content\/uploads\/2022\/09\/Jazz-a-St-Remy-Bal-des-Mondes-web-768x498.jpg 768w, https:\/\/www.marcberthoumieux.com\/blog\/wp-content\/uploads\/2022\/09\/Jazz-a-St-Remy-Bal-des-Mondes-web.jpg 1500w\" sizes=\"auto, (max-width: 1024px) 100vw, 1024px\" \/><\/figure>\n\n\n\n<p><strong>LE BAL DES MONDES &#8211; JAZZ \u00c0 ST R\u00c9MY DE PROVENCE <br \/>LE 15 SEPTEMBRE 2022<\/strong><br \/>avec<br \/><strong>Marc Berthoumieux<\/strong>  accord\u00e9on<br \/><strong>Giovanni Mirabassi<\/strong>  piano<br \/><strong>Louis Winsberg<\/strong>  guitare<br \/><strong>Laurent Vernerey<\/strong>  contrebasse<br \/><strong>St\u00e9phane Huchard<\/strong> batterie<br \/><strong>Jean-Luc Di Fraya<\/strong> percussions\/voix<br \/><br \/><em>\u00ab\u00a0Le Bal des mondes est une expression naturelle et festive des peuples de la plan\u00e8te. Un concentr\u00e9 de bonheur et de chant du c\u0153ur. C\u2019est aussi une r\u00e9v\u00e9rence \u00e0 toutes les musiques du monde, celles qui font danser, celles qui incitent au voyage. Les compositions se situent entre le jazz, la pop et la musique du monde. Elles puisent leur inspiration en France, aux \u00c9tats-Unis, au Br\u00e9sil, dans la Cara\u00efbe, \u00e0 Madagascar, en Espagne, au Maroc et proposent m\u00eame d\u2019aller d\u00e9couvrir ce qui se cache derri\u00e8re la Lune\u2026 Cet album rend \u00e9galement hommage \u00e0 des artistes importants pour le compositeur : Marcel Azzola et Lina Bossati, R\u00e9gis Gizavo, Jo Privat, Dee Dee Bridgewater, Maurane, Didier Lockwood et Pat Metheny.\u00a0\u00bb<\/em><\/p>\n\n\n\n<figure class=\"wp-block-image size-large\"><img loading=\"lazy\" decoding=\"async\" width=\"1024\" height=\"647\" src=\"https:\/\/www.marcberthoumieux.com\/blog\/wp-content\/uploads\/2022\/09\/Le-Bal-des-Mondes-Blog-1-1024x647.jpg\" alt=\"\" class=\"wp-image-4778\" srcset=\"https:\/\/www.marcberthoumieux.com\/blog\/wp-content\/uploads\/2022\/09\/Le-Bal-des-Mondes-Blog-1-1024x647.jpg 1024w, https:\/\/www.marcberthoumieux.com\/blog\/wp-content\/uploads\/2022\/09\/Le-Bal-des-Mondes-Blog-1-300x189.jpg 300w, https:\/\/www.marcberthoumieux.com\/blog\/wp-content\/uploads\/2022\/09\/Le-Bal-des-Mondes-Blog-1-768x485.jpg 768w, https:\/\/www.marcberthoumieux.com\/blog\/wp-content\/uploads\/2022\/09\/Le-Bal-des-Mondes-Blog-1.jpg 1235w\" sizes=\"auto, (max-width: 1024px) 100vw, 1024px\" \/><\/figure>\n\n\n\n<p><\/p>\n\n\n\n<div class=\"wp-block-buttons is-layout-flex wp-block-buttons-is-layout-flex\">\n<div class=\"wp-block-button aligncenter is-style-outline is-style-outline--1\"><a class=\"wp-block-button__link has-white-color has-luminous-vivid-orange-background-color has-text-color has-background\" href=\"https:\/\/www.jazzasaintremy.fr\/fr\/marc-berthoumieux-1-5-5?eve=111\" style=\"border-radius:5px\" target=\"_blank\" rel=\"noreferrer noopener\">Infos<\/a><\/div>\n\n\n\n<div class=\"wp-block-button aligncenter\"><a class=\"wp-block-button__link has-white-color has-vivid-cyan-blue-background-color has-text-color has-background\" href=\"https:\/\/www.helloasso.com\/associations\/jazz-a-saint-remy\/evenements\/festival-2022\" style=\"border-radius:5px\">R\u00e9servations<\/a><\/div>\n<\/div>\n","protected":false},"excerpt":{"rendered":"<p>LE BAL DES MONDES &#8211; JAZZ \u00c0 ST R\u00c9MY DE PROVENCE LE 15 SEPTEMBRE 2022avecMarc Berthoumieux accord\u00e9onGiovanni Mirabassi pianoLouis Winsberg guitareLaurent Vernerey contrebasseSt\u00e9phane Huchard batterieJean-Luc Di Fraya percussions\/voix \u00ab\u00a0Le Bal des mondes est une expression naturelle et festive des peuples de la plan\u00e8te. Un concentr\u00e9 de bonheur et de chant du c\u0153ur. C\u2019est aussi une [&hellip;]<\/p>\n","protected":false},"author":1,"featured_media":4773,"comment_status":"closed","ping_status":"open","sticky":false,"template":"","format":"standard","meta":{"footnotes":""},"categories":[3],"tags":[142,11,18,272,35,10,34],"class_list":["post-4763","post","type-post","status-publish","format-standard","has-post-thumbnail","hentry","category-01-concerts","tag-01-concerts","tag-festival","tag-giovanni-mirabassi","tag-jean-luc-di-fraya","tag-laurent-vernerey","tag-louis-winsberg","tag-stephane-huchard"],"_links":{"self":[{"href":"https:\/\/www.marcberthoumieux.com\/blog\/wp-json\/wp\/v2\/posts\/4763","targetHints":{"allow":["GET"]}}],"collection":[{"href":"https:\/\/www.marcberthoumieux.com\/blog\/wp-json\/wp\/v2\/posts"}],"about":[{"href":"https:\/\/www.marcberthoumieux.com\/blog\/wp-json\/wp\/v2\/types\/post"}],"author":[{"embeddable":true,"href":"https:\/\/www.marcberthoumieux.com\/blog\/wp-json\/wp\/v2\/users\/1"}],"replies":[{"embeddable":true,"href":"https:\/\/www.marcberthoumieux.com\/blog\/wp-json\/wp\/v2\/comments?post=4763"}],"version-history":[{"count":3,"href":"https:\/\/www.marcberthoumieux.com\/blog\/wp-json\/wp\/v2\/posts\/4763\/revisions"}],"predecessor-version":[{"id":4779,"href":"https:\/\/www.marcberthoumieux.com\/blog\/wp-json\/wp\/v2\/posts\/4763\/revisions\/4779"}],"wp:featuredmedia":[{"embeddable":true,"href":"https:\/\/www.marcberthoumieux.com\/blog\/wp-json\/wp\/v2\/media\/4773"}],"wp:attachment":[{"href":"https:\/\/www.marcberthoumieux.com\/blog\/wp-json\/wp\/v2\/media?parent=4763"}],"wp:term":[{"taxonomy":"category","embeddable":true,"href":"https:\/\/www.marcberthoumieux.com\/blog\/wp-json\/wp\/v2\/categories?post=4763"},{"taxonomy":"post_tag","embeddable":true,"href":"https:\/\/www.marcberthoumieux.com\/blog\/wp-json\/wp\/v2\/tags?post=4763"}],"curies":[{"name":"wp","href":"https:\/\/api.w.org\/{rel}","templated":true}]}}