{"id":4792,"date":"2022-11-25T13:25:15","date_gmt":"2022-11-25T12:25:15","guid":{"rendered":"http:\/\/www.marcberthoumieux.com\/blog\/?p=4792"},"modified":"2022-11-25T13:29:09","modified_gmt":"2022-11-25T12:29:09","slug":"en-concert-avec-do-montebello-a-albi-au-theatre-des-lices-le-26-novembre-2022","status":"publish","type":"post","link":"https:\/\/www.marcberthoumieux.com\/blog\/en-concert-avec-do-montebello-a-albi-au-theatre-des-lices-le-26-novembre-2022\/","title":{"rendered":"En concert avec Do Montebello \u00e0 Albi au Th\u00e9\u00e2tre des Lices le 26 novembre 2022"},"content":{"rendered":"\n\n\n<h2 class=\"wp-block-heading\"><strong>En concert avec Do Montebello<\/strong><br \/><strong>au Th\u00e9\u00e2tre des Lices &#8211; ALBI<\/strong><br \/><strong>26 novembre 2022<\/strong><\/h2>\n\n\n\n<p><strong>\u00ab\u00a0ALBI a du&nbsp;COEUR\u00a0\u00bb&nbsp;est une&nbsp;cr\u00e9ation,&nbsp;un concert&nbsp;\/&nbsp;exposition imagin\u00e9 par une des plus po\u00e9tesse de nos&nbsp;chanteuses fran\u00e7aises.<\/strong><\/p>\n\n\n\n<p>avec <br \/><strong>Marc Berthoumieux<\/strong> (accord\u00e9on)<br \/><strong>Sergio Farias<\/strong> (Guitare)<br \/><strong>Herv\u00e9 Morisot<\/strong> (Guitare)<br \/><strong>Ricardo Feij\u00e3o<\/strong> (Basse)<br \/><strong>Christophe de Oliveira<\/strong> (Batterie)<br \/><strong>Julio Gon\u00e7alves<\/strong> (Percussions)<\/p>\n\n\n<div class=\"wp-block-image\">\n<figure class=\"aligncenter size-large\"><img loading=\"lazy\" decoding=\"async\" width=\"725\" height=\"1024\" src=\"https:\/\/www.marcberthoumieux.com\/blog\/wp-content\/uploads\/2022\/11\/affiche-concert-do-montebello-albi-26-novembre-2022-725x1024.jpg\" alt=\"\" class=\"wp-image-4793\" srcset=\"https:\/\/www.marcberthoumieux.com\/blog\/wp-content\/uploads\/2022\/11\/affiche-concert-do-montebello-albi-26-novembre-2022-725x1024.jpg 725w, https:\/\/www.marcberthoumieux.com\/blog\/wp-content\/uploads\/2022\/11\/affiche-concert-do-montebello-albi-26-novembre-2022-212x300.jpg 212w, https:\/\/www.marcberthoumieux.com\/blog\/wp-content\/uploads\/2022\/11\/affiche-concert-do-montebello-albi-26-novembre-2022-768x1085.jpg 768w, https:\/\/www.marcberthoumieux.com\/blog\/wp-content\/uploads\/2022\/11\/affiche-concert-do-montebello-albi-26-novembre-2022.jpg 1076w\" sizes=\"auto, (max-width: 725px) 100vw, 725px\" \/><\/figure>\n<\/div>\n\n\n<p>Organis\u00e9 en partenariat&nbsp;avec la ville d\u2019Albi et l\u2019association M\u00e9c\u00e9nat Chirurgie Cardiaque, cette soir\u00e9e qui souhaite&nbsp;vivement votre pr\u00e9cense, donnera&nbsp;un gros coup de pouce pour qu\u2019un enfant puisse b\u00e9n\u00e9ficier d\u2019une op\u00e9ration du c\u0153ur.&nbsp;<\/p>\n\n\n\n<p>Entour\u00e9e des artistes&nbsp;<strong>Marc Berthoumieux, Sergio Farias, Herv\u00e9 Morisot, Ricardo Feij\u00e3o, Christophe de Oliveira, Julio Gon\u00e7alves, Luis Mazzoni<\/strong>&nbsp;&amp; de&nbsp;toute l&rsquo;\u00e9quipe&nbsp;de la Sc\u00e8ne Nationale d\u2019Albi, &nbsp;<strong>Do Montebello&nbsp;<\/strong>fera&nbsp;lever la joie, le chant d\u2019amour,&nbsp;l\u2019esp\u00e9rance,&nbsp;la fiert\u00e9 et le bonheur d\u2019\u00eatre ensemble&nbsp;en terre&nbsp;Albigeoise pour vivre ce magnifique \u00e9v\u00e8nement. Le c\u0153ur du public battra \u00e0 l\u2019unisson pour que batte, libre et heureux, celui d\u2019un enfant.<\/p>\n\n\n\n<p>Pour les gens d&rsquo;ici et d&rsquo;ailleurs, un rendez-vous&nbsp;exceptionnel&nbsp;\u00e0 ne pas manquer !<\/p>\n\n\n\n<p>Th\u00e9\u00e2tre des Lices le&nbsp;<strong>26 novembre 2022&nbsp;<\/strong>\u00e0&nbsp;<strong>20h30<\/strong><\/p>\n\n\n\n<p><\/p>\n\n\n\n<div class=\"wp-block-buttons is-layout-flex wp-block-buttons-is-layout-flex\">\n<div class=\"wp-block-button aligncenter is-style-fill\"><a class=\"wp-block-button__link has-white-color has-vivid-cyan-blue-background-color has-text-color has-background\" href=\"http:\/\/www.sn-albi.fr\/albilletterie.php?filtre=ASSOCIATION%20ALMA%20CANTA#spectacles&amp;PHPSESSID=ts31ssbv0blcf7d926o3kcfe52\" style=\"border-radius:5px\" target=\"_blank\" rel=\"noreferrer noopener\">R\u00e9servations<\/a><\/div>\n<\/div>\n\n\n\n<p><strong>Do Montebello : <\/strong><\/p>\n<p><span style=\"color: #808080;\"><em>Tu me fais tourner la t\u00eate, divine ALBI <\/em><\/span><br \/><span style=\"color: #808080;\"><em>Mon man\u00e8ge \u00e0 moi c&rsquo;est toi M\u00c9C\u00c9NAT CHIRURGIE CARDIAQUE<\/em><\/span><br \/><span style=\"color: #808080;\"><em>Je suis toujours \u00e0 la f\u00eate QUAND UN ENFANT EST SAUV\u00c9<\/em><\/span><br \/><span style=\"color: #808080;\"><em>et quand tu me tiens dans tes bras MUSIQUE<\/em><\/span><br \/><span style=\"color: #808080;\"><em>Je ferai le tour du monde EN CHANTANT TOUJOURS<\/em><\/span><br \/><span style=\"color: #808080;\"><em>\u00e7a ne tournerait pas plus que LE 26 NOVEMBRE 2022<\/em><\/span><br \/><span style=\"color: #808080;\"><em>La terre n&rsquo;est pas assez ronde \u00e0 l&rsquo;IVRESSE D&rsquo;AIMER <\/em><\/span><br \/><span style=\"color: #808080;\"><em>et pour m&rsquo;\u00e9tourdir autant que LE PUBLIC QUI SERA L\u00c0<\/em><\/span><br \/><span style=\"color: #808080;\"><em>Et si vous veniez vibrer, avec nous, au th\u00e9\u00e2tre des Lices d&rsquo;ALBI, samedi 26 novembre 2022 \u00e0 20h30 &#x1f490;&#x2600;&#xfe0f;&#x1f340;<\/em><\/span><br \/><span style=\"color: #808080;\"><em>Si venez de loin, <strong>vous pouvez vous rendre \u00e0 l&rsquo;H\u00f4tel Rochegude dans l&rsquo;apr\u00e8s-midi o\u00f9 j&rsquo;exposerai une soixante d&rsquo;oeuvre picturales entre le 14 novembre et 5 d\u00e9cembre 2022<\/strong><\/em><\/span><\/p>\n<p>\u00a0<\/p>\n\n\n\n<figure class=\"wp-block-image size-large\"><img loading=\"lazy\" decoding=\"async\" width=\"1024\" height=\"713\" src=\"https:\/\/www.marcberthoumieux.com\/blog\/wp-content\/uploads\/2022\/11\/Do-Montebello-Exposition-Albi-2022-1024x713.jpg\" alt=\"\" class=\"wp-image-4794\" srcset=\"https:\/\/www.marcberthoumieux.com\/blog\/wp-content\/uploads\/2022\/11\/Do-Montebello-Exposition-Albi-2022-1024x713.jpg 1024w, https:\/\/www.marcberthoumieux.com\/blog\/wp-content\/uploads\/2022\/11\/Do-Montebello-Exposition-Albi-2022-300x209.jpg 300w, https:\/\/www.marcberthoumieux.com\/blog\/wp-content\/uploads\/2022\/11\/Do-Montebello-Exposition-Albi-2022-768x534.jpg 768w, https:\/\/www.marcberthoumieux.com\/blog\/wp-content\/uploads\/2022\/11\/Do-Montebello-Exposition-Albi-2022-1536x1069.jpg 1536w, https:\/\/www.marcberthoumieux.com\/blog\/wp-content\/uploads\/2022\/11\/Do-Montebello-Exposition-Albi-2022.jpg 2048w\" sizes=\"auto, (max-width: 1024px) 100vw, 1024px\" \/><\/figure>\n","protected":false},"excerpt":{"rendered":"<p>En concert avec Do Montebelloau Th\u00e9\u00e2tre des Lices &#8211; ALBI26 novembre 2022 \u00ab\u00a0ALBI a du&nbsp;COEUR\u00a0\u00bb&nbsp;est une&nbsp;cr\u00e9ation,&nbsp;un concert&nbsp;\/&nbsp;exposition imagin\u00e9 par une des plus po\u00e9tesse de nos&nbsp;chanteuses fran\u00e7aises. avec Marc Berthoumieux (accord\u00e9on)Sergio Farias (Guitare)Herv\u00e9 Morisot (Guitare)Ricardo Feij\u00e3o (Basse)Christophe de Oliveira (Batterie)Julio Gon\u00e7alves (Percussions) Organis\u00e9 en partenariat&nbsp;avec la ville d\u2019Albi et l\u2019association M\u00e9c\u00e9nat Chirurgie Cardiaque, cette soir\u00e9e qui [&hellip;]<\/p>\n","protected":false},"author":1,"featured_media":4796,"comment_status":"closed","ping_status":"open","sticky":false,"template":"","format":"standard","meta":{"footnotes":""},"categories":[3],"tags":[420,142,414,421,422,412,139],"class_list":["post-4792","post","type-post","status-publish","format-standard","has-post-thumbnail","hentry","category-01-concerts","tag-christophe-de-oliveira","tag-01-concerts","tag-herve-morisot","tag-julio-goncalves","tag-luis-mazzoni","tag-ricardo-feijao","tag-sergio-farias"],"_links":{"self":[{"href":"https:\/\/www.marcberthoumieux.com\/blog\/wp-json\/wp\/v2\/posts\/4792","targetHints":{"allow":["GET"]}}],"collection":[{"href":"https:\/\/www.marcberthoumieux.com\/blog\/wp-json\/wp\/v2\/posts"}],"about":[{"href":"https:\/\/www.marcberthoumieux.com\/blog\/wp-json\/wp\/v2\/types\/post"}],"author":[{"embeddable":true,"href":"https:\/\/www.marcberthoumieux.com\/blog\/wp-json\/wp\/v2\/users\/1"}],"replies":[{"embeddable":true,"href":"https:\/\/www.marcberthoumieux.com\/blog\/wp-json\/wp\/v2\/comments?post=4792"}],"version-history":[{"count":1,"href":"https:\/\/www.marcberthoumieux.com\/blog\/wp-json\/wp\/v2\/posts\/4792\/revisions"}],"predecessor-version":[{"id":4797,"href":"https:\/\/www.marcberthoumieux.com\/blog\/wp-json\/wp\/v2\/posts\/4792\/revisions\/4797"}],"wp:featuredmedia":[{"embeddable":true,"href":"https:\/\/www.marcberthoumieux.com\/blog\/wp-json\/wp\/v2\/media\/4796"}],"wp:attachment":[{"href":"https:\/\/www.marcberthoumieux.com\/blog\/wp-json\/wp\/v2\/media?parent=4792"}],"wp:term":[{"taxonomy":"category","embeddable":true,"href":"https:\/\/www.marcberthoumieux.com\/blog\/wp-json\/wp\/v2\/categories?post=4792"},{"taxonomy":"post_tag","embeddable":true,"href":"https:\/\/www.marcberthoumieux.com\/blog\/wp-json\/wp\/v2\/tags?post=4792"}],"curies":[{"name":"wp","href":"https:\/\/api.w.org\/{rel}","templated":true}]}}