{"id":4830,"date":"2023-03-10T20:00:00","date_gmt":"2023-03-10T19:00:00","guid":{"rendered":"http:\/\/www.marcberthoumieux.com\/blog\/?p=4830"},"modified":"2023-03-17T16:06:32","modified_gmt":"2023-03-17T15:06:32","slug":"en-concert-avec-melanie-dahan-au-pan-piper-le-18-mars-2023-pour-ses-15-ans-de-carriere","status":"publish","type":"post","link":"https:\/\/www.marcberthoumieux.com\/blog\/en-concert-avec-melanie-dahan-au-pan-piper-le-18-mars-2023-pour-ses-15-ans-de-carriere\/","title":{"rendered":"En concert avec M\u00e9lanie Dahan au Pan Piper le 18 mars 2023 pour ses 15 ans de carri\u00e8re"},"content":{"rendered":"<p>M\u00e9lanie Dahan f\u00eate ses 15 ans de Carri\u00e8re !\u00a0<\/p>\n<p>\u00a0<\/p>\n\n\n<figure class=\"wp-block-image size-large\"><img loading=\"lazy\" decoding=\"async\" width=\"1024\" height=\"724\" src=\"https:\/\/www.marcberthoumieux.com\/blog\/wp-content\/uploads\/2023\/01\/Affiche-Melanie-Dahan-18-mars-2023-1024x724.jpeg\" alt=\"\" class=\"wp-image-4846\" srcset=\"https:\/\/www.marcberthoumieux.com\/blog\/wp-content\/uploads\/2023\/01\/Affiche-Melanie-Dahan-18-mars-2023-1024x724.jpeg 1024w, https:\/\/www.marcberthoumieux.com\/blog\/wp-content\/uploads\/2023\/01\/Affiche-Melanie-Dahan-18-mars-2023-300x212.jpeg 300w, https:\/\/www.marcberthoumieux.com\/blog\/wp-content\/uploads\/2023\/01\/Affiche-Melanie-Dahan-18-mars-2023-768x543.jpeg 768w, https:\/\/www.marcberthoumieux.com\/blog\/wp-content\/uploads\/2023\/01\/Affiche-Melanie-Dahan-18-mars-2023.jpeg 1520w\" sizes=\"auto, (max-width: 1024px) 100vw, 1024px\" \/><\/figure>\n\n\n\n<p>La chanteuse de jazz M\u00e9lanie Dahan nous convie le 18 mars 2023 au Pan Piper pour c\u00e9l\u00e9brer ses 15 ans de carri\u00e8re ! L\u2019occasion pour elle d\u2019inviter de nombreux musiciens avec lesquels elle a collabor\u00e9 sur ses 4 albums: le pianiste complice de la premi\u00e8re heure Giovanni Mirabassi, le contrebassiste et arrangeur Marc-Michel Le B\u00e9villon, l\u2019accord\u00e9oniste Marc Berthoumieux, le batteur Lukmil Perez (\u00ab La Princesse et les Croque-notes \u00bb et \u00ab Latine \u00bb); les pianistes Baptiste Trotignon \/ Pierre de Bethmann \/ Manuel Rocheman \/ Franck Amsallem (\u00ab Keys \u00bb); le pianiste compositeur Jeremy Hababou, le contrebassiste Jeremy Bruy\u00e8re, le batteur Arthur Alard, le saxophoniste Benjamin Petit (\u00ab Le Chant des possibles \u00bb salu\u00e9 r\u00e9cemment par le label \u00ab Printemps des Po\u00e8tes \u00bb). Ces rencontres lui ont donn\u00e9 une force : interpr\u00e9ter comme elle respire. M\u00e9lanie est une conteuse hors-pair qui b\u00e9n\u00e9ficie d\u2019une voix rayonnant de clart\u00e9, \u00e0 la fois puissante, sensible, et empreinte d\u2019une palette de nuances o\u00f9 la tendresse d\u00e9licate de la mezzosoprano resplendit. Le jazz en fran\u00e7ais reste son terrain de jeu favori, elle y cultive clairement sa singularit\u00e9 et une signature vocale.<br \/>Une soir\u00e9e qui r\u00e9sonnera donc au son \u00e9clectique de son parcours discographique: entre chanson, musique br\u00e9silienne, jazz et po\u00e9sie fran\u00e7aise.<br \/><br \/>\u00ab <em>Chanteuse tr\u00e8s attachante, swing chevill\u00e9 au corps et vive sensibilit\u00e9<\/em> \u00bb <br \/><strong>TTT T\u00e9l\u00e9rama<\/strong><br \/><\/p>\n\n\n\n<p><strong>Giovanni Mirabassi<\/strong> : piano<br \/><strong>Baptiste Trotignon<\/strong> : piano <br \/><strong>Manuel Rocheman<\/strong> : piano<br \/><strong>Pierre de Bethmann<\/strong> : piano <br \/><strong>Franck Amsallem<\/strong> : piano<br \/><strong>Jeremy Hababou<\/strong> : piano<br \/><strong>Benjamin Petit<\/strong> : sax<br \/><strong>Marc Berthoumieux<\/strong> : accord\u00e9on<br \/><strong>Marc Michel Le B\u00e9villon<\/strong> : contrebasse<br \/><strong>Jeremy Bruy\u00e8re<\/strong> : contrebasse<br \/><strong>Thomas Bramerie<\/strong> : contrebasse<br \/><strong>Lukmil Perez<\/strong> : batterie<br \/><strong>Arthur Alard<\/strong> : batterie<br \/><\/p>\n\n\n\n<p class=\"has-text-align-center\">UNE SOIR\u00c9E EXCEPTIONNELLE \u00c0 NE PAS RATER !<\/p>\n\n\n\n<div class=\"wp-block-buttons is-layout-flex wp-block-buttons-is-layout-flex\">\n<div class=\"wp-block-button aligncenter\"><a class=\"wp-block-button__link has-white-color has-vivid-cyan-blue-background-color has-text-color has-background wp-element-button\" href=\"https:\/\/web.digitick.com\/melanie-dahan-fete-ses-15-ans-de-carriere-concert-le-pan-piper-paris-18-mars-2023-css5-panpiper-pg101-ri9399121.html\" style=\"border-radius:5px\" target=\"_blank\" rel=\"noreferrer noopener\">R\u00e9servations<\/a><\/div>\n<\/div>\n","protected":false},"excerpt":{"rendered":"<p>M\u00e9lanie Dahan f\u00eate ses 15 ans de Carri\u00e8re !\u00a0 \u00a0 La chanteuse de jazz M\u00e9lanie Dahan nous convie le 18 mars 2023 au Pan Piper pour c\u00e9l\u00e9brer ses 15 ans de carri\u00e8re ! L\u2019occasion pour elle d\u2019inviter de nombreux musiciens avec lesquels elle a collabor\u00e9 sur ses 4 albums: le pianiste complice de la premi\u00e8re [&hellip;]<\/p>\n","protected":false},"author":1,"featured_media":4846,"comment_status":"closed","ping_status":"open","sticky":false,"template":"","format":"standard","meta":{"footnotes":""},"categories":[3,2,23],"tags":[435,296,436,142,432,18,434,433,59,372,251,66,320,396],"class_list":["post-4830","post","type-post","status-publish","format-standard","has-post-thumbnail","hentry","category-01-concerts","category-05-evenements","category-06-rencontre-artistique","tag-arthur-alard","tag-baptiste-trotignon","tag-benjamin-petit","tag-01-concerts","tag-franck-amsallem","tag-giovanni-mirabassi","tag-jeremy-bruyere","tag-jeremy-hababou","tag-lukmil-perez","tag-manuel-rocheman","tag-marc-michel-lebevillion","tag-melanie-dahan","tag-pierre-de-bethmann","tag-thomas-bramerie"],"_links":{"self":[{"href":"https:\/\/www.marcberthoumieux.com\/blog\/wp-json\/wp\/v2\/posts\/4830","targetHints":{"allow":["GET"]}}],"collection":[{"href":"https:\/\/www.marcberthoumieux.com\/blog\/wp-json\/wp\/v2\/posts"}],"about":[{"href":"https:\/\/www.marcberthoumieux.com\/blog\/wp-json\/wp\/v2\/types\/post"}],"author":[{"embeddable":true,"href":"https:\/\/www.marcberthoumieux.com\/blog\/wp-json\/wp\/v2\/users\/1"}],"replies":[{"embeddable":true,"href":"https:\/\/www.marcberthoumieux.com\/blog\/wp-json\/wp\/v2\/comments?post=4830"}],"version-history":[{"count":6,"href":"https:\/\/www.marcberthoumieux.com\/blog\/wp-json\/wp\/v2\/posts\/4830\/revisions"}],"predecessor-version":[{"id":4965,"href":"https:\/\/www.marcberthoumieux.com\/blog\/wp-json\/wp\/v2\/posts\/4830\/revisions\/4965"}],"wp:featuredmedia":[{"embeddable":true,"href":"https:\/\/www.marcberthoumieux.com\/blog\/wp-json\/wp\/v2\/media\/4846"}],"wp:attachment":[{"href":"https:\/\/www.marcberthoumieux.com\/blog\/wp-json\/wp\/v2\/media?parent=4830"}],"wp:term":[{"taxonomy":"category","embeddable":true,"href":"https:\/\/www.marcberthoumieux.com\/blog\/wp-json\/wp\/v2\/categories?post=4830"},{"taxonomy":"post_tag","embeddable":true,"href":"https:\/\/www.marcberthoumieux.com\/blog\/wp-json\/wp\/v2\/tags?post=4830"}],"curies":[{"name":"wp","href":"https:\/\/api.w.org\/{rel}","templated":true}]}}