{"id":485,"date":"2013-08-29T11:22:36","date_gmt":"2013-08-29T09:22:36","guid":{"rendered":"http:\/\/www.marcberthoumieux.com\/blog\/?p=485"},"modified":"2021-08-08T20:14:15","modified_gmt":"2021-08-08T18:14:15","slug":"en-concert-avec-joel-favreau-le-7-septembre-a-st-brieuc","status":"publish","type":"post","link":"https:\/\/www.marcberthoumieux.com\/blog\/en-concert-avec-joel-favreau-le-7-septembre-a-st-brieuc\/","title":{"rendered":"En concert avec JOEL FAVREAU le 7 septembre \u00e0 St Brieuc"},"content":{"rendered":"<p style=\"text-align: center;\"><strong><span style=\"font-family: arial, helvetica, sans-serif;\" data-mce-mark=\"1\">Samedi 7 septembre \u00e0 20h30<\/span><\/strong><br \/><strong><span style=\"font-family: arial, helvetica, sans-serif;\" data-mce-mark=\"1\">La Passerelle <\/span><\/strong><br \/><strong><span style=\"font-family: arial, helvetica, sans-serif;\" data-mce-mark=\"1\">Place de la Poste <\/span><\/strong><br \/><strong><span style=\"font-family: arial, helvetica, sans-serif;\" data-mce-mark=\"1\">22000 SAINT BRIEUC<\/span><\/strong><br \/><span style=\"font-family: arial, helvetica, sans-serif;\" data-mce-mark=\"1\"><strong>R\u00e9servation : 06 08 80 66 02<\/strong>\u00a0<\/span><\/p>\n<p style=\"text-align: center;\"><a style=\"font-family: arial, helvetica, sans-serif;\" href=\"https:\/\/www.marcberthoumieux.com\/blog\/en-concert-avec-joel-favreau-le-7-septembre-a-st-brieuc\/saint-cloud-concert-hommage-a-georges-brassens\/\" rel=\"attachment wp-att-488\"><img loading=\"lazy\" decoding=\"async\" class=\"aligncenter  wp-image-488\" alt=\"Saint-Cloud: concert hommage \u00e0 Georges Brassens\" src=\"https:\/\/www.marcberthoumieux.com\/blog\/wp-content\/uploads\/2013\/08\/Joel-Favreau-et-Marc-web.jpg\" width=\"640\" height=\"426\" srcset=\"https:\/\/www.marcberthoumieux.com\/blog\/wp-content\/uploads\/2013\/08\/Joel-Favreau-et-Marc-web.jpg 800w, https:\/\/www.marcberthoumieux.com\/blog\/wp-content\/uploads\/2013\/08\/Joel-Favreau-et-Marc-web-300x200.jpg 300w, https:\/\/www.marcberthoumieux.com\/blog\/wp-content\/uploads\/2013\/08\/Joel-Favreau-et-Marc-web-768x512.jpg 768w, https:\/\/www.marcberthoumieux.com\/blog\/wp-content\/uploads\/2013\/08\/Joel-Favreau-et-Marc-web-730x485.jpg 730w\" sizes=\"auto, (max-width: 640px) 100vw, 640px\" \/><\/a><\/p>\n<p style=\"text-align: center;\"><span style=\"font-family: arial, helvetica, sans-serif;\" data-mce-mark=\"1\"><strong>Spectacle \u00abSALUT BRASSENS\u00bb<\/strong><\/span><\/p>\n<p style=\"text-align: left;\"><span style=\"font-family: arial, helvetica, sans-serif;\" data-mce-mark=\"1\">\u00ab\u00a0Brassens, Jo\u00ebl le conna\u00eet musicalement de l&rsquo;int\u00e9rieur\u00a0\u00bb<\/span><br \/><span style=\"font-family: arial, helvetica, sans-serif;\" data-mce-mark=\"1\">(Maxime Le Forestier)<\/span><\/p>\n<p style=\"text-align: left;\"><span style=\"font-family: arial, helvetica, sans-serif;\" data-mce-mark=\"1\">Peut-on encore surprendre en reprenant du Brassens ?<\/span><br \/><span style=\"font-family: arial, helvetica, sans-serif;\" data-mce-mark=\"1\">Oui ! prouve Joel Favreau qui tint douze ans durant la deuxi\u00e8me guitare \u00e0 l&rsquo;ombre du manche du ma\u00eetre.<\/span><br \/><span style=\"font-family: arial, helvetica, sans-serif;\" data-mce-mark=\"1\">Aiguillon\u00e9 avec rudesse par Le Forestier (\u00ab\u00a0Ecoute, tu nous emmerdes avec ta deuxi\u00e8me guitare. Est-ce que tu vas enfin te d\u00e9cider \u00e0 chanter ?&#8230;), Favreau qui a d\u00e9j\u00e0 publi\u00e9 ses propres chansons ose enfin chanter Brassens.<\/span><br \/><span style=\"font-family: arial, helvetica, sans-serif;\" data-mce-mark=\"1\">Et c&rsquo;est superbe : la voix est chaude et bien timbr\u00e9e, l&rsquo;articulation exemplaire. La guitare alerte et l&rsquo;accord\u00e9on qui lui r\u00e9pond, celui de Jean-Jacques Franchin, rendent ensemble justice \u00e0 une musicalit\u00e9 que les po-pom po-pom de la version d&rsquo;origine r\u00e9duisaient au minimalisme : et c&rsquo;est enthousiasmant ! (Anne-Marie Paquotte &#8211; T\u00e9l\u00e9rama)<\/span><\/p>\n<p style=\"text-align: left;\"><span style=\"font-family: arial, helvetica, sans-serif;\" data-mce-mark=\"1\">Apr\u00e8s dix ans de complicit\u00e9 avec son accord\u00e9oniste Jean Jacques Franchin r\u00e9cemment disparu, Marc Berthoumieux reprend le flambeau pour une s\u00e9rie de concerts en 2011-2012-2013.<\/span><\/p>\n<p style=\"text-align: center;\">Tout sur : <a href=\"http:\/\/www.joelfavreau.com\" target=\"_blank\" rel=\"noopener noreferrer\">http:\/\/www.joelfavreau.com<\/a>\u00a0<\/p>\n<p><a title=\"Vid\u00e9o avec JOEL FAVREAU \u00ab\u00a0A l\u2019ombre du coeur de ma mie\u00a0\u00bb\" href=\"https:\/\/www.marcberthoumieux.com\/blog\/video-avec-joel-favreau-a-lombre-du-coeur-de-ma-mie\/\"><\/p>\n<p style=\"text-align: center;\"><strong>Vid\u00e9o avec Jo\u00ebl Favreau<\/strong><\/p>\n<p><\/a><\/p>\n","protected":false},"excerpt":{"rendered":"<p>Samedi 7 septembre \u00e0 20h30La Passerelle Place de la Poste 22000 SAINT BRIEUCR\u00e9servation : 06 08 80 66 02\u00a0 Spectacle \u00abSALUT BRASSENS\u00bb \u00ab\u00a0Brassens, Jo\u00ebl le conna\u00eet musicalement de l&rsquo;int\u00e9rieur\u00a0\u00bb(Maxime Le Forestier) Peut-on encore surprendre en reprenant du Brassens ?Oui ! prouve Joel Favreau qui tint douze ans durant la deuxi\u00e8me guitare \u00e0 l&rsquo;ombre du manche [&hellip;]<\/p>\n","protected":false},"author":1,"featured_media":486,"comment_status":"closed","ping_status":"open","sticky":false,"template":"","format":"standard","meta":{"footnotes":""},"categories":[3],"tags":[142,42],"class_list":["post-485","post","type-post","status-publish","format-standard","has-post-thumbnail","hentry","category-01-concerts","tag-01-concerts","tag-joel-favreau"],"_links":{"self":[{"href":"https:\/\/www.marcberthoumieux.com\/blog\/wp-json\/wp\/v2\/posts\/485","targetHints":{"allow":["GET"]}}],"collection":[{"href":"https:\/\/www.marcberthoumieux.com\/blog\/wp-json\/wp\/v2\/posts"}],"about":[{"href":"https:\/\/www.marcberthoumieux.com\/blog\/wp-json\/wp\/v2\/types\/post"}],"author":[{"embeddable":true,"href":"https:\/\/www.marcberthoumieux.com\/blog\/wp-json\/wp\/v2\/users\/1"}],"replies":[{"embeddable":true,"href":"https:\/\/www.marcberthoumieux.com\/blog\/wp-json\/wp\/v2\/comments?post=485"}],"version-history":[{"count":8,"href":"https:\/\/www.marcberthoumieux.com\/blog\/wp-json\/wp\/v2\/posts\/485\/revisions"}],"predecessor-version":[{"id":3865,"href":"https:\/\/www.marcberthoumieux.com\/blog\/wp-json\/wp\/v2\/posts\/485\/revisions\/3865"}],"wp:featuredmedia":[{"embeddable":true,"href":"https:\/\/www.marcberthoumieux.com\/blog\/wp-json\/wp\/v2\/media\/486"}],"wp:attachment":[{"href":"https:\/\/www.marcberthoumieux.com\/blog\/wp-json\/wp\/v2\/media?parent=485"}],"wp:term":[{"taxonomy":"category","embeddable":true,"href":"https:\/\/www.marcberthoumieux.com\/blog\/wp-json\/wp\/v2\/categories?post=485"},{"taxonomy":"post_tag","embeddable":true,"href":"https:\/\/www.marcberthoumieux.com\/blog\/wp-json\/wp\/v2\/tags?post=485"}],"curies":[{"name":"wp","href":"https:\/\/api.w.org\/{rel}","templated":true}]}}