{"id":5083,"date":"2026-02-11T21:00:00","date_gmt":"2026-02-11T20:00:00","guid":{"rendered":"http:\/\/www.marcberthoumieux.com\/blog\/?p=5083"},"modified":"2026-02-12T03:44:42","modified_gmt":"2026-02-12T02:44:42","slug":"participation-a-lemission-une-journee-avec-jacques-brel-avec-thomas-dutronc-et-gaetan-roussel-diffusion-automne-2023-sur-france-3","status":"publish","type":"post","link":"https:\/\/www.marcberthoumieux.com\/blog\/participation-a-lemission-une-journee-avec-jacques-brel-avec-thomas-dutronc-et-gaetan-roussel-diffusion-automne-2023-sur-france-3\/","title":{"rendered":"Participation \u00e0 l&rsquo;\u00e9mission \u00ab\u00a0Une journ\u00e9e avec Jacques Brel\u00a0\u00bb avec Thomas Dutronc et Ga\u00ebtan Roussel (diffusions 2023, 2024, 2025, 2026 &#8211; France 3 et France 4)."},"content":{"rendered":"\n<p>Participation au tournage de l&rsquo;\u00e9mission en hommage \u00e0 Jacques Brel \u00ab\u00a0<strong>Une journ\u00e9e avec Jacques Brel<\/strong>\u00a0\u00bb avec entre autres <strong>Thomas Dutronc<\/strong> et <strong>Ga\u00ebtan Roussel<\/strong><\/p>\n\n\n\n<p style=\"text-align: left;\"><span style=\"background-color: #ffff00;\">1<mark class=\"has-inline-color has-white-color\"><\/mark>\u00e8re diffusion : 27 d\u00e9cembre 2023 \u00e0 21h10 sur France 3<\/span><br \/>Rediffusions nationales :<br \/><span style=\"background-color: #ffff00;\">\u00a010 janvier 2024 &#8211; France 4<br \/>30 octobre 2024 &#8211; France 4<\/span><br \/><span style=\"background-color: #ffff00;\">4 juin 2025 &#8211; France 4<br \/>11 f\u00e9vrier 2026 &#8211; France 4 &#8211; 21h00<\/span><\/p>\n\n\n\n<figure class=\"wp-block-image size-large\"><img loading=\"lazy\" decoding=\"async\" width=\"1024\" height=\"579\" src=\"https:\/\/www.marcberthoumieux.com\/blog\/wp-content\/uploads\/2023\/11\/Une-journee-avec-jacques-brel-Header-1024x579.jpg\" alt=\"\" class=\"wp-image-5160\" srcset=\"https:\/\/www.marcberthoumieux.com\/blog\/wp-content\/uploads\/2023\/11\/Une-journee-avec-jacques-brel-Header-1024x579.jpg 1024w, https:\/\/www.marcberthoumieux.com\/blog\/wp-content\/uploads\/2023\/11\/Une-journee-avec-jacques-brel-Header-300x170.jpg 300w, https:\/\/www.marcberthoumieux.com\/blog\/wp-content\/uploads\/2023\/11\/Une-journee-avec-jacques-brel-Header-768x434.jpg 768w, https:\/\/www.marcberthoumieux.com\/blog\/wp-content\/uploads\/2023\/11\/Une-journee-avec-jacques-brel-Header-1536x869.jpg 1536w, https:\/\/www.marcberthoumieux.com\/blog\/wp-content\/uploads\/2023\/11\/Une-journee-avec-jacques-brel-Header.jpg 1920w\" sizes=\"auto, (max-width: 1024px) 100vw, 1024px\" \/><\/figure>\n\n\n\n<p>Plus d&rsquo;une vingtaine d&rsquo;artistes&nbsp;se r\u00e9unissent pour c\u00e9l\u00e9brer Brel, tels que <strong>Alain Souchon<\/strong>, <strong>Thomas Dutronc<\/strong>, <strong>Louane, Kad Merad<\/strong>, <strong>Imany<\/strong>, <strong>Adamo<\/strong>, <strong>Enrico Macias<\/strong>, <strong>Dave<\/strong>, <strong>Mentissa<\/strong>, <strong>Stephan Eicher<\/strong>, <strong>Abd Al Malik<\/strong>, <strong>Camille Lellouche<\/strong>, <strong>Lio<\/strong>, <strong>Sofiane Pamart<\/strong> se r\u00e9unissent pour c\u00e9l\u00e9brer Brel, le temps d&rsquo;une journ\u00e9e. En solo ou en duo, ils reprennent, <strong>sous la direction de Ga\u00ebtan Roussel<\/strong>, dans des lieux sublimes ou inattendus de ces villes qui ont accueilli <strong>le Grand Jacques<\/strong>, ces <strong>chansons cultes <\/strong>qu\u2019ils aiment et qui racontent la fragilit\u00e9 de l\u2019homme, l\u2019importance de l\u2019amour et de l\u2019amiti\u00e9, l\u2019urgence de vivre&#8230;<\/p>\n\n\n\n<p class=\"has-text-align-center\"><strong>Photos \u00a9 Denis Tribhou<\/strong><\/p>\n\n\n\n<figure class=\"wp-block-image size-full\"><img loading=\"lazy\" decoding=\"async\" width=\"2656\" height=\"1494\" src=\"https:\/\/www.marcberthoumieux.com\/blog\/wp-content\/uploads\/2023\/10\/Thomas-Dutronc-et-Gaetan-Roussel-aux-repetitions-de-lemission.webp\" alt=\"\" class=\"wp-image-5086\"\/><\/figure>\n\n\n\n<figure class=\"wp-block-image size-large\"><img loading=\"lazy\" decoding=\"async\" width=\"1024\" height=\"576\" src=\"https:\/\/www.marcberthoumieux.com\/blog\/wp-content\/uploads\/2023\/12\/Une-journee-avec-Jacques-Brel\u00a9-Denis-Tribhou-1024x576.jpg\" alt=\"\" class=\"wp-image-5198\" srcset=\"https:\/\/www.marcberthoumieux.com\/blog\/wp-content\/uploads\/2023\/12\/Une-journee-avec-Jacques-Brel\u00a9-Denis-Tribhou-1024x576.jpg 1024w, https:\/\/www.marcberthoumieux.com\/blog\/wp-content\/uploads\/2023\/12\/Une-journee-avec-Jacques-Brel\u00a9-Denis-Tribhou-300x169.jpg 300w, https:\/\/www.marcberthoumieux.com\/blog\/wp-content\/uploads\/2023\/12\/Une-journee-avec-Jacques-Brel\u00a9-Denis-Tribhou-768x432.jpg 768w, https:\/\/www.marcberthoumieux.com\/blog\/wp-content\/uploads\/2023\/12\/Une-journee-avec-Jacques-Brel\u00a9-Denis-Tribhou.jpg 1140w\" sizes=\"auto, (max-width: 1024px) 100vw, 1024px\" \/><\/figure>\n\n\n\n<figure class=\"wp-block-image size-large\"><img loading=\"lazy\" decoding=\"async\" width=\"1024\" height=\"580\" src=\"https:\/\/www.marcberthoumieux.com\/blog\/wp-content\/uploads\/2023\/12\/Une-journee-avec-Brel-27122023-web-1024x580.jpg\" alt=\"\" class=\"wp-image-5181\" srcset=\"https:\/\/www.marcberthoumieux.com\/blog\/wp-content\/uploads\/2023\/12\/Une-journee-avec-Brel-27122023-web-1024x580.jpg 1024w, https:\/\/www.marcberthoumieux.com\/blog\/wp-content\/uploads\/2023\/12\/Une-journee-avec-Brel-27122023-web-300x170.jpg 300w, https:\/\/www.marcberthoumieux.com\/blog\/wp-content\/uploads\/2023\/12\/Une-journee-avec-Brel-27122023-web-768x435.jpg 768w, https:\/\/www.marcberthoumieux.com\/blog\/wp-content\/uploads\/2023\/12\/Une-journee-avec-Brel-27122023-web.jpg 1200w\" sizes=\"auto, (max-width: 1024px) 100vw, 1024px\" \/><\/figure>\n\n\n\n<figure class=\"wp-block-image size-full\"><img loading=\"lazy\" decoding=\"async\" width=\"934\" height=\"572\" src=\"https:\/\/www.marcberthoumieux.com\/blog\/wp-content\/uploads\/2023\/10\/Une-journee-avec-Jacques-Brel22-pour-France-3.png\" alt=\"\" class=\"wp-image-5087\" srcset=\"https:\/\/www.marcberthoumieux.com\/blog\/wp-content\/uploads\/2023\/10\/Une-journee-avec-Jacques-Brel22-pour-France-3.png 934w, https:\/\/www.marcberthoumieux.com\/blog\/wp-content\/uploads\/2023\/10\/Une-journee-avec-Jacques-Brel22-pour-France-3-300x184.png 300w, https:\/\/www.marcberthoumieux.com\/blog\/wp-content\/uploads\/2023\/10\/Une-journee-avec-Jacques-Brel22-pour-France-3-768x470.png 768w\" sizes=\"auto, (max-width: 934px) 100vw, 934px\" \/><\/figure>\n\n\n\n<figure class=\"wp-block-video\"><video height=\"368\" style=\"aspect-ratio: 640 \/ 368;\" width=\"640\" controls src=\"https:\/\/www.marcberthoumieux.com\/blog\/wp-content\/uploads\/2023\/12\/Une-journee-avec-Brel-Teaser.mp4\"><\/video><\/figure>\n\n\n\n<p><a href=\"https:\/\/www.francetvinfo.fr\/culture\/musique\/chanson-francaise\/dans-les-hauts-de-france-thomas-dutronc-gaetan-roussel-ou-encore-nicoletta-chantent-brel-pour-une-emission-tele_5863892.html\">https:\/\/www.francetvinfo.fr\/culture\/musique\/chanson-francaise\/dans-les-hauts-de-france-thomas-dutronc-gaetan-roussel-ou-encore-nicoletta-chantent-brel-pour-une-emission-tele_5863892.html<\/a><\/p>\n\n\n\n<p>Avant premi\u00e8re le 11 d\u00e9cembre 2023 en pr\u00e9sence de Ga\u00ebtan Roussel<\/p>\n\n\n\n<p><a href=\"https:\/\/www.francetelevisions.fr\/et-vous\/mon-offre-fidelite\/communaute-fans-de-culture\/une-journee-avec-jacques-brel-lavant-premiere-21867\">https:\/\/www.francetelevisions.fr\/et-vous\/mon-offre-fidelite\/communaute-fans-de-culture\/une-journee-avec-jacques-brel-lavant-premiere-21867<\/a><\/p>\n\n\n\n<p>Annonce France Bleue<\/p>\n\n\n\n<p><a href=\"https:\/\/www.francebleu.fr\/infos\/medias-people\/une-journee-avec-jacques-brel-mercredi-27-decembre-a-21h10-sur-france-3-4125378\">https:\/\/www.francebleu.fr\/infos\/medias-people\/une-journee-avec-jacques-brel-mercredi-27-decembre-a-21h10-sur-france-3-4125378<\/a><\/p>\n","protected":false},"excerpt":{"rendered":"<p>Participation au tournage de l&rsquo;\u00e9mission en hommage \u00e0 Jacques Brel \u00ab\u00a0Une journ\u00e9e avec Jacques Brel\u00a0\u00bb avec entre autres Thomas Dutronc et Ga\u00ebtan Roussel 1\u00e8re diffusion : 27 d\u00e9cembre 2023 \u00e0 21h10 sur France 3Rediffusions nationales :\u00a010 janvier 2024 &#8211; France 430 octobre 2024 &#8211; France 44 juin 2025 &#8211; France 411 f\u00e9vrier 2026 &#8211; France [&hellip;]<\/p>\n","protected":false},"author":1,"featured_media":5199,"comment_status":"closed","ping_status":"open","sticky":false,"template":"","format":"standard","meta":{"footnotes":""},"categories":[23,69],"tags":[466,465,45,263,464],"class_list":["post-5083","post","type-post","status-publish","format-standard","has-post-thumbnail","hentry","category-06-rencontre-artistique","category-tv","tag-france-3","tag-gaetan-roussel","tag-rocky-gresset","tag-television","tag-thomas-dutronc"],"_links":{"self":[{"href":"https:\/\/www.marcberthoumieux.com\/blog\/wp-json\/wp\/v2\/posts\/5083","targetHints":{"allow":["GET"]}}],"collection":[{"href":"https:\/\/www.marcberthoumieux.com\/blog\/wp-json\/wp\/v2\/posts"}],"about":[{"href":"https:\/\/www.marcberthoumieux.com\/blog\/wp-json\/wp\/v2\/types\/post"}],"author":[{"embeddable":true,"href":"https:\/\/www.marcberthoumieux.com\/blog\/wp-json\/wp\/v2\/users\/1"}],"replies":[{"embeddable":true,"href":"https:\/\/www.marcberthoumieux.com\/blog\/wp-json\/wp\/v2\/comments?post=5083"}],"version-history":[{"count":22,"href":"https:\/\/www.marcberthoumieux.com\/blog\/wp-json\/wp\/v2\/posts\/5083\/revisions"}],"predecessor-version":[{"id":5477,"href":"https:\/\/www.marcberthoumieux.com\/blog\/wp-json\/wp\/v2\/posts\/5083\/revisions\/5477"}],"wp:featuredmedia":[{"embeddable":true,"href":"https:\/\/www.marcberthoumieux.com\/blog\/wp-json\/wp\/v2\/media\/5199"}],"wp:attachment":[{"href":"https:\/\/www.marcberthoumieux.com\/blog\/wp-json\/wp\/v2\/media?parent=5083"}],"wp:term":[{"taxonomy":"category","embeddable":true,"href":"https:\/\/www.marcberthoumieux.com\/blog\/wp-json\/wp\/v2\/categories?post=5083"},{"taxonomy":"post_tag","embeddable":true,"href":"https:\/\/www.marcberthoumieux.com\/blog\/wp-json\/wp\/v2\/tags?post=5083"}],"curies":[{"name":"wp","href":"https:\/\/api.w.org\/{rel}","templated":true}]}}