{"id":5262,"date":"2024-07-17T14:14:08","date_gmt":"2024-07-17T12:14:08","guid":{"rendered":"http:\/\/www.marcberthoumieux.com\/blog\/?p=5262"},"modified":"2024-09-10T11:49:41","modified_gmt":"2024-09-10T09:49:41","slug":"duo-exclusif-avec-vincent-peirani-a-plescop-vannes-56-le-30-aout-2024","status":"publish","type":"post","link":"https:\/\/www.marcberthoumieux.com\/blog\/duo-exclusif-avec-vincent-peirani-a-plescop-vannes-56-le-30-aout-2024\/","title":{"rendered":"Duo exclusif avec Vincent Peirani \u00e0 Plescop (Vannes &#8211; 56) le 30 ao\u00fbt 2024"},"content":{"rendered":"\n<p><\/p>\n\n\n\n<figure class=\"wp-block-image size-large\"><img loading=\"lazy\" decoding=\"async\" width=\"1024\" height=\"819\" src=\"https:\/\/www.marcberthoumieux.com\/blog\/wp-content\/uploads\/2023\/09\/marc-et-vincent-peirani-1024x819.jpg\" alt=\"\" class=\"wp-image-5071\" srcset=\"https:\/\/www.marcberthoumieux.com\/blog\/wp-content\/uploads\/2023\/09\/marc-et-vincent-peirani-1024x819.jpg 1024w, https:\/\/www.marcberthoumieux.com\/blog\/wp-content\/uploads\/2023\/09\/marc-et-vincent-peirani-300x240.jpg 300w, https:\/\/www.marcberthoumieux.com\/blog\/wp-content\/uploads\/2023\/09\/marc-et-vincent-peirani-768x614.jpg 768w, https:\/\/www.marcberthoumieux.com\/blog\/wp-content\/uploads\/2023\/09\/marc-et-vincent-peirani-1536x1229.jpg 1536w, https:\/\/www.marcberthoumieux.com\/blog\/wp-content\/uploads\/2023\/09\/marc-et-vincent-peirani.jpg 1600w\" sizes=\"auto, (max-width: 1024px) 100vw, 1024px\" \/><\/figure>\n\n\n<p class=\"wa_style_jvzt2od71dp1boc100\" style=\"text-align: center;\"><strong>DUO IN\u00c9DIT<\/strong><br \/><strong>MARC BERTHOUMIEUX &#8211; VINCENT PEIRANI<\/strong><br \/><strong>FESTIVAL SAINT-BENO\u00ceT SWING<\/strong><br \/><strong>Vendredi 29 septembre 2023<\/strong><\/p>\n<p><em>Ces solistes incroyables, stars de l\u2019accord\u00e9on jazz avec leurs univers si singuliers, ne se rencontrent pas souvent mais se connaissent et s\u2019admirent depuis longtemps. A de tr\u00e8s rares occasions, ils s\u2019invitent dans leurs groupes respectifs et l\u2019\u00e9change reste un moment pr\u00e9cieux. Cette fois-ci, ils poussent la conversation plus loin. Pour la premi\u00e8re fois, ils se pr\u00e9senteront sur sc\u00e8ne en DUO. Cette rencontre exceptionnelle est le fruit d\u2019une bienveillance r\u00e9ciproque qu\u2019ils se t\u00e9moignent depuis de nombreuses ann\u00e9es. Ayant des carri\u00e8res personnelles bien trac\u00e9es, l\u2019\u00e9v\u00e8nement reste unique et promet d\u2019\u00eatre magique\u2026 A ne pas rater ! \u00bb<\/em><\/p>\n\n<div class=\"wp-block-image\">\n<figure class=\"aligncenter size-large\"><img loading=\"lazy\" decoding=\"async\" width=\"724\" height=\"1024\" src=\"https:\/\/www.marcberthoumieux.com\/blog\/wp-content\/uploads\/2024\/07\/affiche20ans-724x1024.jpg\" alt=\"\" class=\"wp-image-5263\" srcset=\"https:\/\/www.marcberthoumieux.com\/blog\/wp-content\/uploads\/2024\/07\/affiche20ans-724x1024.jpg 724w, https:\/\/www.marcberthoumieux.com\/blog\/wp-content\/uploads\/2024\/07\/affiche20ans-212x300.jpg 212w, https:\/\/www.marcberthoumieux.com\/blog\/wp-content\/uploads\/2024\/07\/affiche20ans-768x1086.jpg 768w, https:\/\/www.marcberthoumieux.com\/blog\/wp-content\/uploads\/2024\/07\/affiche20ans.jpg 842w\" sizes=\"auto, (max-width: 724px) 100vw, 724px\" \/><\/figure>\n<\/div>\n\n\n<p><em>Je suis heureux de vous annoncer les 20 ans de mon Atelier.<\/em><br \/><em>Je vous donne rdv les 30 et 31 Ao\u00fbt au 9, Le petit Kerfuns 56890 Plescop.<\/em><br \/><em>Vendredi et samedi : Portes ouvertes en pr\u00e9sence de Massimo Castagnari, co-directeur et concepteur des Accord\u00e9ons Castagnari.<\/em><br \/><em>&#8211; 5% de r\u00e9duction sur toute la gamme d&rsquo;accord\u00e9ons Castagnari.<\/em><br \/><em>\u00a0<\/em><br \/><em>Vendredi 30 ao\u00fbt\u00a0:<\/em><br \/><em>Stage d&rsquo;accord\u00e9on avec Marc Berthoumieux<\/em><br \/><em>de 9h30 \u00e0 17h00 &#8211; prix : 40\u20ac (repas compris).<\/em><br \/><em>\u00a0<\/em><br \/><em>Samedi 31 Ao\u00fbt \u00a0:\u00a0<\/em><br \/><em>&#8211; Stage d&rsquo;accord\u00e9on avec Ronan Robert et Yannick Noguet<\/em><br \/><em>de 9h30 \u00e0 17h00 &#8211; prix : 40\u20ac (repas compris).<\/em><br \/><em>&#8211; Rencontre avec Vincent Peirani et Marc Berthoumieux<\/em><br \/><em>de 14h \u00e0 17h &#8211; Gratuit.<\/em><br \/><em>Inscription par email : fanch.loric@gmail.com<\/em><br \/><em>\u00a0<\/em><br \/><em>Concert de Vincent Peirani et Marc Berthoumieux Duo<\/em><br \/><em>+ 1\u00e8re partie du duo Yannick Noguet et Ronan Robert.<\/em><br \/><em>19h30 &#8211; Buvette sur place &#8211; Le concert aura lieu dans un cadre champ\u00eatre, merci d&rsquo;apporter de quoi vous asseoir.<\/em><br \/><em>Prix 15\u20ac r\u00e9servation via ce lien :<\/em><br \/><em>https:\/\/www.billetweb.fr\/duo-vincent-peirani-marc-berthoumieux-duo-yannick-noguet-ronan-robert<\/em><br \/><em>ou directement chez Loric Accord\u00e9ons.<\/em><br \/><em>\u00a0<\/em><br \/><em>Au plaisir de vous y voir !!!<\/em><br \/><em>Salutations<\/em><br \/><em>Fanch Loric<\/em><\/p>\n\n\n\n<p><a href=\"https:\/\/www.billetweb.fr\/duo-vincent-peirani-marc-berthoumieux-duo-yannick-noguet-ronan-robert\">https:\/\/www.billetweb.fr\/duo-vincent-peirani-marc-berthoumieux-duo-yannick-noguet-ronan-robert<\/a><\/p>\n\n\n\n<p><a href=\"https:\/\/www.letelegramme.fr\/morbihan\/plescop-56890\/concert-des-accordeonistes-marc-berthoumieux-et-vincent-peirani-le-31-aout-a-plescop-6646995.php?fbclid=IwY2xjawE2ohtleHRuA2FlbQIxMQABHdl56i864E6odfc0JhdmRUv6IlaoC_TeMKx5sKuIa3o4_OhNZQVfQ8tJ8A_aem_cAXNSdDfHt9-ZN7WqvQxZQ\">Article letelegramme.fr<\/a><\/p>\n","protected":false},"excerpt":{"rendered":"<p>DUO IN\u00c9DITMARC BERTHOUMIEUX &#8211; VINCENT PEIRANIFESTIVAL SAINT-BENO\u00ceT SWINGVendredi 29 septembre 2023 Ces solistes incroyables, stars de l\u2019accord\u00e9on jazz avec leurs univers si singuliers, ne se rencontrent pas souvent mais se connaissent et s\u2019admirent depuis longtemps. A de tr\u00e8s rares occasions, ils s\u2019invitent dans leurs groupes respectifs et l\u2019\u00e9change reste un moment pr\u00e9cieux. Cette fois-ci, ils [&hellip;]<\/p>\n","protected":false},"author":1,"featured_media":5071,"comment_status":"closed","ping_status":"open","sticky":false,"template":"","format":"standard","meta":{"footnotes":""},"categories":[3,23],"tags":[142,11,50],"class_list":["post-5262","post","type-post","status-publish","format-standard","has-post-thumbnail","hentry","category-01-concerts","category-06-rencontre-artistique","tag-01-concerts","tag-festival","tag-vincent-peirani"],"_links":{"self":[{"href":"https:\/\/www.marcberthoumieux.com\/blog\/wp-json\/wp\/v2\/posts\/5262","targetHints":{"allow":["GET"]}}],"collection":[{"href":"https:\/\/www.marcberthoumieux.com\/blog\/wp-json\/wp\/v2\/posts"}],"about":[{"href":"https:\/\/www.marcberthoumieux.com\/blog\/wp-json\/wp\/v2\/types\/post"}],"author":[{"embeddable":true,"href":"https:\/\/www.marcberthoumieux.com\/blog\/wp-json\/wp\/v2\/users\/1"}],"replies":[{"embeddable":true,"href":"https:\/\/www.marcberthoumieux.com\/blog\/wp-json\/wp\/v2\/comments?post=5262"}],"version-history":[{"count":3,"href":"https:\/\/www.marcberthoumieux.com\/blog\/wp-json\/wp\/v2\/posts\/5262\/revisions"}],"predecessor-version":[{"id":5278,"href":"https:\/\/www.marcberthoumieux.com\/blog\/wp-json\/wp\/v2\/posts\/5262\/revisions\/5278"}],"wp:featuredmedia":[{"embeddable":true,"href":"https:\/\/www.marcberthoumieux.com\/blog\/wp-json\/wp\/v2\/media\/5071"}],"wp:attachment":[{"href":"https:\/\/www.marcberthoumieux.com\/blog\/wp-json\/wp\/v2\/media?parent=5262"}],"wp:term":[{"taxonomy":"category","embeddable":true,"href":"https:\/\/www.marcberthoumieux.com\/blog\/wp-json\/wp\/v2\/categories?post=5262"},{"taxonomy":"post_tag","embeddable":true,"href":"https:\/\/www.marcberthoumieux.com\/blog\/wp-json\/wp\/v2\/tags?post=5262"}],"curies":[{"name":"wp","href":"https:\/\/api.w.org\/{rel}","templated":true}]}}