{"id":5340,"date":"2025-03-20T20:30:00","date_gmt":"2025-03-20T19:30:00","guid":{"rendered":"http:\/\/www.marcberthoumieux.com\/blog\/?p=5340"},"modified":"2025-04-22T15:02:06","modified_gmt":"2025-04-22T13:02:06","slug":"concert-a-venise-avec-do-montebello-24-mars-2025","status":"publish","type":"post","link":"https:\/\/www.marcberthoumieux.com\/blog\/concert-a-venise-avec-do-montebello-24-mars-2025\/","title":{"rendered":"Concert \u00e0 Venise avec Do Montebello &#8211; 24 mars 2025"},"content":{"rendered":"\n<p>Concert \u00e0 Venise<br \/>\u00ab\u00a0En mars, je mets le cap sur la S\u00e9r\u00e9nissime pour un concert d\u2019hommage \u00e0 la pr\u00e9ciosit\u00e9 de l\u2019eau. Ces temps-ci, mode et modernit\u00e9 obligent, nul ne peut \u00e9chapper au refrain, repris \u00e0 qui mieux mieux, sur l\u2019intelligence artificielle gr\u00e2ce \u00e0 laquelle on nous pr\u00e9dit un saut de g\u00e9ant dans l\u2019aventure d\u2019une nouvelle \u00e8re. Soit !<br \/>Il y a des mondes dans ce monde et mon c\u0153ur, quant \u00e0 lui, vibre pour l\u2019intelligence aquatique, autre IA qui n\u2019en finit pas de r\u00e9v\u00e9ler d\u2019innombrables ressources, sans compter tous les myst\u00e8res dont l\u2019eau est d\u00e9tentrice et qui sont encore m\u00e9connus.<br \/>C\u2019est l\u2019eau prodigieuse, source de vie, que je vais chanter \u00e0 Venise au Th\u00e9\u00e2tre Goldoni le 24 mars 2025 dansle cadre du Festival Aquamour aux c\u00f4t\u00e9s de <strong>Marc Berthoumieux<\/strong> \u00e0 l\u2019accord\u00e9on, <strong>Herv\u00e9 Morisot<\/strong> \u00e0 la guitare, <strong>Ricardo Feij\u00e3o<\/strong> \u00e0 la basse et <strong>Christophe de Oliveira<\/strong> \u00e0 la batterie.<br \/>Chanter la pr\u00e9ciosit\u00e9 de l\u2019eau, c\u2019est chanter la vie.\u00a0\u00bb<br \/><em><strong>Do Montebello<\/strong><\/em><\/p>\n\n\n\n\n\n<figure class=\"wp-block-image size-full\"><img loading=\"lazy\" decoding=\"async\" width=\"800\" height=\"533\" src=\"https:\/\/www.marcberthoumieux.com\/blog\/wp-content\/uploads\/2025\/04\/venise_theatre.jpg\" alt=\"\" class=\"wp-image-5343\" srcset=\"https:\/\/www.marcberthoumieux.com\/blog\/wp-content\/uploads\/2025\/04\/venise_theatre.jpg 800w, https:\/\/www.marcberthoumieux.com\/blog\/wp-content\/uploads\/2025\/04\/venise_theatre-300x200.jpg 300w, https:\/\/www.marcberthoumieux.com\/blog\/wp-content\/uploads\/2025\/04\/venise_theatre-768x512.jpg 768w, https:\/\/www.marcberthoumieux.com\/blog\/wp-content\/uploads\/2025\/04\/venise_theatre-730x485.jpg 730w\" sizes=\"auto, (max-width: 800px) 100vw, 800px\" \/><\/figure>\n\n\n\n<figure class=\"wp-block-image size-full\"><img loading=\"lazy\" decoding=\"async\" width=\"800\" height=\"485\" src=\"https:\/\/www.marcberthoumieux.com\/blog\/wp-content\/uploads\/2025\/04\/venise_theatre_front.jpg\" alt=\"\" class=\"wp-image-5344\" srcset=\"https:\/\/www.marcberthoumieux.com\/blog\/wp-content\/uploads\/2025\/04\/venise_theatre_front.jpg 800w, https:\/\/www.marcberthoumieux.com\/blog\/wp-content\/uploads\/2025\/04\/venise_theatre_front-300x182.jpg 300w, https:\/\/www.marcberthoumieux.com\/blog\/wp-content\/uploads\/2025\/04\/venise_theatre_front-768x466.jpg 768w\" sizes=\"auto, (max-width: 800px) 100vw, 800px\" \/><\/figure>\n\n\n\n<figure class=\"wp-block-image size-large\"><img loading=\"lazy\" decoding=\"async\" width=\"725\" height=\"1024\" src=\"https:\/\/www.marcberthoumieux.com\/blog\/wp-content\/uploads\/2025\/04\/venise_festival_affiche-725x1024.jpg\" alt=\"\" class=\"wp-image-5345\" srcset=\"https:\/\/www.marcberthoumieux.com\/blog\/wp-content\/uploads\/2025\/04\/venise_festival_affiche-725x1024.jpg 725w, https:\/\/www.marcberthoumieux.com\/blog\/wp-content\/uploads\/2025\/04\/venise_festival_affiche-212x300.jpg 212w, https:\/\/www.marcberthoumieux.com\/blog\/wp-content\/uploads\/2025\/04\/venise_festival_affiche-768x1085.jpg 768w, https:\/\/www.marcberthoumieux.com\/blog\/wp-content\/uploads\/2025\/04\/venise_festival_affiche.jpg 892w\" sizes=\"auto, (max-width: 725px) 100vw, 725px\" \/><\/figure>\n","protected":false},"excerpt":{"rendered":"<p>Concert \u00e0 Venise\u00ab\u00a0En mars, je mets le cap sur la S\u00e9r\u00e9nissime pour un concert d\u2019hommage \u00e0 la pr\u00e9ciosit\u00e9 de l\u2019eau. Ces temps-ci, mode et modernit\u00e9 obligent, nul ne peut \u00e9chapper au refrain, repris \u00e0 qui mieux mieux, sur l\u2019intelligence artificielle gr\u00e2ce \u00e0 laquelle on nous pr\u00e9dit un saut de g\u00e9ant dans l\u2019aventure d\u2019une nouvelle \u00e8re. [&hellip;]<\/p>\n","protected":false},"author":1,"featured_media":5343,"comment_status":"closed","ping_status":"open","sticky":false,"template":"","format":"standard","meta":{"footnotes":""},"categories":[3],"tags":[420,142,138,414,412],"class_list":["post-5340","post","type-post","status-publish","format-standard","has-post-thumbnail","hentry","category-01-concerts","tag-christophe-de-oliveira","tag-01-concerts","tag-do-montebello","tag-herve-morisot","tag-ricardo-feijao"],"_links":{"self":[{"href":"https:\/\/www.marcberthoumieux.com\/blog\/wp-json\/wp\/v2\/posts\/5340","targetHints":{"allow":["GET"]}}],"collection":[{"href":"https:\/\/www.marcberthoumieux.com\/blog\/wp-json\/wp\/v2\/posts"}],"about":[{"href":"https:\/\/www.marcberthoumieux.com\/blog\/wp-json\/wp\/v2\/types\/post"}],"author":[{"embeddable":true,"href":"https:\/\/www.marcberthoumieux.com\/blog\/wp-json\/wp\/v2\/users\/1"}],"replies":[{"embeddable":true,"href":"https:\/\/www.marcberthoumieux.com\/blog\/wp-json\/wp\/v2\/comments?post=5340"}],"version-history":[{"count":1,"href":"https:\/\/www.marcberthoumieux.com\/blog\/wp-json\/wp\/v2\/posts\/5340\/revisions"}],"predecessor-version":[{"id":5346,"href":"https:\/\/www.marcberthoumieux.com\/blog\/wp-json\/wp\/v2\/posts\/5340\/revisions\/5346"}],"wp:featuredmedia":[{"embeddable":true,"href":"https:\/\/www.marcberthoumieux.com\/blog\/wp-json\/wp\/v2\/media\/5343"}],"wp:attachment":[{"href":"https:\/\/www.marcberthoumieux.com\/blog\/wp-json\/wp\/v2\/media?parent=5340"}],"wp:term":[{"taxonomy":"category","embeddable":true,"href":"https:\/\/www.marcberthoumieux.com\/blog\/wp-json\/wp\/v2\/categories?post=5340"},{"taxonomy":"post_tag","embeddable":true,"href":"https:\/\/www.marcberthoumieux.com\/blog\/wp-json\/wp\/v2\/tags?post=5340"}],"curies":[{"name":"wp","href":"https:\/\/api.w.org\/{rel}","templated":true}]}}