{"id":5371,"date":"2025-11-06T16:26:35","date_gmt":"2025-11-06T15:26:35","guid":{"rendered":"http:\/\/www.marcberthoumieux.com\/blog\/?p=5371"},"modified":"2025-11-12T12:21:49","modified_gmt":"2025-11-12T11:21:49","slug":"en-concert-avec-anna-ruttar-jazz-a-bures-bures-sur-yvette-le-15-novembre-2025","status":"publish","type":"post","link":"https:\/\/www.marcberthoumieux.com\/blog\/en-concert-avec-anna-ruttar-jazz-a-bures-bures-sur-yvette-le-15-novembre-2025\/","title":{"rendered":"En concert avec Anna Ruttar &#8211; Jazz \u00e0 Bures (Bures sur Yvette) le 15 novembre 2025"},"content":{"rendered":"<div class=\"wp-block-image\">\n<figure class=\"aligncenter size-full\"><img loading=\"lazy\" decoding=\"async\" width=\"1000\" height=\"977\" src=\"https:\/\/www.marcberthoumieux.com\/blog\/wp-content\/uploads\/2025\/11\/Avec-Anna-Ruttar-web.jpg\" alt=\"\" class=\"wp-image-5413\" srcset=\"https:\/\/www.marcberthoumieux.com\/blog\/wp-content\/uploads\/2025\/11\/Avec-Anna-Ruttar-web.jpg 1000w, https:\/\/www.marcberthoumieux.com\/blog\/wp-content\/uploads\/2025\/11\/Avec-Anna-Ruttar-web-300x293.jpg 300w, https:\/\/www.marcberthoumieux.com\/blog\/wp-content\/uploads\/2025\/11\/Avec-Anna-Ruttar-web-768x750.jpg 768w\" sizes=\"auto, (max-width: 1000px) 100vw, 1000px\" \/><\/figure>\n<\/div>\n\n\n<p><strong>Samedi 15 novembre \u00e0 20h30<\/strong><br \/><br \/><strong>Anna Ruttar et Marc Berthoumieux<\/strong><br \/><br \/>Cinqui\u00e8me \u00e9dition de \u00ab Jazz \u00e0 Bures \u00bb, temps fort<br \/>Exclusivement consacr\u00e9 \u00e0 la musique jazz<br \/><br \/>Quand l\u2019\u00e2me slave d\u2019Anna Ruttar, voix envo\u00fbtante et libre exploratrice des sons, croise le lyrisme raffin\u00e9 de l\u2019accord\u00e9oniste Marc Berthoumieux, formidable m\u00e9lodiste et conteur d\u2019histoires hors-pair (Deli Express \/ TSFJazz), une alchimie rare se cr\u00e9e. Les artistes entament un dialogue intime, effa\u00e7ant les fronti\u00e8res, m\u00ealant l\u2019\u00e9lectronique et entra\u00eenant les auditeurs dans un tourbillon de m\u00e9lodies et d\u2019harmonies intemporelles, telles que les aurait r\u00eav\u00e9es Fr\u00e9d\u00e9ric Chopin. <br \/><br \/>Anna Ruttar est chanteuse, pianiste, compositrice. Son univers artistique explore les correspondances entre musique, texte et image. Elle a collabor\u00e9 avec de nombreux artistes issus d\u2019univers tr\u00e8s vari\u00e9s \u2013 jazz, chanson, musique \u00e9lectronique, musique de film, photographie, th\u00e9\u00e2tre \u2013 et particip\u00e9 \u00e0 l\u2019enregistrement de 15 albums studio. Son premier album solo, Heart Made, a \u00e9t\u00e9 distribu\u00e9 par Universal Music.<br \/><br \/>Marc Berthoumieux, musicien incontournable du jazz fran\u00e7ais, a partag\u00e9 la sc\u00e8ne avec Charles Aznavour, Zaz, Harry Belafonte, Patrick Bruel, Maurane, Gilbert B\u00e9caud, Serge Lama, Julien Clerc, Dee Dee Bridgewater, Youn Sun Nah, Claude Nougaro, Richard Bona, Grand Corps Malade\u2026 Compositeur pour la sc\u00e8ne, le cin\u00e9ma et la chanson. \u00c0 travers ces multiples voyages et rencontres musicales, Marc Berthoumieux a forg\u00e9 son art, toujours avec une identit\u00e9 forte et instantan\u00e9ment reconnaissable.<br \/><\/p>\n\n\n<div class=\"wp-block-image\">\n<figure class=\"aligncenter size-large\"><img loading=\"lazy\" decoding=\"async\" width=\"722\" height=\"1024\" src=\"https:\/\/www.marcberthoumieux.com\/blog\/wp-content\/uploads\/2025\/09\/Jazz-a-Bures-2025-avec-Anna-Ruttar-web-722x1024.jpg\" alt=\"\" class=\"wp-image-5375\" srcset=\"https:\/\/www.marcberthoumieux.com\/blog\/wp-content\/uploads\/2025\/09\/Jazz-a-Bures-2025-avec-Anna-Ruttar-web-722x1024.jpg 722w, https:\/\/www.marcberthoumieux.com\/blog\/wp-content\/uploads\/2025\/09\/Jazz-a-Bures-2025-avec-Anna-Ruttar-web-211x300.jpg 211w, https:\/\/www.marcberthoumieux.com\/blog\/wp-content\/uploads\/2025\/09\/Jazz-a-Bures-2025-avec-Anna-Ruttar-web-768x1090.jpg 768w, https:\/\/www.marcberthoumieux.com\/blog\/wp-content\/uploads\/2025\/09\/Jazz-a-Bures-2025-avec-Anna-Ruttar-web-1082x1536.jpg 1082w, https:\/\/www.marcberthoumieux.com\/blog\/wp-content\/uploads\/2025\/09\/Jazz-a-Bures-2025-avec-Anna-Ruttar-web.jpg 1353w\" sizes=\"auto, (max-width: 722px) 100vw, 722px\" \/><\/figure>\n<\/div>\n\n\n<p class=\"has-text-align-center has-white-color has-vivid-cyan-blue-background-color has-text-color has-background has-link-color wp-elements-08ed4c6bc79dfe92f6b7f3854f96a86b\"><a href=\"https:\/\/www.vostickets.fr\/Billet\/FR\/representation-CENTRE_CULTUREL_MARCEL_PAGNOL-30898-0.wb?REFID=9kkAAAAAAAB5AA\" target=\"_blank\" rel=\"noreferrer noopener\"><strong>R\u00c9SERVATIONS<\/strong><\/a><\/p>\n\n\n\n<p style=\"font-weight: 400;\"><span style=\"font-style: inherit; font-weight: inherit;\"><strong>Centre culturel Marcel Pagnol<\/strong><br \/><\/span><span style=\"font-style: inherit; font-weight: inherit;\">Rue Descartes<br \/><\/span><span style=\"font-style: inherit; font-weight: inherit;\">91440 Bures-Sur-Yvette<\/span><\/p>\n<p><strong>20h30 pr\u00e9cises<\/strong><\/p>\n<p>RER B <br \/>Gare \u00ab\u00a0<span style=\"font-style: inherit; font-weight: inherit;\">Bures-Sur-Yvette\u00a0\u00bb <br \/>(<\/span>salle \u00e0 5 mn \u00e0 pied)<\/p>\n\n\n<div class=\"wp-block-image\">\n<figure class=\"aligncenter size-full\"><img loading=\"lazy\" decoding=\"async\" width=\"608\" height=\"747\" src=\"https:\/\/www.marcberthoumieux.com\/blog\/wp-content\/uploads\/2025\/11\/Anna-Ruttar.jpg\" alt=\"\" class=\"wp-image-5410\" srcset=\"https:\/\/www.marcberthoumieux.com\/blog\/wp-content\/uploads\/2025\/11\/Anna-Ruttar.jpg 608w, https:\/\/www.marcberthoumieux.com\/blog\/wp-content\/uploads\/2025\/11\/Anna-Ruttar-244x300.jpg 244w\" sizes=\"auto, (max-width: 608px) 100vw, 608px\" \/><\/figure>\n<\/div>\n\n","protected":false},"excerpt":{"rendered":"<p>Samedi 15 novembre \u00e0 20h30 Anna Ruttar et Marc Berthoumieux Cinqui\u00e8me \u00e9dition de \u00ab Jazz \u00e0 Bures \u00bb, temps fortExclusivement consacr\u00e9 \u00e0 la musique jazz Quand l\u2019\u00e2me slave d\u2019Anna Ruttar, voix envo\u00fbtante et libre exploratrice des sons, croise le lyrisme raffin\u00e9 de l\u2019accord\u00e9oniste Marc Berthoumieux, formidable m\u00e9lodiste et conteur d\u2019histoires hors-pair (Deli Express \/ TSFJazz), [&hellip;]<\/p>\n","protected":false},"author":1,"featured_media":5409,"comment_status":"closed","ping_status":"open","sticky":false,"template":"","format":"standard","meta":{"footnotes":""},"categories":[3,23],"tags":[408,142],"class_list":["post-5371","post","type-post","status-publish","format-standard","has-post-thumbnail","hentry","category-01-concerts","category-06-rencontre-artistique","tag-anna-ruttar","tag-01-concerts"],"_links":{"self":[{"href":"https:\/\/www.marcberthoumieux.com\/blog\/wp-json\/wp\/v2\/posts\/5371","targetHints":{"allow":["GET"]}}],"collection":[{"href":"https:\/\/www.marcberthoumieux.com\/blog\/wp-json\/wp\/v2\/posts"}],"about":[{"href":"https:\/\/www.marcberthoumieux.com\/blog\/wp-json\/wp\/v2\/types\/post"}],"author":[{"embeddable":true,"href":"https:\/\/www.marcberthoumieux.com\/blog\/wp-json\/wp\/v2\/users\/1"}],"replies":[{"embeddable":true,"href":"https:\/\/www.marcberthoumieux.com\/blog\/wp-json\/wp\/v2\/comments?post=5371"}],"version-history":[{"count":10,"href":"https:\/\/www.marcberthoumieux.com\/blog\/wp-json\/wp\/v2\/posts\/5371\/revisions"}],"predecessor-version":[{"id":5418,"href":"https:\/\/www.marcberthoumieux.com\/blog\/wp-json\/wp\/v2\/posts\/5371\/revisions\/5418"}],"wp:featuredmedia":[{"embeddable":true,"href":"https:\/\/www.marcberthoumieux.com\/blog\/wp-json\/wp\/v2\/media\/5409"}],"wp:attachment":[{"href":"https:\/\/www.marcberthoumieux.com\/blog\/wp-json\/wp\/v2\/media?parent=5371"}],"wp:term":[{"taxonomy":"category","embeddable":true,"href":"https:\/\/www.marcberthoumieux.com\/blog\/wp-json\/wp\/v2\/categories?post=5371"},{"taxonomy":"post_tag","embeddable":true,"href":"https:\/\/www.marcberthoumieux.com\/blog\/wp-json\/wp\/v2\/tags?post=5371"}],"curies":[{"name":"wp","href":"https:\/\/api.w.org\/{rel}","templated":true}]}}