{"id":5373,"date":"2025-09-10T20:30:00","date_gmt":"2025-09-10T18:30:00","guid":{"rendered":"http:\/\/www.marcberthoumieux.com\/blog\/?p=5373"},"modified":"2025-09-17T20:31:14","modified_gmt":"2025-09-17T18:31:14","slug":"en-concert-avec-les-freres-nacash-a-la-salle-gaveau-paris-le-10-septembre-2025","status":"publish","type":"post","link":"https:\/\/www.marcberthoumieux.com\/blog\/en-concert-avec-les-freres-nacash-a-la-salle-gaveau-paris-le-10-septembre-2025\/","title":{"rendered":"En concert avec les Fr\u00e8res Nacash \u00e0 la Salle Gaveau &#8211; Paris le 10 septembre 2025"},"content":{"rendered":"<div class=\"wp-block-image\">\n<figure class=\"aligncenter size-large\"><img loading=\"lazy\" decoding=\"async\" width=\"683\" height=\"1024\" src=\"https:\/\/www.marcberthoumieux.com\/blog\/wp-content\/uploads\/2025\/09\/LES-FRERES-NACASH-2025-683x1024.jpg\" alt=\"\" class=\"wp-image-5379\" srcset=\"https:\/\/www.marcberthoumieux.com\/blog\/wp-content\/uploads\/2025\/09\/LES-FRERES-NACASH-2025-683x1024.jpg 683w, https:\/\/www.marcberthoumieux.com\/blog\/wp-content\/uploads\/2025\/09\/LES-FRERES-NACASH-2025-200x300.jpg 200w, https:\/\/www.marcberthoumieux.com\/blog\/wp-content\/uploads\/2025\/09\/LES-FRERES-NACASH-2025-768x1152.jpg 768w, https:\/\/www.marcberthoumieux.com\/blog\/wp-content\/uploads\/2025\/09\/LES-FRERES-NACASH-2025.jpg 1000w\" sizes=\"auto, (max-width: 683px) 100vw, 683px\" \/><\/figure>\n<\/div>\n\n\n<p><em>\u00ab\u00a0Un beau dimanche d\u2019\u00e9t\u00e9\u2026 Je me souviens, il faisait beau ce jour-l\u00e0. On s\u2019est pris dans les bras\u2026 On \u00e9tait tous l\u00e0. Un beau jardin inond\u00e9 de soleil\u2026 Quelques nappes blanches\u2026 C\u2019\u00e9tait un beau dimanche\u2026 Un beau dimanche d\u2019\u00e9t\u00e9\u2026 L\u2019anniversaire de notre p\u00e8re\u2026 \u00c0 travers nos chansons, d\u2019autres qu\u2019il aimait tant, des anecdotes et la musique Malouf, nous allons retracer des moments de sa vie\u2026 Son d\u00e9part de l\u2019Alg\u00e9rie\u2026 Son arriv\u00e9e \u00e0 Paris\u2026 Ses enfants\u2026 Sa femme qu\u2019il a tant et tant aim\u00e9e\u2026 Son appartenance. Une fresque familiale au go\u00fbt et au d\u00e9cor d\u2019une nostalgie ensoleill\u00e9e.\u00a0\u00bb<\/em><br \/><br \/>Les artistes :<br \/><strong>Fr\u00e9d\u00e9ric Degr\u00e9<\/strong> \u2022 batterie<br \/><strong>Hary Gofin<\/strong> \u2022 basse<br \/><strong>Arnaud Franck<\/strong> \u2022 percussions<br \/><strong>Eddy Malka<\/strong> \u2022 piano et clavier<br \/><strong>Franck Amselli<\/strong> \u2022 guitare et direction musicale<br \/><strong>Miguel Callaber<\/strong> \u2022 guitare flamenco et chant<br \/><strong>Farhat Abid<\/strong> \u2022 violon<br \/><strong>Christian Richard<\/strong> \u2022 mandoline<br \/><strong>Marc Berthoumieux<\/strong> \u2022 accord\u00e9on<br \/><strong>Marc Nakache, Norbert Nakache, Claude Nakache<\/strong> \u2022 chant<br \/>+ Invit\u00e9es :<br \/><strong>Martine Nakache<\/strong> et <strong>Amina Karadja<\/strong> \u2022 chant<\/p>\n\n\n\n\n","protected":false},"excerpt":{"rendered":"<p>\u00ab\u00a0Un beau dimanche d\u2019\u00e9t\u00e9\u2026 Je me souviens, il faisait beau ce jour-l\u00e0. On s\u2019est pris dans les bras\u2026 On \u00e9tait tous l\u00e0. Un beau jardin inond\u00e9 de soleil\u2026 Quelques nappes blanches\u2026 C\u2019\u00e9tait un beau dimanche\u2026 Un beau dimanche d\u2019\u00e9t\u00e9\u2026 L\u2019anniversaire de notre p\u00e8re\u2026 \u00c0 travers nos chansons, d\u2019autres qu\u2019il aimait tant, des anecdotes et la [&hellip;]<\/p>\n","protected":false},"author":1,"featured_media":5379,"comment_status":"closed","ping_status":"open","sticky":false,"template":"","format":"standard","meta":{"footnotes":""},"categories":[3],"tags":[506,494,504,501,142,503,498,496,492,493,499,505,497,500],"class_list":["post-5373","post","type-post","status-publish","format-standard","has-post-thumbnail","hentry","category-01-concerts","tag-amina-karadja","tag-arnaud-franck","tag-christian-richard","tag-claude-nakache","tag-01-concerts","tag-eddy-malka","tag-farhat-abid","tag-franck-amselli","tag-frederic-degre","tag-hary-gofin","tag-marc-nakache","tag-martine-nakache","tag-miguel-callaber","tag-norbert-nakache"],"_links":{"self":[{"href":"https:\/\/www.marcberthoumieux.com\/blog\/wp-json\/wp\/v2\/posts\/5373","targetHints":{"allow":["GET"]}}],"collection":[{"href":"https:\/\/www.marcberthoumieux.com\/blog\/wp-json\/wp\/v2\/posts"}],"about":[{"href":"https:\/\/www.marcberthoumieux.com\/blog\/wp-json\/wp\/v2\/types\/post"}],"author":[{"embeddable":true,"href":"https:\/\/www.marcberthoumieux.com\/blog\/wp-json\/wp\/v2\/users\/1"}],"replies":[{"embeddable":true,"href":"https:\/\/www.marcberthoumieux.com\/blog\/wp-json\/wp\/v2\/comments?post=5373"}],"version-history":[{"count":4,"href":"https:\/\/www.marcberthoumieux.com\/blog\/wp-json\/wp\/v2\/posts\/5373\/revisions"}],"predecessor-version":[{"id":5385,"href":"https:\/\/www.marcberthoumieux.com\/blog\/wp-json\/wp\/v2\/posts\/5373\/revisions\/5385"}],"wp:featuredmedia":[{"embeddable":true,"href":"https:\/\/www.marcberthoumieux.com\/blog\/wp-json\/wp\/v2\/media\/5379"}],"wp:attachment":[{"href":"https:\/\/www.marcberthoumieux.com\/blog\/wp-json\/wp\/v2\/media?parent=5373"}],"wp:term":[{"taxonomy":"category","embeddable":true,"href":"https:\/\/www.marcberthoumieux.com\/blog\/wp-json\/wp\/v2\/categories?post=5373"},{"taxonomy":"post_tag","embeddable":true,"href":"https:\/\/www.marcberthoumieux.com\/blog\/wp-json\/wp\/v2\/tags?post=5373"}],"curies":[{"name":"wp","href":"https:\/\/api.w.org\/{rel}","templated":true}]}}