{"id":5420,"date":"2025-11-20T15:43:52","date_gmt":"2025-11-20T14:43:52","guid":{"rendered":"http:\/\/www.marcberthoumieux.com\/blog\/?p=5420"},"modified":"2025-11-20T16:35:28","modified_gmt":"2025-11-20T15:35:28","slug":"dans-la-famille-berthoumieux-on-prend-la-soeur-viviane-berthoumieux","status":"publish","type":"post","link":"https:\/\/www.marcberthoumieux.com\/blog\/dans-la-famille-berthoumieux-on-prend-la-soeur-viviane-berthoumieux\/","title":{"rendered":"Dans la famille Berthoumieux, on prend la soeur&#8230; Viviane Berthoumieux"},"content":{"rendered":"\n<p><strong>Dans la famille Berthoumieux, on prend la soeur&#8230; Viviane Berthoumieux en concert le 22 novembre 2025 \u00e0 Ch\u00e2teau Rouge (Annemasse &#8211; 74)<\/strong><\/p>\n<p><strong>Patrice, Marc, Viviane, Gilles et Franck Berthoumieux.<\/strong>&nbsp;<br \/>Tous les fr\u00e8res et la soeur ont \u00e9t\u00e9 initi\u00e9s \u00e0 la musique d\u00e8s leur plus jeune \u00e2ge. C&rsquo;\u00e9tait m\u00eame une mati\u00e8re obligatoire dans la famille. Sur les cinq enfants, quatre en on fait leur m\u00e9tier, une belle r\u00e9ussite.&nbsp;<\/p>\n<p>Un article dans la rubrique \u00ab\u00a0<strong>Gens <span class=\"s1\">de <\/span>Juvigny<\/strong>\u00a0\u00bb de la revue <strong>Juvigny INFO<\/strong> (74 &#8211; Hte Savoie) parue en ce mois de novembre 2025, ma soeur Viviane est mise \u00e0 l&rsquo;honneur.<\/p>\n\n\n\n<figure class=\"wp-block-image size-large\"><img loading=\"lazy\" decoding=\"async\" width=\"1024\" height=\"768\" src=\"https:\/\/www.marcberthoumieux.com\/blog\/wp-content\/uploads\/2025\/11\/Viviane-Berthoumieux-2025-web-1024x768.jpg\" alt=\"\" class=\"wp-image-5421\" srcset=\"https:\/\/www.marcberthoumieux.com\/blog\/wp-content\/uploads\/2025\/11\/Viviane-Berthoumieux-2025-web-1024x768.jpg 1024w, https:\/\/www.marcberthoumieux.com\/blog\/wp-content\/uploads\/2025\/11\/Viviane-Berthoumieux-2025-web-300x225.jpg 300w, https:\/\/www.marcberthoumieux.com\/blog\/wp-content\/uploads\/2025\/11\/Viviane-Berthoumieux-2025-web-768x576.jpg 768w, https:\/\/www.marcberthoumieux.com\/blog\/wp-content\/uploads\/2025\/11\/Viviane-Berthoumieux-2025-web.jpg 1250w\" sizes=\"auto, (max-width: 1024px) 100vw, 1024px\" \/><\/figure>\n\n\n\n<p>Elle et son groupe vocal seront sur la sc\u00e8ne de <strong>Ch\u00e2teau Rouge \u00e0 Annemasse<\/strong> le 22 novembre 2025 dans le cadre des <strong>Nuits de Massala<\/strong><\/p>\n<p style=\"text-align: center;\"><a href=\"https:\/\/www.chateau-rouge.net\/spectacle\/les-nuits-massala-6\/?utm_source=cr&amp;utm_medium=fly&amp;utm_id=les-nuits-massala-6\" target=\"_blank\" rel=\"noopener\">Infos et r\u00e9servations ici<\/a><\/p>\n\n\n\n<figure class=\"wp-block-image size-large\"><img loading=\"lazy\" decoding=\"async\" width=\"1024\" height=\"682\" src=\"https:\/\/www.marcberthoumieux.com\/blog\/wp-content\/uploads\/2025\/11\/A-Travers-Chants-de-Juvigny-1024x682.webp\" alt=\"\" class=\"wp-image-5435\" srcset=\"https:\/\/www.marcberthoumieux.com\/blog\/wp-content\/uploads\/2025\/11\/A-Travers-Chants-de-Juvigny-1024x682.webp 1024w, https:\/\/www.marcberthoumieux.com\/blog\/wp-content\/uploads\/2025\/11\/A-Travers-Chants-de-Juvigny-300x200.webp 300w, https:\/\/www.marcberthoumieux.com\/blog\/wp-content\/uploads\/2025\/11\/A-Travers-Chants-de-Juvigny-768x512.webp 768w, https:\/\/www.marcberthoumieux.com\/blog\/wp-content\/uploads\/2025\/11\/A-Travers-Chants-de-Juvigny-1536x1024.webp 1536w, https:\/\/www.marcberthoumieux.com\/blog\/wp-content\/uploads\/2025\/11\/A-Travers-Chants-de-Juvigny-730x485.webp 730w, https:\/\/www.marcberthoumieux.com\/blog\/wp-content\/uploads\/2025\/11\/A-Travers-Chants-de-Juvigny.webp 1772w\" sizes=\"auto, (max-width: 1024px) 100vw, 1024px\" \/><\/figure>\n\n\n\n<p><strong>Ensemble vocal \u00ab&nbsp;\u00c0 Travers Chants&nbsp;\u00bb de Juvigny<br \/><\/strong>La chorale \u00ab&nbsp;\u00c0 Travers Chants&nbsp;\u00bb r\u00e9side depuis 20 ans \u00e0 Juvigny. Compos\u00e9e d\u2019une soixantaine de choristes, elle est \u00e0 la fois dynamique et joyeuse. Son r\u00e9pertoire, principalement ax\u00e9 sur la chanson fran\u00e7aise, s\u2019ouvre \u00e9galement \u00e0 des chants en d\u2019autres langues.<br \/>Sous la direction de Viviane Berthoumieux, qui signe \u00e9galement les arrangements, l\u2019ensemble vocal interpr\u00e8te des chants qui peuvent \u00eatre engag\u00e9s, \u00e9mouvants, inspirants et parfois dr\u00f4les<\/p>\n\n\n\n<hr class=\"wp-block-separator has-alpha-channel-opacity\"\/>\n\n\n\n<p>Article \u00ab\u00a0<strong>Gens de Juvigny<\/strong>\u00a0\u00bb <br \/>(Revue <strong>Juvigny INFO<\/strong> &#8211; Novembre 2025 &#8211; page 10)<\/p>\n\n\n\n<p><strong>Viviane BERTHOUMIEUX, cheffe du Ch\u0153ur \u00ab A travers Chants \u00bb de Juvigny<\/strong><\/p>\n\n\n\n<div class=\"wp-block-group\"><div class=\"wp-block-group__inner-container is-layout-constrained wp-block-group-is-layout-constrained\">\n<p>Native de Bons en Chablais (74 &#8211; Hte Savoie), de parents m\u00e9lomanes, d\u00e9sireux que leurs enfants apprennent la musique et rejoignent l\u2019harmonie municipale, Viviane a pris tr\u00e8s t\u00f4t des cours de saxophone et de piano. A 14 ans, elle est rentr\u00e9e dans les rangs de la fanfare ainsi que ses 4 fr\u00e8res, passage obligatoire quand on s\u2019appelle Berthoumieux. Certains des enfants \u00e9taient passionn\u00e9s par le Jazz ou par la musique qui permettaient de danser dans les bals, une grande tradition fran\u00e7aise\u2026 En effet, dans les ann\u00e9es 80, il y avait des bals tous les samedis dans les villages alentours.<br \/>Viviane \u00e9tait plut\u00f4t tourn\u00e9e vers l\u2019enseignement et c\u2019est ainsi qu\u2019elle a donn\u00e9 ses premiers cours \u00e0 15 ans : formation musicale et enseignement du saxophone. Vers 16, 17 ans, elle chantait d\u00e9j\u00e0 en chorale et continuait \u00e0 enseigner. Petit \u00e0 petit, elle s\u2019est int\u00e9ress\u00e9e \u00e0 la direction de choeur et d\u2019harmonie et s\u2019est form\u00e9e \u00e0 pas mal de pratiques li\u00e9es \u00e0 la musique : chants, divers instruments, percussions\u2026<br \/>Elle a particip\u00e9 \u00e0 la cr\u00e9ation de diff\u00e9rents spectacles et groupes musicaux : choeur d\u2019ados, ensembles instrumentaux comme le quatuor de saxophones \u00ab Cat\u2019Sax \u00bb dans lequel elle a jou\u00e9 plusieurs ann\u00e9es .<\/p>\n\n\n\n<p>En 2002, elle se forme \u00e0 la relation d\u2019aide. La musique est devenue naturellement un outil pour ce travail. Son cheminement musical s\u2019est poursuivi vers une formation en musicoth\u00e9rapie, puis en sonoth\u00e9rapie (th\u00e9rapie par le son). Elle utilise pour cela, entre autres, les bols chantants tib\u00e9tains.<br \/>En 2005, Viviane commence \u00e0 intervenir en \u00e9tablissements de soins, en animant des ateliers de musicoth\u00e9rapie pour des personnes \u00e2g\u00e9es et un public touch\u00e9 par des addictions. En parall\u00e8le, et apr\u00e8s s\u2019\u00eatre form\u00e9e, elle enseigne aussi la musique aux personnes avec autisme.<\/p>\n\n\n\n<p>En 2006 est cr\u00e9\u00e9 le choeur : \u00ab \u00c0 Travers Chants \u00bb de Juvigny. Une bande de copains qui avaient envie de chanter ont exprim\u00e9 leur souhait \u00e0 Viviane.Elle a relev\u00e9 le d\u00e9fi tr\u00e8s spontan\u00e9ment et l\u2019aventure chantante a d\u00e9but\u00e9. Tr\u00e9s vite, une quarantaine de choristes ont adh\u00e9r\u00e9 au projet et cela fera 20 ans que cette belle histoire perdure. 60 chanteurs se retrouvent aujourd\u2019hui, r\u00e9partis en 4 pupitres : les sopranos, altos, t\u00e9nors et basses.<br \/>Dans la famille de Viviane , la musique se transmet de g\u00e9n\u00e9rations en g\u00e9n\u00e9rations puisque ses 4 enfants ont aussi un parcours dans ce domaine et Louis, le plus jeune, accompagne le choeur \u00ab \u00c0 Travers Chants \u00bb avec sa guitare basse.<\/p>\n\n\n\n<p>Apr\u00e8s 15 ann\u00e9es de trajet pour diriger ce groupe vocal, le jeudi soir \u00e0 la salle communale, une opportunit\u00e9 a fait que Viviane est venue s\u2019installer \u00e0 deux pas du lieu de r\u00e9p\u00e9tition avec sa compagne, choriste du choeur \u00ab \u00c0 Travers Chants \u00bb.<br \/>Quelle chance pour le village de b\u00e9n\u00e9ficier d\u2019une cheffe aussi talentueuse, exigeante, rigoureuse et passionn\u00e9e, fi\u00e8re de pouvoir donner de la joie et partager de la bonne humeur !<br \/>Viviane choisit les chants comme des coups de c\u0153ur. Elle dit m\u00eame que ce sont eux qui la choisissent. Elle se les approprie et les arrange pour en faire des petits bijoux, porteurs d\u2019\u00e9motions, des m\u00e9lodies du monde entier, parfois dr\u00f4les, enjou\u00e9es, engag\u00e9es, inspirantes\u2026<\/p>\n\n\n\n<p>Chaque ann\u00e9e au printemps, vous pouvez aller \u00e9couter le concert qui cl\u00f4ture la saison. L\u2019\u00e9glise de Juvigny \u00e9tant devenue trop petite pour accueillir le public, le Choeur se produit au Villatorium de Ville-la-Grand et \u00e9galement le dernier jeudi de l\u2019ann\u00e9e chantante, au mois de Juin, pour f\u00eater la musique, dans le \u00ab th\u00e9\u00e2tre de verdure \u00bb de Juvigny derri\u00e8re l\u2019\u00e9glise.<\/p>\n\n\n\n<p>\u00ab \u00c0 Travers Chants \u00bb chante aussi pour des associations caritatives ou \u00e0 la demande de chorales ou associations .<br \/>Ainsi, la chorale s\u2019est d\u00e9plac\u00e9e \u00e0 Yvoire le samedi 4 octobre pour donner un concert en faveur de 2 associations \u00ab Le petit monde d\u2019Ugo \u00bb et \u00ab Les \u00e9toiles de Ma\u00ebl \u00bb. Cette soir\u00e9e a enthousiasm\u00e9 le public venu nombreux et \u00e9mu les choristes.<\/p>\n\n\n\n<p>Le dimanche 16 novembre, le groupe sera \u00e0 Nangy puis <strong>le 22 novembre, c\u2019est \u00e0 Ch\u00e2teau Rouge qu\u2019il participera aux \u00ab\u00a0Nuits Massala\u00a0\u00bb<\/strong>. Un honneur pour le choeur \u00ab \u00c0 Travers Chants \u00bb d\u2019\u00eatre sollicit\u00e9 pour chanter lors cette soir\u00e9e en forme de festival de poche : une nuit de voyage de 18h \u00e0 minuit o\u00f9 le public trouvera de la cuisine du monde, des groupes musicaux, des chanteuses et la chorale .<\/p>\n\n\n\n<p>Ces diff\u00e9rents concerts sont une mani\u00e8re de commencer \u00e0 c\u00e9l\u00e9brer les 20 ans de l\u2019ensemble vocal \u00ab \u00c0 Travers Chants \u00bb qui arrivent \u00e0 grands pas.<br \/>Juvigny, plus petit village de l\u2019agglo est fier de ses associations et de l\u2019enthousiasme des habitants \u00e0 participer \u00e0 la vie de la commune.<\/p>\n\n\n\n<p>Merci \u00e0 Viviane pour ses choix de vie qui ont permis cet aboutissement, une association dynamique, qui fait des heureux ici et ailleurs !<\/p>\n\n\n\n<hr class=\"wp-block-separator has-alpha-channel-opacity\"\/>\n<\/div><\/div>\n\n\n\n<p><a href=\"https:\/\/www.marcberthoumieux.com\/blog\/realisation-du-nouvel-album-de-do-montebello-b-o-paradiso-sortie-le-3-mai-2024\/\">On retrouve Viviane en cheffe de choeur pour un titre dans le nouvel album de Do Montebello \u00ab\u00a0B.O Paradiso\u00a0\u00bb qu&rsquo;a r\u00e9alis\u00e9 son fr\u00e8re Marc en 2024<\/a><\/p>\n\n\n\n\n","protected":false},"excerpt":{"rendered":"<p>Dans la famille Berthoumieux, on prend la soeur&#8230; Viviane Berthoumieux en concert le 22 novembre 2025 \u00e0 Ch\u00e2teau Rouge (Annemasse &#8211; 74) Patrice, Marc, Viviane, Gilles et Franck Berthoumieux.&nbsp;Tous les fr\u00e8res et la soeur ont \u00e9t\u00e9 initi\u00e9s \u00e0 la musique d\u00e8s leur plus jeune \u00e2ge. C&rsquo;\u00e9tait m\u00eame une mati\u00e8re obligatoire dans la famille. Sur les [&hellip;]<\/p>\n","protected":false},"author":1,"featured_media":5421,"comment_status":"closed","ping_status":"open","sticky":false,"template":"","format":"standard","meta":{"footnotes":""},"categories":[106,4],"tags":[386,387,516,385],"class_list":["post-5420","post","type-post","status-publish","format-standard","has-post-thumbnail","hentry","category-autres","category-07-presse","tag-franck-berthoumieux","tag-gilles-berthoumieux","tag-patrice-berthoumieux","tag-viviane-berthoumieux"],"_links":{"self":[{"href":"https:\/\/www.marcberthoumieux.com\/blog\/wp-json\/wp\/v2\/posts\/5420","targetHints":{"allow":["GET"]}}],"collection":[{"href":"https:\/\/www.marcberthoumieux.com\/blog\/wp-json\/wp\/v2\/posts"}],"about":[{"href":"https:\/\/www.marcberthoumieux.com\/blog\/wp-json\/wp\/v2\/types\/post"}],"author":[{"embeddable":true,"href":"https:\/\/www.marcberthoumieux.com\/blog\/wp-json\/wp\/v2\/users\/1"}],"replies":[{"embeddable":true,"href":"https:\/\/www.marcberthoumieux.com\/blog\/wp-json\/wp\/v2\/comments?post=5420"}],"version-history":[{"count":10,"href":"https:\/\/www.marcberthoumieux.com\/blog\/wp-json\/wp\/v2\/posts\/5420\/revisions"}],"predecessor-version":[{"id":5441,"href":"https:\/\/www.marcberthoumieux.com\/blog\/wp-json\/wp\/v2\/posts\/5420\/revisions\/5441"}],"wp:featuredmedia":[{"embeddable":true,"href":"https:\/\/www.marcberthoumieux.com\/blog\/wp-json\/wp\/v2\/media\/5421"}],"wp:attachment":[{"href":"https:\/\/www.marcberthoumieux.com\/blog\/wp-json\/wp\/v2\/media?parent=5420"}],"wp:term":[{"taxonomy":"category","embeddable":true,"href":"https:\/\/www.marcberthoumieux.com\/blog\/wp-json\/wp\/v2\/categories?post=5420"},{"taxonomy":"post_tag","embeddable":true,"href":"https:\/\/www.marcberthoumieux.com\/blog\/wp-json\/wp\/v2\/tags?post=5420"}],"curies":[{"name":"wp","href":"https:\/\/api.w.org\/{rel}","templated":true}]}}