{"id":854,"date":"2014-02-28T16:21:56","date_gmt":"2014-02-28T15:21:56","guid":{"rendered":"http:\/\/www.marcberthoumieux.com\/blog\/?p=854"},"modified":"2021-08-08T20:14:13","modified_gmt":"2021-08-08T18:14:13","slug":"en-concert-avec-joel-favreau-a-sarlat-et-tregunc","status":"publish","type":"post","link":"https:\/\/www.marcberthoumieux.com\/blog\/en-concert-avec-joel-favreau-a-sarlat-et-tregunc\/","title":{"rendered":"En concert avec JOEL FAVREAU \u00e0 Sarlat le 4 et Tregunc le 28 f\u00e9vrier 2014"},"content":{"rendered":"<p style=\"text-align: center;\"><strong>En concert avec JOEL FAVREAU <\/strong><\/p>\n<p style=\"text-align: center;\"><strong>\u00e0 Sarlat le 4 f\u00e9vrier 2014<\/strong><\/p>\n<p style=\"text-align: center;\"><strong>et Tregunc le 28 f\u00e9vrier 2014<\/strong><\/p>\n<p style=\"text-align: center;\"><strong>Spectacle \u00abSALUT BRASSENS\u00bb<\/strong><\/p>\n<p>\u00ab\u00a0Brassens, Jo\u00ebl le conna\u00eet musicalement de l&rsquo;int\u00e9rieur\u00a0\u00bb<br \/>(Maxime Le Forestier)<\/p>\n<p>Peut-on encore surprendre en reprenant du Brassens ?<br \/>Oui ! prouve Joel Favreau qui tint douze ans durant la deuxi\u00e8me guitare \u00e0 l&rsquo;ombre du manche du ma\u00eetre.<br \/>Aiguillon\u00e9 avec rudesse par Le Forestier (\u00ab\u00a0Ecoute, tu nous emmerdes avec ta deuxi\u00e8me guitare. Est-ce que tu vas enfin te d\u00e9cider \u00e0 chanter ?&#8230;), Favreau qui a d\u00e9j\u00e0 publi\u00e9 ses propres chansons ose enfin chanter Brassens.<br \/>Et c&rsquo;est superbe : la voix est chaude et bien timbr\u00e9e, l&rsquo;articulation exemplaire. La guitare alerte et l&rsquo;accord\u00e9on qui lui r\u00e9pond, celui de Jean-Jacques Franchin, rendent ensemble justice \u00e0 une musicalit\u00e9 que les po-pom po-pom de la version d&rsquo;origine r\u00e9duisaient au minimalisme : et c&rsquo;est enthousiasmant ! (Anne-Marie Paquotte &#8211; T\u00e9l\u00e9rama)<\/p>\n<p>Apr\u00e8s dix ans de complicit\u00e9 avec son accord\u00e9oniste Jean Jacques Franchin r\u00e9cemment disparu, Marc Berthoumieux reprend le flambeau pour une s\u00e9rie de concerts en 2011-2012-2013.<\/p>\n<p style=\"text-align: center;\">Tout sur :\u00a0<a href=\"http:\/\/www.joelfavreau.com\" target=\"_blank\" rel=\"noopener noreferrer\">http:\/\/www.joelfavreau.com<\/a>\u00a0<\/p>\n<p style=\"text-align: center;\">\u00a0<\/p>\n<p>&nbsp;<\/p>\n<p style=\"text-align: center;\"><strong>Vid\u00e9o avec Jo\u00ebl Favreau<\/strong><\/p>\n<p>&nbsp;<\/p>\n<p><strong>\u00a0<\/strong><a href=\"https:\/\/www.marcberthoumieux.com\/blog\/en-concert-avec-joel-favreau-le-7-septembre-a-st-brieuc\/saint-cloud-concert-hommage-a-georges-brassens\/\" rel=\"attachment wp-att-488\"><img loading=\"lazy\" decoding=\"async\" class=\"aligncenter size-full wp-image-488\" alt=\"Saint-Cloud: concert hommage \u00e0 Georges Brassens\" src=\"https:\/\/www.marcberthoumieux.com\/blog\/wp-content\/uploads\/2013\/08\/Joel-Favreau-et-Marc-web.jpg\" width=\"800\" height=\"533\" srcset=\"https:\/\/www.marcberthoumieux.com\/blog\/wp-content\/uploads\/2013\/08\/Joel-Favreau-et-Marc-web.jpg 800w, https:\/\/www.marcberthoumieux.com\/blog\/wp-content\/uploads\/2013\/08\/Joel-Favreau-et-Marc-web-300x200.jpg 300w, https:\/\/www.marcberthoumieux.com\/blog\/wp-content\/uploads\/2013\/08\/Joel-Favreau-et-Marc-web-768x512.jpg 768w, https:\/\/www.marcberthoumieux.com\/blog\/wp-content\/uploads\/2013\/08\/Joel-Favreau-et-Marc-web-730x485.jpg 730w\" sizes=\"auto, (max-width: 800px) 100vw, 800px\" \/><\/a><\/p>\n","protected":false},"excerpt":{"rendered":"<p>En concert avec JOEL FAVREAU \u00e0 Sarlat le 4 f\u00e9vrier 2014 et Tregunc le 28 f\u00e9vrier 2014 Spectacle \u00abSALUT BRASSENS\u00bb \u00ab\u00a0Brassens, Jo\u00ebl le conna\u00eet musicalement de l&rsquo;int\u00e9rieur\u00a0\u00bb(Maxime Le Forestier) Peut-on encore surprendre en reprenant du Brassens ?Oui ! prouve Joel Favreau qui tint douze ans durant la deuxi\u00e8me guitare \u00e0 l&rsquo;ombre du manche du ma\u00eetre.Aiguillon\u00e9 [&hellip;]<\/p>\n","protected":false},"author":1,"featured_media":249,"comment_status":"closed","ping_status":"open","sticky":false,"template":"","format":"standard","meta":{"footnotes":""},"categories":[3],"tags":[142,42],"class_list":["post-854","post","type-post","status-publish","format-standard","has-post-thumbnail","hentry","category-01-concerts","tag-01-concerts","tag-joel-favreau"],"_links":{"self":[{"href":"https:\/\/www.marcberthoumieux.com\/blog\/wp-json\/wp\/v2\/posts\/854","targetHints":{"allow":["GET"]}}],"collection":[{"href":"https:\/\/www.marcberthoumieux.com\/blog\/wp-json\/wp\/v2\/posts"}],"about":[{"href":"https:\/\/www.marcberthoumieux.com\/blog\/wp-json\/wp\/v2\/types\/post"}],"author":[{"embeddable":true,"href":"https:\/\/www.marcberthoumieux.com\/blog\/wp-json\/wp\/v2\/users\/1"}],"replies":[{"embeddable":true,"href":"https:\/\/www.marcberthoumieux.com\/blog\/wp-json\/wp\/v2\/comments?post=854"}],"version-history":[{"count":6,"href":"https:\/\/www.marcberthoumieux.com\/blog\/wp-json\/wp\/v2\/posts\/854\/revisions"}],"predecessor-version":[{"id":3852,"href":"https:\/\/www.marcberthoumieux.com\/blog\/wp-json\/wp\/v2\/posts\/854\/revisions\/3852"}],"wp:featuredmedia":[{"embeddable":true,"href":"https:\/\/www.marcberthoumieux.com\/blog\/wp-json\/wp\/v2\/media\/249"}],"wp:attachment":[{"href":"https:\/\/www.marcberthoumieux.com\/blog\/wp-json\/wp\/v2\/media?parent=854"}],"wp:term":[{"taxonomy":"category","embeddable":true,"href":"https:\/\/www.marcberthoumieux.com\/blog\/wp-json\/wp\/v2\/categories?post=854"},{"taxonomy":"post_tag","embeddable":true,"href":"https:\/\/www.marcberthoumieux.com\/blog\/wp-json\/wp\/v2\/tags?post=854"}],"curies":[{"name":"wp","href":"https:\/\/api.w.org\/{rel}","templated":true}]}}