{"id":867,"date":"2014-04-05T16:47:41","date_gmt":"2014-04-05T14:47:41","guid":{"rendered":"http:\/\/www.marcberthoumieux.com\/blog\/?p=867"},"modified":"2021-08-08T20:14:13","modified_gmt":"2021-08-08T18:14:13","slug":"en-invite-de-manu-le-prince-au-petit-journal-montparnasse-le-5-avril-2014","status":"publish","type":"post","link":"https:\/\/www.marcberthoumieux.com\/blog\/en-invite-de-manu-le-prince-au-petit-journal-montparnasse-le-5-avril-2014\/","title":{"rendered":"En invit\u00e9 de Manu le Prince au Petit Journal Montparnasse le 5 avril 2014"},"content":{"rendered":"<p><span style=\"font-size: medium;\">En invit\u00e9 de Manu le Prince au Petit Journal Montparnasse le 5 avril 2014 \u00e0 21H30<\/span><\/p>\n<p><span style=\"font-size: medium;\">pour la pr\u00e9sentation de son dernier album<\/span><span style=\"font-size: medium;\">\u00a0<\/span><\/p>\n<h1><span style=\"font-size: medium;\">BOSSAJAZZ FOR EVER \u2013 MANU LE PRINCE INVITE L\u2019ACCORDEONISTE MARC BERTHOUMIEUX<\/span><\/h1>\n<p><span style=\"font-size: medium;\">\u00a0<\/span><\/p>\n<p><span style=\"font-size: medium;\">Fian\u00e7ailles entre jazz bossa.<\/span><\/p>\n<p><span style=\"font-size: medium;\">De sa belle voix , fluide et chaude, capable de descendre dans les graves, la chanteuse qui partage sa vie entre Paris et Rio rend, dans son dernier album, un vibrant hommage au compositeur Johnny Alf, pionnier du mouvement Nouvelle Vague rest\u00e9 dans l\u2019ombre de la trinit\u00e9 Jobim-Gilberto-Vinicius. Voyage musical pour Rio au Petit Journal, avec en guests l\u2019excellent Marc Berthoumieux \u00e0 l\u2019accord\u00e9on.<\/span><\/p>\n<p><span style=\"font-size: large;\">Manu Le Prince (vocal),\u00a0<\/span><\/p>\n<p><span style=\"font-size: large;\">Featuring :<\/span><\/p>\n<p><span style=\"font-size: large;\">Julian LE PRINCE CAETANO (piano)<\/span><\/p>\n<p><span style=\"font-size: large;\">Rubinho ANTUNES (trompette)<\/span><\/p>\n<p><span style=\"font-size: large;\">Acelino DE PAULA (contrebasse)\u00a0<\/span><\/p>\n<p><span style=\"font-size: large;\">Fred SICART (batterie)<\/span><\/p>\n<p>&nbsp;<\/p>\n<p><span style=\"font-size: large;\">Special Guest :\u00a0MARC BERHOUMIEUX (accord\u00e9on)\u00a0<\/span><\/p>\n<p>&nbsp;<\/p>\n<p><img loading=\"lazy\" decoding=\"async\" class=\"aligncenter size-full wp-image-466\" alt=\"new morning pub\" src=\"https:\/\/www.marcberthoumieux.com\/blog\/wp-content\/uploads\/2013\/09\/new-morning-pub.jpg\" width=\"673\" height=\"412\" srcset=\"https:\/\/www.marcberthoumieux.com\/blog\/wp-content\/uploads\/2013\/09\/new-morning-pub.jpg 673w, https:\/\/www.marcberthoumieux.com\/blog\/wp-content\/uploads\/2013\/09\/new-morning-pub-300x184.jpg 300w\" sizes=\"auto, (max-width: 673px) 100vw, 673px\" \/><\/p>\n<p><span style=\"font-size: medium;\">\u00a0<\/span><\/p>\n<p><span style=\"font-size: medium;\"><b>Pr\u00e9sence de l\u2019artiste plasticien Vincent Fonf pour cet \u00e9v\u00e8nement<\/b>\u00a0\u2013 Peinture live de la performance musicale<\/span><\/p>\n<p>\u00a0<a href=\"http:\/\/petitjournalmontparnasse.com\/concert\/bossajazz-for-ever-manu-le-prince-invite-laccordeoniste-marc-berthoumieux\/\" rel=\"attachment wp-att-878\"><img loading=\"lazy\" decoding=\"async\" class=\"aligncenter size-full wp-image-878\" alt=\"INFOS ET RESA ICI def\" src=\"https:\/\/www.marcberthoumieux.com\/blog\/wp-content\/uploads\/2014\/02\/INFOS-ET-RESA-ICI-def.png\" width=\"229\" height=\"43\" \/><\/a><\/p>\n<p><a href=\"https:\/\/www.marcberthoumieux.com\/blog\/en-invite-de-manu-le-prince-au-petit-journal-montparnasse-le-5-avril-2014\/mlp-visuel-web-carre\/\" rel=\"attachment wp-att-868\"><img loading=\"lazy\" decoding=\"async\" class=\"aligncenter size-full wp-image-868\" alt=\"MLP Visuel web carr\u00e9\" src=\"https:\/\/www.marcberthoumieux.com\/blog\/wp-content\/uploads\/2014\/02\/MLP-Visuel-web-carr\u00e9.jpg\" width=\"600\" height=\"600\" srcset=\"https:\/\/www.marcberthoumieux.com\/blog\/wp-content\/uploads\/2014\/02\/MLP-Visuel-web-carr\u00e9.jpg 600w, https:\/\/www.marcberthoumieux.com\/blog\/wp-content\/uploads\/2014\/02\/MLP-Visuel-web-carr\u00e9-150x150.jpg 150w, https:\/\/www.marcberthoumieux.com\/blog\/wp-content\/uploads\/2014\/02\/MLP-Visuel-web-carr\u00e9-300x300.jpg 300w\" sizes=\"auto, (max-width: 600px) 100vw, 600px\" \/><\/a><\/p>\n<p>&nbsp;<\/p>\n<p><a href=\"http:\/\/www.souslaville.com\/manu-le-prince.html\" rel=\"attachment wp-att-879\"><img loading=\"lazy\" decoding=\"async\" class=\"aligncenter size-full wp-image-879\" alt=\"VOIR LA VID\u00c9O ICI def\" src=\"https:\/\/www.marcberthoumieux.com\/blog\/wp-content\/uploads\/2014\/02\/VOIR-LA-VID\u00c9O-ICI-def.png\" width=\"229\" height=\"43\" \/><\/a><\/p>\n","protected":false},"excerpt":{"rendered":"<p>En invit\u00e9 de Manu le Prince au Petit Journal Montparnasse le 5 avril 2014 \u00e0 21H30 pour la pr\u00e9sentation de son dernier album\u00a0 BOSSAJAZZ FOR EVER \u2013 MANU LE PRINCE INVITE L\u2019ACCORDEONISTE MARC BERTHOUMIEUX \u00a0 Fian\u00e7ailles entre jazz bossa. De sa belle voix , fluide et chaude, capable de descendre dans les graves, la chanteuse [&hellip;]<\/p>\n","protected":false},"author":1,"featured_media":868,"comment_status":"closed","ping_status":"open","sticky":false,"template":"","format":"standard","meta":{"footnotes":""},"categories":[3],"tags":[142,51],"class_list":["post-867","post","type-post","status-publish","format-standard","has-post-thumbnail","hentry","category-01-concerts","tag-01-concerts","tag-manu-le-prince"],"_links":{"self":[{"href":"https:\/\/www.marcberthoumieux.com\/blog\/wp-json\/wp\/v2\/posts\/867","targetHints":{"allow":["GET"]}}],"collection":[{"href":"https:\/\/www.marcberthoumieux.com\/blog\/wp-json\/wp\/v2\/posts"}],"about":[{"href":"https:\/\/www.marcberthoumieux.com\/blog\/wp-json\/wp\/v2\/types\/post"}],"author":[{"embeddable":true,"href":"https:\/\/www.marcberthoumieux.com\/blog\/wp-json\/wp\/v2\/users\/1"}],"replies":[{"embeddable":true,"href":"https:\/\/www.marcberthoumieux.com\/blog\/wp-json\/wp\/v2\/comments?post=867"}],"version-history":[{"count":11,"href":"https:\/\/www.marcberthoumieux.com\/blog\/wp-json\/wp\/v2\/posts\/867\/revisions"}],"predecessor-version":[{"id":3851,"href":"https:\/\/www.marcberthoumieux.com\/blog\/wp-json\/wp\/v2\/posts\/867\/revisions\/3851"}],"wp:featuredmedia":[{"embeddable":true,"href":"https:\/\/www.marcberthoumieux.com\/blog\/wp-json\/wp\/v2\/media\/868"}],"wp:attachment":[{"href":"https:\/\/www.marcberthoumieux.com\/blog\/wp-json\/wp\/v2\/media?parent=867"}],"wp:term":[{"taxonomy":"category","embeddable":true,"href":"https:\/\/www.marcberthoumieux.com\/blog\/wp-json\/wp\/v2\/categories?post=867"},{"taxonomy":"post_tag","embeddable":true,"href":"https:\/\/www.marcberthoumieux.com\/blog\/wp-json\/wp\/v2\/tags?post=867"}],"curies":[{"name":"wp","href":"https:\/\/api.w.org\/{rel}","templated":true}]}}