{"id":887,"date":"2014-07-31T18:39:31","date_gmt":"2014-07-31T16:39:31","guid":{"rendered":"http:\/\/www.marcberthoumieux.com\/blog\/?p=887"},"modified":"2021-08-13T00:56:41","modified_gmt":"2021-08-12T22:56:41","slug":"en-duo-avec-louis-winsberg-au-festival-guitarlade-a-hendaye","status":"publish","type":"post","link":"https:\/\/www.marcberthoumieux.com\/blog\/en-duo-avec-louis-winsberg-au-festival-guitarlade-a-hendaye\/","title":{"rendered":"En DUO avec Louis WINSBERG au Festival Guitaralde \u00e0 Hendaye le 31 juillet 2014"},"content":{"rendered":"<p style=\"text-align: center;\"><strong>FESTIVAL DE GUITARE \u00ab\u00a0GUITARALDE\u00a0\u00bb<\/strong><br \/>\n<strong> DUO Louis WINSBERG et Marc BERTHOUMIEUX<\/strong><br \/>\n<strong> Jeudi 31 juillet 2014 \u00e0 20h30<\/strong><\/p>\n<p>Jean Marie Ecay a toujours voulu s\u2019investir et participer au d\u00e9veloppement culturel de sa r\u00e9gion natale le Pays Basque .<br \/>\nIl a donc cr\u00e9\u00e9 un festival de guitare \u00e0 Hendaye, en collaboration avec David Gallet du service culturel et la participation de la ville de Hendaye. JME a invent\u00e9 le nom du festival \u00ab\u00a0Guitaralde\u00a0\u00bb (qui veut dire \u00ab\u00a0Du cot\u00e9 de la guitare\u00a0\u00bb) et ce gr\u00e2ce aux cours de langue basque qu\u2019il prend depuis des ann\u00e9es.<br \/>\nCe nom commence \u00e0 \u00eatre bien ancr\u00e9 dans le vocabulaire des gens de la r\u00e9gion comme un \u00e9v\u00e9nement incontournable. La troisi\u00e8me \u00e9dition de ce festival qui se d\u00e9roule sur trois jours : Les 30, 31 juillet et 1er Aout 2014.<\/p>\n<p style=\"text-align: center;\"><span style=\"color: #ff0000;\"><a title=\"Louis Winsberg \u2013 Marc Berthoumieux DUO Hendaye 2014 [Photos]\" href=\"https:\/\/www.marcberthoumieux.com\/blog\/louis-winsberg-marc-berthoumieux-duo-hendaye-2014-photos\/\"><span style=\"color: #ff0000;\"><strong>LES PHOTOS DU CONCERT ICI<\/strong><\/span><\/a><\/span><\/p>\n<p><span style=\"color: #cc0033;\"><strong><a href=\"https:\/\/www.marcberthoumieux.com\/blog\/en-duo-avec-louis-winsberg-au-festival-guitarlade-a-hendaye\/marc-louis\/\" rel=\"attachment wp-att-890\"><img loading=\"lazy\" decoding=\"async\" class=\"aligncenter wp-image-890\" src=\"https:\/\/www.marcberthoumieux.com\/blog\/wp-content\/uploads\/2014\/02\/marc-louis.png\" alt=\"marc-louis\" width=\"650\" height=\"399\" srcset=\"https:\/\/www.marcberthoumieux.com\/blog\/wp-content\/uploads\/2014\/02\/marc-louis.png 735w, https:\/\/www.marcberthoumieux.com\/blog\/wp-content\/uploads\/2014\/02\/marc-louis-300x184.png 300w\" sizes=\"auto, (max-width: 650px) 100vw, 650px\" \/><\/a><\/strong><\/span><\/p>\n<p style=\"color: #000000;\"><strong>LOUIS WINSBERG &amp;\u00a0MARC BERTHOUMIEUX<\/strong><\/p>\n<p style=\"color: #000000;\"><span style=\"color: #888888;\">Guitare et accord\u00e9on<\/span><\/p>\n<p style=\"color: #000000;\" align=\"JUSTIFY\"><span style=\"color: #272627;\"><b>\u00a0\u00bb En point d\u2019orgue du festival de Guitare :<\/b><\/span><span style=\"color: #272627;\">\u00a0deux grands musiciens de la sc\u00e8ne internationale et un duo Guitare-Accord\u00e9on des plus fameux !<\/span><\/p>\n<p style=\"color: #000000;\" align=\"JUSTIFY\"><span style=\"color: #272627;\"><b>Louis Winsberg\u00a0<\/b><\/span><span style=\"color: #272627;\">et\u00a0<\/span><span style=\"color: #272627;\"><b>Marc Berthoumieux\u00a0<\/b><\/span><span style=\"color: #272627;\">se connaissent depuis plus de vingt ans.<\/span><\/p>\n<p style=\"color: #000000;\" align=\"JUSTIFY\"><span style=\"color: #272627;\">Le premier a fait confiance au second d\u00e8s son arriv\u00e9e \u00e0 Paris en l\u2019invitant dans son album \u00ab\u00a0<\/span><span style=\"color: #272627;\"><b>Camino<\/b><\/span><span style=\"color: #272627;\">\u00a0\u00bb (1991). Ce fut le d\u00e9but d\u2019une belle amiti\u00e9 et d\u2019une complicit\u00e9 qui durent encore aujourd\u2019hui. Quelques ann\u00e9es plus tard, Marc Berthoumieux produira l\u2019album \u00ab\u00a0<\/span><span style=\"color: #272627;\"><b>La Danse du Vent<\/b><\/span><span style=\"color: #272627;\">\u00a0\u00bb (1997) de Louis Winsberg et l\u2019invitera dans ces propres albums : \u00ab\u00a0<\/span><span style=\"color: #272627;\"><b>Les Couleurs d\u2019ici\u00a0<\/b><\/span><span style=\"color: #272627;\">(1998),\u00a0<\/span><span style=\"color: #272627;\"><b>Jazz No Jazz, Volume 1 et Volume 2<\/b><\/span><span style=\"color: #272627;\">\u00a0\u00bb (2004).<\/span><\/p>\n<p style=\"color: #000000;\" align=\"JUSTIFY\"><span style=\"color: #272627;\">Gr\u00e2ce \u00e0 ces projets et bien d\u2019autres port\u00e9s sur sc\u00e8ne \u00e0 travers de nombreux concerts (pas moins de 300 !), les deux complices se retrouvent r\u00e9guli\u00e8rement, comme par exemple derni\u00e8rement avec\u00a0<\/span><span style=\"color: #272627;\"><b>Dee Dee Bridgewater, Youn Sun Nah, Maurane\u00a0<\/b><\/span><span style=\"color: #272627;\">ou tout simplement en\u00a0<\/span><span style=\"color: #272627;\"><b>DUO \u00ab\u00a0<\/b><\/span><\/p>\n<p class=\"western\" style=\"color: #000000;\" align=\"RIGHT\"><a style=\"color: #dd901c !important;\" title=\"Site de Louis Winsberg\" href=\"http:\/\/www.louis.winsberg.com\/\" target=\"_blank\" rel=\"noopener noreferrer\"><span style=\"color: #000080;\"><span class=\"western\">www.louis.winsberg.com<\/span><\/span><\/a><\/p>\n<p><span style=\"color: #cc0033;\"><strong> <a href=\"https:\/\/www.marcberthoumieux.com\/blog\/en-duo-avec-louis-winsberg-au-festival-guitarlade-a-hendaye\/marc-louis-12\/\" rel=\"attachment wp-att-891\"><img loading=\"lazy\" decoding=\"async\" class=\"aligncenter wp-image-891\" src=\"https:\/\/www.marcberthoumieux.com\/blog\/wp-content\/uploads\/2014\/02\/marc-louis-12.png\" alt=\"marc-louis-12\" width=\"650\" height=\"432\" srcset=\"https:\/\/www.marcberthoumieux.com\/blog\/wp-content\/uploads\/2014\/02\/marc-louis-12.png 740w, https:\/\/www.marcberthoumieux.com\/blog\/wp-content\/uploads\/2014\/02\/marc-louis-12-300x199.png 300w, https:\/\/www.marcberthoumieux.com\/blog\/wp-content\/uploads\/2014\/02\/marc-louis-12-730x485.png 730w\" sizes=\"auto, (max-width: 650px) 100vw, 650px\" \/><\/a><br \/>\n<\/strong><\/span><\/p>\n<p>Pendant ces trois jours, de nombreux autres concerts, des \u00ab\u00a0guitare-after\u00a0\u00bb, des \u00ab\u00a0guitare-apero\u00a0\u00bb, un master class, auront \u00e9galement lieu.<br \/>\nL\u2019id\u00e9e \u00e9tant que Hendaye soit dans un flot continue de \u00ab\u00a0notes de guitares\u00a0\u00bb venues de tous horizons&#8230;<\/p>\n<p style=\"text-align: center;\"><a href=\"http:\/\/guitaralde.hendaye.com\/3107-2\/\" target=\"_blank\" rel=\"noopener noreferrer\">TOUTES LES INFOS ICI<\/a><\/p>\n","protected":false},"excerpt":{"rendered":"<p>FESTIVAL DE GUITARE \u00ab\u00a0GUITARALDE\u00a0\u00bb<br \/>\nDUO Louis WINSBERG et Marc BERTHOUMIEUX<br \/>\nJeudi 31 juillet 2014 \u00e0 20h30<br \/>\nLe concert phare sera le DUO du guitariste Louis WINSBERG avec l\u2019accord\u00e9oniste Marc BERTHOUMIEUX le jeudi 31 juillet dans un site exceptionnel \u00ab Le Ch\u00e2teau d\u2019Abadie \u00bb<\/p>\n","protected":false},"author":1,"featured_media":891,"comment_status":"closed","ping_status":"open","sticky":false,"template":"","format":"standard","meta":{"footnotes":""},"categories":[3,23],"tags":[142,10],"class_list":["post-887","post","type-post","status-publish","format-standard","has-post-thumbnail","hentry","category-01-concerts","category-06-rencontre-artistique","tag-01-concerts","tag-louis-winsberg"],"_links":{"self":[{"href":"https:\/\/www.marcberthoumieux.com\/blog\/wp-json\/wp\/v2\/posts\/887","targetHints":{"allow":["GET"]}}],"collection":[{"href":"https:\/\/www.marcberthoumieux.com\/blog\/wp-json\/wp\/v2\/posts"}],"about":[{"href":"https:\/\/www.marcberthoumieux.com\/blog\/wp-json\/wp\/v2\/types\/post"}],"author":[{"embeddable":true,"href":"https:\/\/www.marcberthoumieux.com\/blog\/wp-json\/wp\/v2\/users\/1"}],"replies":[{"embeddable":true,"href":"https:\/\/www.marcberthoumieux.com\/blog\/wp-json\/wp\/v2\/comments?post=887"}],"version-history":[{"count":20,"href":"https:\/\/www.marcberthoumieux.com\/blog\/wp-json\/wp\/v2\/posts\/887\/revisions"}],"predecessor-version":[{"id":4404,"href":"https:\/\/www.marcberthoumieux.com\/blog\/wp-json\/wp\/v2\/posts\/887\/revisions\/4404"}],"wp:featuredmedia":[{"embeddable":true,"href":"https:\/\/www.marcberthoumieux.com\/blog\/wp-json\/wp\/v2\/media\/891"}],"wp:attachment":[{"href":"https:\/\/www.marcberthoumieux.com\/blog\/wp-json\/wp\/v2\/media?parent=887"}],"wp:term":[{"taxonomy":"category","embeddable":true,"href":"https:\/\/www.marcberthoumieux.com\/blog\/wp-json\/wp\/v2\/categories?post=887"},{"taxonomy":"post_tag","embeddable":true,"href":"https:\/\/www.marcberthoumieux.com\/blog\/wp-json\/wp\/v2\/tags?post=887"}],"curies":[{"name":"wp","href":"https:\/\/api.w.org\/{rel}","templated":true}]}}